{"id":10915,"date":"2014-09-06T13:49:59","date_gmt":"2014-09-06T17:49:59","guid":{"rendered":"http:\/\/www.lecarrefourdesopinions.ca\/?p=10915"},"modified":"2014-09-06T13:49:59","modified_gmt":"2014-09-06T17:49:59","slug":"renier-sa-religion-pour-en-arriver-la","status":"publish","type":"post","link":"https:\/\/www.lecarrefourdesopinions.ca\/?p=10915","title":{"rendered":"Renier sa Religion, pour en arriver l\u00e0."},"content":{"rendered":"<p align=\"CENTER\"><span style=\"color: #000099;\"><span style=\"font-size: x-large;\"><em>Renier sa Religion, pour en arriver l\u00e0.<\/em><\/span><\/span><\/p>\n<p align=\"CENTER\">\n<p align=\"CENTER\"><span style=\"color: #000099;\"><span style=\"font-size: x-large;\"><strong>====<\/strong><\/span><\/span><\/p>\n<p>&nbsp;<\/p>\n<p lang=\"\" align=\"JUSTIFY\">\n<p align=\"JUSTIFY\"><span style=\"color: #632423;\"><span style=\"font-family: 'Comic Sans MS', cursive;\"><span style=\"font-size: large;\">A manger des raisins verts, comment a-t-on les dents, sans compter le risque qu\u2019on y gagne des oreilles comme des yeux de statue.<\/span><\/span><\/span><\/p>\n<p align=\"JUSTIFY\"><img loading=\"lazy\" decoding=\"async\" class=\"alignleft size-thumbnail wp-image-10919\" title=\"Eric\" src=\"http:\/\/www.lecarrefourdesopinions.ca\/wp-content\/uploads\/2014\/09\/Eric-134x107.jpg\" alt=\"\" width=\"134\" height=\"107\" \/><\/p>\n<p align=\"JUSTIFY\"><span style=\"color: #632423;\"><span style=\"font-family: 'Comic Sans MS', cursive;\"><span style=\"font-size: large;\">\u00c9ric E.G. NOGARD<\/span><\/span><\/span><\/p>\n<p align=\"JUSTIFY\"><span style=\"color: #c00000;\"><span style=\"font-size: large;\"><em>Le petit Chroniqueur<\/em><\/span><\/span><span style=\"color: #c00000;\"><span style=\"font-size: large;\">.<\/span><\/span><\/p>\n<p align=\"JUSTIFY\">\n<p align=\"CENTER\"><span style=\"font-size: large;\">*** *** ***<\/span><\/p>\n<p align=\"JUSTIFY\">\n<p align=\"CENTER\"><img loading=\"lazy\" decoding=\"async\" class=\"aligncenter size-full wp-image-10916\" title=\"F1\" src=\"http:\/\/www.lecarrefourdesopinions.ca\/wp-content\/uploads\/2014\/09\/F1.jpg\" alt=\"\" width=\"237\" height=\"161\" \/><span style=\"font-size: 13px;\">\u00a0<\/span><\/p>\n<p align=\"CENTER\"><span style=\"font-size: large;\"><strong>F1\u00a0:<\/strong><\/span><span style=\"color: #c00000;\"><span style=\"font-family: Arial, sans-serif;\"><span style=\"font-size: large;\"><em>The time when we were happy living anywhere in France<\/em><\/span><\/span><\/span><span style=\"color: #c00000;\"><span style=\"font-size: large;\">.<\/span><\/span><\/p>\n<p lang=\"en-US\">\n<p align=\"JUSTIFY\"><span style=\"font-family: 'Comic Sans MS', cursive;\"><span style=\"font-size: large;\">Que le Ciel nous tombe \u00e0 l\u2019instant sur la t\u00eate si jamais nous avons pu imaginer la France, si belle, si noble, \u00e0 ce point r\u00e9duite \u00e0 l\u2019impuissance, quelle s\u2019en trouve amen\u00e9e \u00e0 recourir \u00e0 la bienveillante m\u00e9diation de tant de Chefs Religieux \u00c9trangers \u2013 bien que ses H\u00f4tes \u2013 pour maintenir la Paix sur Son Propre Sol<\/span><\/span><span style=\"font-size: large;\">.<\/span><\/p>\n<p style=\"text-align: center;\" align=\"JUSTIFY\"><img loading=\"lazy\" decoding=\"async\" class=\"aligncenter size-full wp-image-10917\" title=\"F2\" src=\"http:\/\/www.lecarrefourdesopinions.ca\/wp-content\/uploads\/2014\/09\/F2.jpg\" alt=\"\" width=\"230\" height=\"124\" \/><span style=\"font-size: 13px;\">\u00a0<\/span><\/p>\n<p align=\"JUSTIFY\"><span style=\"font-size: large;\"><strong>F2\u00a0:<\/strong><\/span><span style=\"color: #c00000;\"><span style=\"font-family: Arial, sans-serif;\"><span style=\"font-size: large;\"><em>French Republican Crisis Major staff \u00ab\u00a0<\/em><\/span><\/span><\/span><span style=\"color: #c00000;\"><span style=\"font-size: large;\"><em>Les yeux dans les yeux<\/em><\/span><\/span><span style=\"color: #c00000;\"><span style=\"font-family: Arial, sans-serif;\"><span style=\"font-size: large;\"><em>\u00a0\u00bb\u00a0! We should say<\/em><\/span><\/span><\/span><span style=\"font-size: large;\">.<\/span><\/p>\n<p align=\"JUSTIFY\"><span style=\"font-size: large;\">Il \u00e9tait donc bien intelligent d\u2019\u00e9vincer notre Religion Nationale de Tout Droit de Cit\u00e9 par une pr\u00e9tendue S\u00e9paration de l\u2019\u00c9glise et de l\u2019\u00c9tat (III<\/span><sup><span style=\"font-size: large;\">\u00e8me<\/span><\/sup><span style=\"font-size: large;\"> R\u00e9p. 1905), quand il a fallu toute la Sagacit\u00e9 de Napol\u00e9on BONAPARTE, alors Premier Consul, pour la R\u00e9tablir en sa Qualit\u00e9 de Corps \u00e0 part enti\u00e8re de l\u2019\u00c9tat, par le Concordat de 1801.<\/span><\/p>\n<p align=\"JUSTIFY\">\n<p align=\"JUSTIFY\">\n<p align=\"JUSTIFY\"><span style=\"font-size: large;\">Que le Ciel nous tombe aussit\u00f4t sur la t\u00eate s\u2019il se trouve un seul Historien surtout de ceux que nous en produisons actuellement, pour nous apprendre quel Pays de la Terre Enti\u00e8re pourrait revendiquer ce pr\u00e9c\u00e9dent, ou qui n\u2019en serait Confus de Honte sous l\u2019\u0153il de l\u2019Univers, s\u2019il en avait \u00e9t\u00e9 l\u2019auteur.<\/span><\/p>\n<p align=\"JUSTIFY\">\n<p align=\"JUSTIFY\">\n<p align=\"JUSTIFY\"><span style=\"font-size: large;\">\u00c9vincer sa propre Religion selon la volont\u00e9 de qui, pour en appeler \u00e0 toutes les autres pour r\u00e9duire au calme une \u00e9meute, rien de plus ou quoi d\u2019autre.<\/span><\/p>\n<p align=\"JUSTIFY\">\n<p align=\"JUSTIFY\"><span style=\"font-size: large;\">Voil\u00e0 o\u00f9 nous en sommes, voil\u00e0 ce que vaut notre V<\/span><sup><span style=\"font-size: large;\">\u00e8me<\/span><\/sup><span style=\"font-size: large;\"> R\u00e9publique sous la F\u00e9rule des Animateurs Occultes de ses Dirigeants, pour ne pas dire de nos Polichinelle.<\/span><\/p>\n<p align=\"JUSTIFY\">\n<p align=\"JUSTIFY\">\n<p align=\"CENTER\"><img loading=\"lazy\" decoding=\"async\" class=\"aligncenter size-full wp-image-10918\" title=\"F3\" src=\"http:\/\/www.lecarrefourdesopinions.ca\/wp-content\/uploads\/2014\/09\/F3.jpg\" alt=\"\" width=\"166\" height=\"92\" \/><\/p>\n<p style=\"text-align: center;\"><img loading=\"lazy\" decoding=\"async\" class=\"aligncenter size-full wp-image-10921\" title=\"F4\" src=\"http:\/\/www.lecarrefourdesopinions.ca\/wp-content\/uploads\/2014\/09\/F4.jpg\" alt=\"\" width=\"201\" height=\"300\" \/><img loading=\"lazy\" decoding=\"async\" class=\"aligncenter size-full wp-image-10922\" title=\"F5\" src=\"http:\/\/www.lecarrefourdesopinions.ca\/wp-content\/uploads\/2014\/09\/F5.jpg\" alt=\"\" width=\"166\" height=\"92\" \/><\/p>\n<p align=\"CENTER\"><span style=\"font-size: large;\"><strong>F3\u00a0:<\/strong><\/span><span style=\"color: #c00000;\"><span style=\"font-family: Arial, sans-serif;\"><span style=\"font-size: large;\"><em>Barb\u00e8s, Peaceful Street in Paris. A good place to live, of course<\/em><\/span><\/span><\/span><span style=\"color: #c00000;\"><span style=\"font-size: large;\">.<\/span><\/span><\/p>\n<p lang=\"en-US\" align=\"CENTER\">\n<p align=\"JUSTIFY\">\n<p align=\"JUSTIFY\"><span style=\"font-size: large;\">O France\u00a0! Ne serais-tu pas en perdition, faute par tes Enfants de distinguer entre une R\u00e9publique ou Boiteuse, ou Vici\u00e9e, ou Vicieuse\u2026 et Toi, si Belle, si Aimable, si Enviable, O Toi, le Refuge du Monde, pour combien de temps encore.<\/span><\/p>\n<p align=\"JUSTIFY\">\n<p align=\"JUSTIFY\">\n<p align=\"JUSTIFY\"><span style=\"font-family: 'Comic Sans MS', cursive;\"><span style=\"font-size: large;\">2014 n\u2019aura pas \u00e9t\u00e9 une Ann\u00e9e Faste pour la France.<\/span><\/span><\/p>\n<p align=\"JUSTIFY\">\n<p align=\"JUSTIFY\"><span style=\"font-family: 'Comic Sans MS', cursive;\"><span style=\"font-size: large;\">Si Elle ne se ressaisit de cette Chute Historique si longtemps escompt\u00e9e, par le Fanatisme Aveugle de ses Id\u00e9ologues trop enclins aux lubies, trop Sujets aux Complexes et trop assoiff\u00e9s qu\u2019ils sont d\u2019un Eldorado, d\u2019une terre Promise, quand de tous les Horizons il en vient\u2026 il en vient chaque jour, pour chercher refuge en France, au P\u00e9ril de leur vie.<\/span><\/span><\/p>\n<p align=\"JUSTIFY\">\n<p align=\"JUSTIFY\">\n<p align=\"JUSTIFY\"><span style=\"font-family: 'Comic Sans MS', cursive;\"><span style=\"font-size: large;\">C\u2019est \u00e0 n\u2019y rien comprendre<\/span><\/span><span style=\"font-size: large;\">, <\/span><span style=\"font-family: 'Comic Sans MS', cursive;\"><span style=\"font-size: large;\">Ces<\/span><\/span><span style=\"font-family: Arial, sans-serif;\"><span style=\"font-size: large;\"><em>Frenchies<\/em><\/span><\/span><span style=\"font-family: 'Comic Sans MS', cursive;\"><span style=\"font-size: large;\">ne laissent pas de surprendre.<\/span><\/span><\/p>\n<p align=\"JUSTIFY\">\n<p align=\"JUSTIFY\"><span style=\"font-family: 'Comic Sans MS', cursive;\"><span style=\"font-size: large;\">Seraient-ils devenus aussi aveugles et aussi sourds qu\u2019une statue <\/span><\/span><span style=\"font-family: Arial, sans-serif;\"><span style=\"font-size: large;\"><em>or as a photo in a frame\u2026 on the wall<\/em><\/span><\/span><span style=\"font-size: large;\">.<\/span><\/p>\n<p align=\"JUSTIFY\">\n<p align=\"JUSTIFY\"><span style=\"font-family: 'Comic Sans MS', cursive;\"><span style=\"font-size: large;\">Quelle Cousine Ts\u00e9-Ts\u00e9 a bien pu les piquer.<\/span><\/span><\/p>\n<p align=\"JUSTIFY\">\n<p align=\"JUSTIFY\"><span style=\"font-family: 'Comic Sans MS', cursive;\"><span style=\"font-size: large;\">Renier sa propre Religion pour en arriver l\u00e0<\/span><\/span><span style=\"font-size: large;\">.<\/span><\/p>\n<p align=\"CENTER\"><span style=\"font-size: large;\">*** *** ***<\/span><\/p>\n<p align=\"CENTER\">\n<p align=\"JUSTIFY\">\n<p align=\"JUSTIFY\"><span style=\"font-size: large;\"><strong>N.B.:<\/strong><\/span><span style=\"font-size: large;\"> &#8211; <\/span><span style=\"color: #c00000;\"><span style=\"font-family: 'Comic Sans MS', cursive;\"><span style=\"font-size: large;\">Nous Recommandons instamment et syst\u00e9matiquement l\u2019ouverture de la (ou des) pi\u00e8ce(s) jointe(s) \u00e0 l\u2019e-mail, sous format Pdf, les illustrations y sont incluses.<\/span><\/span><\/span><\/p>\n<p align=\"JUSTIFY\"><span style=\"font-size: 13px;\">\u00a0<\/span><\/p>\n<p lang=\"en-US\" align=\"CENTER\"><span style=\"font-size: large;\"><strong>*** *** ***<\/strong><\/span><\/p>\n<p lang=\"en-US\" align=\"JUSTIFY\">\n<p align=\"CENTER\"><span style=\"color: #800000;\"><strong>Avis de vente de M\u00e9moire.<\/strong><\/span><\/p>\n<p align=\"JUSTIFY\"><span style=\"color: #800000;\"><strong>\u00a0<\/strong><\/span><\/p>\n<p align=\"JUSTIFY\"><span style=\"color: #800000;\"><strong>\u00a0<\/strong><\/span><\/p>\n<p align=\"JUSTIFY\"><span style=\"color: #800000;\"><strong><span style=\"font-family: Arial, sans-serif;\">Demandez le M\u00e9moire de \u00ab\u00a0<\/span><span style=\"font-family: Arial, sans-serif;\"><em>Martinique Province Fran\u00e7aise d\u2019Am\u00e9rique<\/em><\/span><span style=\"font-family: Arial, sans-serif;\">\u00a0\u00bb au Front National Fran\u00e7ais.<\/span><\/strong><\/span><\/p>\n<p align=\"JUSTIFY\"><span style=\"color: #800000;\"><strong>\u00a0<\/strong><\/span><\/p>\n<p align=\"JUSTIFY\"><span style=\"color: #800000;\"><strong><span style=\"font-family: Arial, sans-serif;\">Eu \u00e9gard \u00e0 l\u2019Ind\u00e9pendance et \u00e0 la Justesse de son analyse, il vaut pour tout Parti du Spectre Politique Fran\u00e7ais<\/span>.<\/strong><\/span><\/p>\n<p align=\"JUSTIFY\"><span style=\"color: #800000;\"><strong>\u00a0<\/strong><\/span><\/p>\n<p align=\"JUSTIFY\"><span style=\"color: #800000;\"><strong>Il est au prix de Vingt Cinq Euros Net (25,00 \u20acuros Net). Port gratuit par courrier postal ordinaire. Port forfaitaire de 7,50 \u20acuros par courrier recommand\u00e9 suivi. R\u00e8glement par tout moyen de paiement \u00e0 l\u2019ordre d\u2019\u00c9ric E.G. NOGARD.<\/strong><\/span><\/p>\n<p align=\"JUSTIFY\"><span style=\"color: #800000;\"><strong>\u00a0<\/strong><\/span><\/p>\n<p align=\"JUSTIFY\"><span style=\"color: #800000;\"><strong>\u00a0<\/strong><\/span><\/p>\n<p align=\"CENTER\"><span style=\"color: #800000;\"><strong>Ne Peut \u00eatre reproduit &#8211; m\u00eame partiellement &#8211; sans l\u2019autorisation de l\u2019Auteur.<\/strong><\/span><\/p>\n<script type=\"text\/javascript\">\n\nvar addthis_config = {\"data_track_clickback\":false,\"data_track_addressbar\":false,\"data_track_textcopy\":false};\n<\/script><script type=\"text\/javascript\" src=\"\/\/s7.addthis.com\/js\/250\/addthis_widget.js#pubid=f084fdfbcefba74c78dfad3bbc873ffd\"><\/script>","protected":false},"excerpt":{"rendered":"<p align=\"CENTER\"><span style=\"color: #000099;\"><span style=\"font-size: x-large;\">Renier sa Religion, pour en arriver l\u00e0.<\/span><\/span><\/p>\n<p align=\"CENTER\">\n<p align=\"CENTER\"><span style=\"color: #000099;\"><span style=\"font-size: x-large;\">====<\/span><\/span><\/p>\n<p>&nbsp;<\/p>\n<p lang=\"\" align=\"JUSTIFY\">\n<p align=\"JUSTIFY\"><span style=\"color: #632423;\"><span style=\"font-family: 'Comic Sans MS', cursive;\"><span style=\"font-size: large;\">A manger des raisins verts, comment a-t-on les dents, sans compter le risque qu\u2019on y gagne des oreilles comme des yeux de statue.<\/span><\/span><\/span><\/p>\n<p align=\"JUSTIFY\">\n<p align=\"JUSTIFY\"><span style=\"color: #632423;\"><span style=\"font-family: 'Comic Sans MS', cursive;\"><span style=\"font-size: large;\">\u00c9ric E.G. NOGARD<\/span><\/span><\/span><\/p>\n<p align=\"JUSTIFY\"><span style=\"color: #c00000;\"><span style=\"font-size: large;\">Le petit <\/span><\/span>&hellip;<\/p>\n","protected":false},"author":1,"featured_media":0,"comment_status":"open","ping_status":"open","sticky":false,"template":"","format":"standard","meta":{"footnotes":""},"categories":[1],"tags":[],"class_list":["post-10915","post","type-post","status-publish","format-standard","hentry","category-accueil"],"_links":{"self":[{"href":"https:\/\/www.lecarrefourdesopinions.ca\/index.php?rest_route=\/wp\/v2\/posts\/10915","targetHints":{"allow":["GET"]}}],"collection":[{"href":"https:\/\/www.lecarrefourdesopinions.ca\/index.php?rest_route=\/wp\/v2\/posts"}],"about":[{"href":"https:\/\/www.lecarrefourdesopinions.ca\/index.php?rest_route=\/wp\/v2\/types\/post"}],"author":[{"embeddable":true,"href":"https:\/\/www.lecarrefourdesopinions.ca\/index.php?rest_route=\/wp\/v2\/users\/1"}],"replies":[{"embeddable":true,"href":"https:\/\/www.lecarrefourdesopinions.ca\/index.php?rest_route=%2Fwp%2Fv2%2Fcomments&post=10915"}],"version-history":[{"count":3,"href":"https:\/\/www.lecarrefourdesopinions.ca\/index.php?rest_route=\/wp\/v2\/posts\/10915\/revisions"}],"predecessor-version":[{"id":10938,"href":"https:\/\/www.lecarrefourdesopinions.ca\/index.php?rest_route=\/wp\/v2\/posts\/10915\/revisions\/10938"}],"wp:attachment":[{"href":"https:\/\/www.lecarrefourdesopinions.ca\/index.php?rest_route=%2Fwp%2Fv2%2Fmedia&parent=10915"}],"wp:term":[{"taxonomy":"category","embeddable":true,"href":"https:\/\/www.lecarrefourdesopinions.ca\/index.php?rest_route=%2Fwp%2Fv2%2Fcategories&post=10915"},{"taxonomy":"post_tag","embeddable":true,"href":"https:\/\/www.lecarrefourdesopinions.ca\/index.php?rest_route=%2Fwp%2Fv2%2Ftags&post=10915"}],"curies":[{"name":"wp","href":"https:\/\/api.w.org\/{rel}","templated":true}]}}