{"id":10902,"date":"2014-09-06T13:47:40","date_gmt":"2014-09-06T17:47:40","guid":{"rendered":"http:\/\/www.lecarrefourdesopinions.ca\/?p=10902"},"modified":"2014-09-06T13:47:40","modified_gmt":"2014-09-06T17:47:40","slug":"observatoire-comite-vietnam","status":"publish","type":"post","link":"https:\/\/www.lecarrefourdesopinions.ca\/?p=10902","title":{"rendered":"Observatoire &#038; Comit\u00e9 Vietnam"},"content":{"rendered":"<p><img loading=\"lazy\" decoding=\"async\" class=\"alignleft size-full wp-image-10248\" title=\"photo Tho 2\" src=\"http:\/\/www.lecarrefourdesopinions.ca\/wp-content\/uploads\/2013\/10\/photo-Tho-2.jpg\" alt=\"\" width=\"77\" height=\"91\" \/><\/p>\n<p>&nbsp;<\/p>\n<p>\u00a0<span style=\"color: #800000;\"><em>Envoy\u00e9 par Lam Cham Tho<\/em><\/span><\/p>\n<p><strong>PARIS-GEN\u00c8VE, 25 ao\u00fbt 2014 (Observatoire &amp; Comit\u00e9 Vietnam). <em>Le gouvernement vietnamien doit abandonner toutes les charges contre les d\u00e9fenseurs des droits de l\u2019Homme Bui Thi Minh Hang, Nguyen Thi Thuy Quynh et Nguyen Van Minh, et les lib\u00e9rer imm\u00e9diatement, ont dit aujourd\u2019hui l\u2019Observatoire pour la Protection des D\u00e9fenseurs des Droits de l\u2019Homme (programme conjoint de la FIDH et de l\u2019Organisation mondiale contre la torture (OMCT)) et le Comit\u00e9 Vietnam pour la D\u00e9fense des Droits de l\u2019Homme (CVDDH).<\/em><\/strong><\/p>\n<p>Le 26 ao\u00fbt 2014, \u00e0 7h30 du matin, Mme <strong>Bui Thi Minh Hang<\/strong> (50 ans), Mme <strong>Nguyen Thi Thuy Quynh<\/strong> (28 ans) et M. <strong>Nguyen Van Minh<\/strong> (34 ans) doivent compara\u00eetre devant le Tribunal populaire provincial de Dong Thap. Ils sont actuellement d\u00e9tenus dans la commune de An Binh, ville de Cao Lanh, province de Dong Thap. Tous trois sont poursuivis sur la base de l\u2019article 245 paragraphe 2 du Code p\u00e9nal pour <em>\u00ab\u00a0trouble \u00e0 l\u2019ordre public\u00a0\u00bb<\/em>. Ils risquent de deux \u00e0 sept ans d\u2019emprisonnement.<\/p>\n<table width=\"451\" border=\"0\" align=\"center\">\n<tbody>\n<tr>\n<td><img loading=\"lazy\" decoding=\"async\" src=\"http:\/\/www.queme.net\/images\/2014-0825a.jpg\" alt=\"Nguyen Van Minh, Bui Thi Minh Hang et Nguyen Thi Thuy Quynh - image D\u00e2n L\u00e0m B\u00e1o\" width=\"332\" height=\"250\" align=\"top\" border=\"0\" \/><\/td>\n<td><\/td>\n<\/tr>\n<tr>\n<td>\n<div align=\"center\"><span style=\"color: #663300;\">Nguyen Van Minh, Bui Thi Minh Hang et Nguyen Thi Thuy Quynh<br \/>image D\u00e2n L\u00e0m B\u00e1o<\/span><\/div>\n<\/td>\n<td><\/td>\n<\/tr>\n<\/tbody>\n<\/table>\n<p><em><strong>\u00ab\u00a0Les harc\u00e8lements, l\u2019arrestation arbitraire et les poursuites injustes \u00e0 l\u2019encontre de Bui Thi Minh Hang, Nguyen Thi Thuy Quynh et Nguyen Van Minh constituent un sc\u00e9nario bien trop connu qui d\u00e9montre l\u2019inaptitude du Vietnam \u00e0 respecter ses obligations internationales en mati\u00e8re de droits de l\u2019Homme\u00a0\u00bb<\/strong><\/em>, a dit le Pr\u00e9sident de la FIDH Karim Lahidji.<\/p>\n<p><em><strong>\u00ab\u00a0La communaut\u00e9 internationale doit accro\u00eetre la pression sur le Vietnam pour obtenir la lib\u00e9ration de Bui Thi Minh Hang, Nguyen Thi Thuy Quynh, Nguyen Van Minh ainsi que des dizaines de d\u00e9fenseurs des droits de l\u2019Homme qui restent incarc\u00e9r\u00e9s\u00a0\u00bb<\/strong><\/em>, a press\u00e9 le Secr\u00e9taire g\u00e9n\u00e9ral de l\u2019OMCT Gerald Staberock.<\/p>\n<p>Le 11 f\u00e9vrier 2014, la police du district de Lap Vo, dans la province de Dong Thap, avait pass\u00e9 \u00e0 tabac Mme Bui Thi Minh Hang et l\u2019avait arbitrairement plac\u00e9e en d\u00e9tention avec 20 autres militants, dont des blogueurs, des membres de la secte bouddhiste Hoa Hao et des anciens prisonniers politiques, alors qu\u2019ils se rendait depuis Ho Chi Minh Ville dans la province de Dong Thap pour voir l\u2019ancien prisonnier politique Nguyen Bac Truyen et sa femme. Deux jours plus t\u00f4t, la police avait proc\u00e9d\u00e9 \u00e0 une descente au domicile du couple et mis en d\u00e9tention Truyen.<\/p>\n<p>Dix-huit des vingt et une personnes arr\u00eat\u00e9es avaient \u00e9t\u00e9 rel\u00e2ch\u00e9es le 12 f\u00e9vrier, mais Mme Bui Thi Minh Hang, Mme Nguyen Thi Thuy Quynh et M. Nguyen Van Minh restaient en d\u00e9tention. Tous trois sont connus pour leurs activit\u00e9s pacifiques en faveur des droits de l\u2019Homme, en particulier celles pour la libert\u00e9 religieuse, la lib\u00e9ration des prisonniers politiques et le soutien aux victimes des confiscations de terres.<\/p>\n<p>Le 10 mars 2014, la police du district de Lap Vo avait convoqu\u00e9 cinq membres de leur groupe pour les forcer \u00e0 signer de fausses d\u00e9clarations corroborant les charges retenues contre Bui Thi Minh Hang. En d\u00e9pit des menaces de la police, les cinq avaient refus\u00e9.<\/p>\n<p>v<strong>\u00ab\u00a0Le gouvernement vietnamien a, une fois de plus, recours aux fausses accusations pour r\u00e9primer les d\u00e9fenseurs des droits de l\u2019Homme. Pour la seconde fois en moins de trois ans, les autorit\u00e9s accusent Bui Thi Minh Hang de \u00ab\u00a0troubler l\u2019ordre public\u00a0\u00bb\u00a0\u00bb<\/strong>, a dit Vo van Ai, Pr\u00e9sident du Comit\u00e9 Vietnam pour la D\u00e9fense des Droits de l\u2019Homme. <em><strong>\u00ab\u00a0Cela prouve que le gouvernement vietnamien n\u2019a pas chang\u00e9 ses m\u00e9thodes et que la r\u00e9pression des d\u00e9fenseurs des droits de l\u2019Homme par le r\u00e9gime de Hanoi continue sans rel\u00e2che, en d\u00e9pit de toute sa rh\u00e9torique affirmant le contraire sur la sc\u00e8ne internationale\u00a0\u00bb<\/strong><\/em>, a-t-il ajout\u00e9.<\/p>\n<p>Dans le pass\u00e9, Mme Bui Thi Minh Hang avait \u00e9t\u00e9 harcel\u00e9e pour avoir post\u00e9 en ligne des informations sur les violations des droits de l\u2019Homme au Vietnam, manifest\u00e9 pacifiquement en protestation contre la d\u00e9tention arbitraire des d\u00e9fenseurs des droits de l\u2019Homme et fourni de l\u2019aide aux victimes des confiscations des terres. Le 27 novembre 2011, la police de Ho Chi Minh Ville l\u2019avait arr\u00eat\u00e9e pour <em>\u00ab\u00a0trouble de l\u2019ordre public\u00a0\u00bb<\/em> pour avoir particip\u00e9 \u00e0 une protestation contre l\u2019arrestation de manifestants \u00e0 Hanoi plus t\u00f4t dans la matin\u00e9e. Le jour suivant, le Comit\u00e9 populaire de Hanoi l\u2019avait condamn\u00e9e \u00e0 2 ans de d\u00e9tention administrative dans le tristement c\u00e9l\u00e8bre \u00ab\u00a0camp de r\u00e9habilitation\u00a0\u00bb de Thanh Ha, dans le district de Binh Xuyen, province de Vinh Phuc, gr\u00e2ce \u00e0 l\u2019Ordonnance 44 qui autorise la d\u00e9tention sans proc\u00e8s. Mme Bui Thi Minh Hang avait \u00e9t\u00e9 lib\u00e9r\u00e9e en juin 2012 sous la pression internationale.<\/p>\n<div align=\"left\"><strong>Pour plus d\u2019informations :<br \/>&#8211; CVDDH\u00a0: Penelope Faulkner (vietnamien\/anglais) &#8211; Tel: <a href=\"tel:%2B33%201%2045%2098%2030%2085\" target=\"_blank\">+33 1 45 98 30 85<\/a><br \/>&#8211; FIDH: Andrea Giorgetta (anglais) &#8211; Tel: <a href=\"tel:%2B66%2088%206117722\" target=\"_blank\">+66 88 6117722<\/a> (Bangkok) \/ Audrey Couprie (fran\u00e7ais\/anglais\/espagnol) &#8211; Tel: <a href=\"tel:%2B33%206%2048%2005%2091%2057\" target=\"_blank\">+33 6 48 05 91 57<\/a> (Paris) \/ Arthur Manet (fran\u00e7ais\/anglais\/espagnol) &#8211; Tel: +33 6 72 28 42 94 (Paris)<br \/>&#8211; OMCT: Delphine Reculeau \/ Miguel Mart\u00edn Zumalac\u00e1rregui (fran\u00e7ais\/anglais\/espagnol) &#8211; Tel: <a href=\"tel:%2B41%2022%20809%2049%2039\" target=\"_blank\">+41 22 809 49 39<\/a> (Gen\u00e8ve)<\/p>\n<p><\/strong>UE-Vietnam\u00a0: La FIDH et le Comit\u00e9 Vietnam pour la D\u00e9fense des Droits de l\u2019Homme portent plainte aupr\u00e8s du M\u00e9diateur europ\u00e9en<\/p>\n<\/div>\n<script type=\"text\/javascript\">\n\nvar addthis_config = {\"data_track_clickback\":false,\"data_track_addressbar\":false,\"data_track_textcopy\":false};\n<\/script><script type=\"text\/javascript\" src=\"\/\/s7.addthis.com\/js\/250\/addthis_widget.js#pubid=f084fdfbcefba74c78dfad3bbc873ffd\"><\/script>","protected":false},"excerpt":{"rendered":"<\/p>\n<p>&nbsp;<\/p>\n<p>\u00a0<span style=\"color: #800000;\">Envoy\u00e9 par Lam Cham Tho<\/span><\/p>\n<p>PARIS-GEN\u00c8VE, 25 ao\u00fbt 2014 (Observatoire &amp; Comit\u00e9 Vietnam). Le gouvernement vietnamien doit abandonner toutes les charges contre les d\u00e9fenseurs des droits de l\u2019Homme Bui Thi Minh Hang, Nguyen Thi Thuy Quynh &hellip;<\/p>\n","protected":false},"author":1,"featured_media":0,"comment_status":"open","ping_status":"open","sticky":false,"template":"","format":"standard","meta":{"footnotes":""},"categories":[1],"tags":[],"class_list":["post-10902","post","type-post","status-publish","format-standard","hentry","category-accueil"],"_links":{"self":[{"href":"https:\/\/www.lecarrefourdesopinions.ca\/index.php?rest_route=\/wp\/v2\/posts\/10902","targetHints":{"allow":["GET"]}}],"collection":[{"href":"https:\/\/www.lecarrefourdesopinions.ca\/index.php?rest_route=\/wp\/v2\/posts"}],"about":[{"href":"https:\/\/www.lecarrefourdesopinions.ca\/index.php?rest_route=\/wp\/v2\/types\/post"}],"author":[{"embeddable":true,"href":"https:\/\/www.lecarrefourdesopinions.ca\/index.php?rest_route=\/wp\/v2\/users\/1"}],"replies":[{"embeddable":true,"href":"https:\/\/www.lecarrefourdesopinions.ca\/index.php?rest_route=%2Fwp%2Fv2%2Fcomments&post=10902"}],"version-history":[{"count":2,"href":"https:\/\/www.lecarrefourdesopinions.ca\/index.php?rest_route=\/wp\/v2\/posts\/10902\/revisions"}],"predecessor-version":[{"id":10934,"href":"https:\/\/www.lecarrefourdesopinions.ca\/index.php?rest_route=\/wp\/v2\/posts\/10902\/revisions\/10934"}],"wp:attachment":[{"href":"https:\/\/www.lecarrefourdesopinions.ca\/index.php?rest_route=%2Fwp%2Fv2%2Fmedia&parent=10902"}],"wp:term":[{"taxonomy":"category","embeddable":true,"href":"https:\/\/www.lecarrefourdesopinions.ca\/index.php?rest_route=%2Fwp%2Fv2%2Fcategories&post=10902"},{"taxonomy":"post_tag","embeddable":true,"href":"https:\/\/www.lecarrefourdesopinions.ca\/index.php?rest_route=%2Fwp%2Fv2%2Ftags&post=10902"}],"curies":[{"name":"wp","href":"https:\/\/api.w.org\/{rel}","templated":true}]}}