{"id":10267,"date":"2013-11-28T10:13:12","date_gmt":"2013-11-28T15:13:12","guid":{"rendered":"http:\/\/www.lecarrefourdesopinions.ca\/?p=10267"},"modified":"2013-11-28T10:13:12","modified_gmt":"2013-11-28T15:13:12","slug":"la-main-invisible","status":"publish","type":"post","link":"https:\/\/www.lecarrefourdesopinions.ca\/?p=10267","title":{"rendered":"\u00ab La main invisible \u00bb"},"content":{"rendered":"<p align=\"center\">\u00ab\u00a0La main invisible\u00a0\u00bb<\/p>\n<p><span style=\"color: #800000;\"><em><img loading=\"lazy\" decoding=\"async\" class=\"alignleft size-thumbnail wp-image-9847\" title=\"Serge 1\" src=\"http:\/\/www.lecarrefourdesopinions.ca\/wp-content\/uploads\/2013\/06\/Serge-1-101x107.jpg\" alt=\"\" width=\"101\" height=\"107\" \/>\u00a0\u00a0\u00a0 Par Serge H. Mo\u00efse av<\/em>. \u00a0 \u00a0 \u00a0 \u00a0 \u00a0 \u00a0 \u00a0 \u00a0 \u00a0 \u00a0 \u00a0 \u00a0 \u00a0 \u00a0<\/span><\/p>\n<p>\u00a0\u00a0\u00a0\u00a0\u00a0\u00a0\u00a0 <strong>La manipulation consciente, intelligente, des opinions et des habitudes organis\u00e9es des masses, joue un r\u00f4le important dans une soci\u00e9t\u00e9 d\u00e9mocratique. Ceux qui manipulent ce m\u00e9canisme social imperceptible forment un gouvernement invisible qui dirige v\u00e9ritablement le pays.\u00a0\u00a0\u00a0\u00a0\u00a0\u00a0\u00a0\u00a0\u00a0\u00a0\u00a0\u00a0\u00a0\u00a0\u00a0\u00a0\u00a0\u00a0\u00a0\u00a0\u00a0\u00a0\u00a0\u00a0\u00a0\u00a0\u00a0\u00a0\u00a0\u00a0\u00a0\u00a0\u00a0\u00a0\u00a0 \u00a0\u00a0\u00a0\u00ab\u00a0Edward Bernays<\/strong>\u00a0\u00bb<\/p>\n<p>&nbsp;<\/p>\n<p style=\"text-align: justify;\">\u00a0\u00a0\u00a0\u00a0\u00a0\u00a0\u00a0 Il en a toujours \u00e9t\u00e9 ainsi \u00e9videmment, ce qui confirme, si besoin \u00e9tait, la faiblesse de ce syst\u00e8me qui faisait dire \u00e0 Winston Churchill\u00a0: \u00ab La d\u00e9mocratie est le pire des r\u00e9gimes \u2013 \u00e0 l\u2019exception de tous les autres d\u00e9j\u00e0 essay\u00e9s dans le pass\u00e9\u00a0\u00bb.<\/p>\n<p style=\"text-align: justify;\">\u00a0\u00a0\u00a0\u00a0\u00a0\u00a0\u00a0 La \u00ab\u00a0main invisible\u00a0\u00bb s\u2019entend d\u2019un groupe d\u2019int\u00e9r\u00eats particuliers lesquels\u00a0 se situent aux antipodes de ceux de la nation, et \u00e9voluent dans une mouvance g\u00e9n\u00e9ralement interlope et au m\u00e9pris des lois de la r\u00e9publique.<\/p>\n<p>\u00a0\u00a0\u00a0\u00a0\u00a0\u00a0\u00a0 Cette \u00ab\u00a0main invisible\u00a0\u00bb, apparemment apolitique, finance tous les partis ou regroupements ayant un quelconque impact sur la marche des choses, a ses entr\u00e9es aux plus hautes sph\u00e8res des diff\u00e9rents pouvoirs. Elle est muette comme une carpe mais s\u2019immisce \u00e0 travers les avenues et interstices des instances d\u00e9cisionnelles avec \u00e9l\u00e9gance et finesse.<\/p>\n<p style=\"text-align: justify;\">\u00a0\u00a0\u00a0\u00a0\u00a0\u00a0\u00a0 Organisation tr\u00e8s bien huil\u00e9e, cette \u00ab\u00a0main\u00a0\u00bb, avec des r\u00e8gles non \u00e9crites, mais savamment vulgaris\u00e9es aupr\u00e8s des personnes concern\u00e9es, veille jalousement sur la r\u00e9putation de ses ca\u00efds, \u00e9vite, autant que faire se peut, les d\u00e9robades, d\u00e9rives ou d\u00e9rapages susceptibles de lui porter ombrage. Tant pis pour les \u00e9tourdis qui s\u2019avisent de commettre des faux pas, ils en paieront les cons\u00e9quences en respectant scrupuleusement le serment de l\u2019omerta.<\/p>\n<p style=\"text-align: justify;\">\u00a0\u00a0\u00a0\u00a0\u00a0\u00a0\u00a0 Cette \u00ab\u00a0main\u00a0\u00bb invisible et multiforme existe depuis la nuit des temps et se renouvelle inexorablement g\u00e9n\u00e9ration apr\u00e8s g\u00e9n\u00e9ration, r\u00e9pondant ainsi \u00e0 une esp\u00e8ce de loi inh\u00e9rente \u00e0 la nature m\u00eame de l\u2019\u00eatre humain.<\/p>\n<p style=\"text-align: justify;\">\u00a0\u00a0\u00a0\u00a0\u00a0\u00a0\u00a0\u00a0\u00a0 Elle a fa\u00e7onn\u00e9 le monde \u00e0 partir de diff\u00e9rentes institutions comme les religions, les syst\u00e8mes \u00e9conomiques, les r\u00e9gimes gouvernementaux, les syst\u00e8mes \u00e9ducatifs au moyen desquels sont form\u00e9s les intellos et pseudo-dirigeants de ces pays toujours maintenus en voie de d\u00e9veloppement sans pouvoir y parvenir.<\/p>\n<p>\u00a0\u00a0\u00a0\u00a0\u00a0\u00a0\u00a0 Il va de soi que notre petite soci\u00e9t\u00e9 ha\u00eftienne\u00a0 ne saurait y \u00e9chapper.<\/p>\n<p style=\"text-align: justify;\">\u00a0\u00a0\u00a0\u00a0\u00a0\u00a0\u00a0 Depuis son av\u00e8nement \u00e0 l\u2019ind\u00e9pendance et en d\u00e9pit de la r\u00e9ticence des puissances de la r\u00e9gion \u00e0 accueillir ce nouvel \u00c9tat dans le concert des nations libres, la \u00ab\u00a0main invisible\u00a0\u00bb toujours aux aguets a fait en sorte que les nouveaux citoyens de cette r\u00e9publique rebelle, soient perp\u00e9tuellement en guerre entre eux, au d\u00e9triment des moins \u00e9duqu\u00e9s et des analphab\u00e8tes constituant la majorit\u00e9 de la population.<\/p>\n<p style=\"text-align: justify;\">\u00a0\u00a0\u00a0\u00a0\u00a0\u00a0\u00a0 Une petite oligarchie, \u00ab\u00a0toutes nuances \u00e9pidermiques confondues\u00a0\u00bb, aplatventriste, sans vision et d\u00e9nu\u00e9e de toute moralit\u00e9 s\u2019est \u00e9vertu\u00e9e avec une rare dext\u00e9rit\u00e9 \u00e0 maintenir ce syst\u00e8me f\u00e9odal qui perdure encore aujourd\u2019hui ce qui lui a valu le titre de gloire de \u00ab\u00a0MRE\u00a0\u00bb attribu\u00e9 par l\u2019ambassadeur am\u00e9ricain Dean Curran, il n\u2019y a pas si longtemps.<\/p>\n<p>\u00a0\u00a0\u00a0\u00a0\u00a0\u00a0\u00a0 Ce dernier avec le franc parler qu\u2019on lui conna\u00eet n\u2019a pas m\u00e2ch\u00e9 ses mots et faisant preuve d\u2019un m\u00e2le courage, a partag\u00e9 ses observations publiquement et n\u2019a jamais \u00e9t\u00e9 contredit.<\/p>\n<p style=\"text-align: justify;\">\u00a0\u00a0\u00a0\u00a0\u00a0\u00a0\u00a0 Les conditions infrahumaines dans lesquelles la population a toujours \u00e9t\u00e9 maintenue ne sauraient relever d\u2019un pur hasard. Le taux d\u2019analphab\u00e9tisme oscille entre soixante-dix et quatre-vingt pour cent depuis toujours. Le taux de ch\u00f4mage \u00e9galement et dans une situation aussi mis\u00e9reuse, jamais il n\u2019y a eu une tentative de contr\u00f4le des naissances. Le reboisement et\/ou une politique environnementale, n\u2019en parlons pas!<\/p>\n<p>\u00a0\u00a0\u00a0\u00a0\u00a0\u00a0\u00a0 Oui, pour le ch\u00f4mage end\u00e9mique.<\/p>\n<p>\u00a0\u00a0\u00a0\u00a0\u00a0\u00a0\u00a0 Oui, pour une \u00e9ducation \u00e0 rabais et les quelques rescap\u00e9s qui tant bien que mal acquerront quelques connaissances, \u00a0iront gagner leur cro\u00fbte ailleurs dans la diaspora.<\/p>\n<p>\u00a0\u00a0\u00a0\u00a0\u00a0\u00a0\u00a0 Oui, pour un pouvoir judiciaire vassalis\u00e9 faisant r\u00e9gner l\u2019impunit\u00e9 et cons\u00e9quemment l\u2019ins\u00e9curit\u00e9 sur toute l\u2019\u00e9tendue du territoire.<\/p>\n<p>\u00a0\u00a0\u00a0\u00a0\u00a0\u00a0\u00a0 Oui, pour une structure administrative dysfonctionnelle g\u00e9n\u00e9rant le laxisme et la corruption.<\/p>\n<p>\u00a0\u00a0\u00a0\u00a0\u00a0\u00a0\u00a0 Oui, \u00e0 l\u2019asservissement de nos s\u0153urs et fr\u00e8res dans les bateyes en r\u00e9publique voisine.<\/p>\n<p>\u00a0\u00a0\u00a0\u00a0\u00a0\u00a0\u00a0 Oui, \u00e0 la surpopulation et \u00a0l\u2019aggravation de la mis\u00e8re.<\/p>\n<p>\u00a0\u00a0\u00a0\u00a0\u00a0\u00a0\u00a0 Oui, \u00e0 l\u2019intimidation, les menaces et les pers\u00e9cutions.<\/p>\n<p>\u00a0\u00a0\u00a0\u00a0\u00a0\u00a0\u00a0 Oui, \u00e0 la pratique de diviser pour r\u00e9gner.<\/p>\n<p>\u00a0\u00a0\u00a0\u00a0\u00a0\u00a0\u00a0 Oui, \u00e0 l\u2019expatriation de nos dipl\u00f4m\u00e9s.<\/p>\n<p>\u00a0\u00a0\u00a0\u00a0\u00a0\u00a0\u00a0 Oui, pour l\u2019abandon des victimes du chol\u00e9ra import\u00e9 des\u00a0 \u00ab\u00a0pays amis\u00a0\u00bb.<\/p>\n<p>\u00a0\u00a0\u00a0\u00a0\u00a0\u00a0\u00a0 Oui, \u00e0 la prostitution des jeunes et des moins jeunes<\/p>\n<p>\u00a0\u00a0\u00a0\u00a0\u00a0\u00a0\u00a0 Oui, \u00e0 l\u2019autocratie, \u00a0au n\u00e9potisme, au client\u00e9lisme et au m\u00e9pris des comp\u00e9tences.<\/p>\n<p>\u00a0\u00a0\u00a0\u00a0\u00a0\u00a0\u00a0 Oui, pour le nivellement par le bas dans tous les domaines d\u2019activit\u00e9s humaines. L\u2019\u00e9thique et la morale seront des reliques du pass\u00e9.<\/p>\n<p style=\"text-align: justify;\">\u00a0\u00a0\u00a0\u00a0\u00a0\u00a0\u00a0 <strong>A tous ces \u00ab\u00a0oui\u00a0\u00bb de la\u00a0 \u00ab\u00a0main invisible\u00a0\u00bb, il faudra opposer un \u00ab\u00a0non\u00a0\u00bb ferme, cat\u00e9gorique et syst\u00e9matique avant d\u2019atteindre le point de non retour.<\/strong><\/p>\n<p style=\"text-align: justify;\">\u00a0\u00a0\u00a0\u00a0\u00a0\u00a0\u00a0 Mais pour ce faire et que cela soit bien fait, faut-il encore que nous reconnaissions notre part de responsabilit\u00e9 individuelle et collective dans ce chaos qui n\u2019aurait pas atteint cette dimension, n\u2019\u00e9taient notre incompr\u00e9hension de la probl\u00e9matique et de notre \u00a0complice passivit\u00e9.<\/p>\n<p style=\"text-align: justify;\">\u00a0\u00a0\u00a0\u00a0\u00a0\u00a0\u00a0 A ce carrefour crucial de la vie nationale, nous n\u2019avons pas la sotte pr\u00e9tention d\u2019\u00eatre le d\u00e9tenteur de la v\u00e9rit\u00e9 tranquille au point de pouvoir indiquer la meilleure voie \u00e0 suivre. N\u2019emp\u00eache que, comme cela se fait partout, et toujours avec les meilleurs r\u00e9sultats, lorsqu\u2019une famille fait face \u00e0 une menace, tous ses membres se r\u00e9unissent et en toute s\u00e9r\u00e9nit\u00e9, n\u2019ayant \u00e0 c\u0153ur que les int\u00e9r\u00eats sup\u00e9rieurs de la dite famille, afin de trouver une issue \u00e0 la crise.<\/p>\n<p style=\"text-align: justify;\">\u00a0\u00a0\u00a0\u00a0\u00a0\u00a0\u00a0 Nous n\u2019avons donc pas \u00e0 r\u00e9inventer la roue. Les l\u00e9gitimes aspirations de la population peuvent devenir r\u00e9alit\u00e9 car on peut \u00e9liminer physiquement un homme mais on ne saurait tuer son r\u00eave.<\/p>\n<p style=\"text-align: justify;\">\u00a0\u00a0\u00a0\u00a0\u00a0\u00a0\u00a0 Quand nous dirons vraiment \u00ab\u00a0non\u00a0\u00bb \u00e0 l\u2019inacceptable, quand nous d\u00e9ciderons de prendre en main notre destin, en inventant notre propre mod\u00e8le de d\u00e9veloppement, au lieu de toujours vouloir singer les autres, quand nos s\u0153urs et fr\u00e8res de la diaspora redeviendront des membres \u00e0 part enti\u00e8re de la famille ha\u00eftienne, quand nous apprendrons \u00e0 valoriser notre ha\u00eftianit\u00e9 \u00e0 travers le dialogue et la concertation, ce sera le d\u00e9but d\u2019une \u00e8re nouvelle, la fin de l\u2019apartheid et enfin la renaissance de notre Ha\u00efti ch\u00e9rie.<\/p>\n<p>\u00a0***********************************************************************************************<\/p>\n<p style=\"text-align: center;\"><img loading=\"lazy\" decoding=\"async\" class=\"aligncenter size-large wp-image-10342\" title=\"pub Jean Paul 3\" src=\"http:\/\/www.lecarrefourdesopinions.ca\/wp-content\/uploads\/2013\/11\/pub-Jean-Paul-3-1024x666.jpg\" alt=\"\" width=\"450\" height=\"292\" srcset=\"https:\/\/www.lecarrefourdesopinions.ca\/wp-content\/uploads\/2013\/11\/pub-Jean-Paul-3-1024x666.jpg 1024w, https:\/\/www.lecarrefourdesopinions.ca\/wp-content\/uploads\/2013\/11\/pub-Jean-Paul-3-300x195.jpg 300w, https:\/\/www.lecarrefourdesopinions.ca\/wp-content\/uploads\/2013\/11\/pub-Jean-Paul-3-400x260.jpg 400w, https:\/\/www.lecarrefourdesopinions.ca\/wp-content\/uploads\/2013\/11\/pub-Jean-Paul-3.jpg 1234w\" sizes=\"auto, (max-width: 450px) 100vw, 450px\" \/><\/p>\n<p style=\"text-align: center;\">***********************************************************<\/p>\n<p style=\"text-align: center;\"><strong>http:\/\/youtu.be\/z_FpizHCCoQ<\/strong><\/p>\n<script type=\"text\/javascript\">\n\nvar addthis_config = {\"data_track_clickback\":false,\"data_track_addressbar\":false,\"data_track_textcopy\":false};\n<\/script><script type=\"text\/javascript\" src=\"\/\/s7.addthis.com\/js\/250\/addthis_widget.js#pubid=f084fdfbcefba74c78dfad3bbc873ffd\"><\/script>","protected":false},"excerpt":{"rendered":"<p align=\"center\">\u00ab\u00a0La main invisible\u00a0\u00bb<\/p>\n<p><span style=\"color: #800000;\">\u00a0\u00a0\u00a0 Par Serge H. Mo\u00efse av. \u00a0 \u00a0 \u00a0 \u00a0 \u00a0 \u00a0 \u00a0 \u00a0 \u00a0 \u00a0 \u00a0 \u00a0 \u00a0 \u00a0<\/span><\/p>\n<p>\u00a0\u00a0\u00a0\u00a0\u00a0\u00a0\u00a0 La manipulation consciente, intelligente, des opinions et des habitudes organis\u00e9es des masses, joue un r\u00f4le important dans une soci\u00e9t\u00e9 d\u00e9mocratique. Ceux qui manipulent ce m\u00e9canisme social imperceptible &hellip;<\/p>\n","protected":false},"author":1,"featured_media":0,"comment_status":"open","ping_status":"open","sticky":false,"template":"","format":"standard","meta":{"footnotes":""},"categories":[1],"tags":[],"class_list":["post-10267","post","type-post","status-publish","format-standard","hentry","category-accueil"],"_links":{"self":[{"href":"https:\/\/www.lecarrefourdesopinions.ca\/index.php?rest_route=\/wp\/v2\/posts\/10267","targetHints":{"allow":["GET"]}}],"collection":[{"href":"https:\/\/www.lecarrefourdesopinions.ca\/index.php?rest_route=\/wp\/v2\/posts"}],"about":[{"href":"https:\/\/www.lecarrefourdesopinions.ca\/index.php?rest_route=\/wp\/v2\/types\/post"}],"author":[{"embeddable":true,"href":"https:\/\/www.lecarrefourdesopinions.ca\/index.php?rest_route=\/wp\/v2\/users\/1"}],"replies":[{"embeddable":true,"href":"https:\/\/www.lecarrefourdesopinions.ca\/index.php?rest_route=%2Fwp%2Fv2%2Fcomments&post=10267"}],"version-history":[{"count":4,"href":"https:\/\/www.lecarrefourdesopinions.ca\/index.php?rest_route=\/wp\/v2\/posts\/10267\/revisions"}],"predecessor-version":[{"id":10368,"href":"https:\/\/www.lecarrefourdesopinions.ca\/index.php?rest_route=\/wp\/v2\/posts\/10267\/revisions\/10368"}],"wp:attachment":[{"href":"https:\/\/www.lecarrefourdesopinions.ca\/index.php?rest_route=%2Fwp%2Fv2%2Fmedia&parent=10267"}],"wp:term":[{"taxonomy":"category","embeddable":true,"href":"https:\/\/www.lecarrefourdesopinions.ca\/index.php?rest_route=%2Fwp%2Fv2%2Fcategories&post=10267"},{"taxonomy":"post_tag","embeddable":true,"href":"https:\/\/www.lecarrefourdesopinions.ca\/index.php?rest_route=%2Fwp%2Fv2%2Ftags&post=10267"}],"curies":[{"name":"wp","href":"https:\/\/api.w.org\/{rel}","templated":true}]}}