{"id":9988,"date":"2013-08-06T08:34:03","date_gmt":"2013-08-06T12:34:03","guid":{"rendered":"http:\/\/www.lecarrefourdesopinions.ca\/?p=9988"},"modified":"2013-08-06T08:34:03","modified_gmt":"2013-08-06T12:34:03","slug":"avis-de-vente-de-memoire-2","status":"publish","type":"post","link":"http:\/\/www.lecarrefourdesopinions.ca\/?p=9988","title":{"rendered":"Avis de vente de M\u00e9moire."},"content":{"rendered":"<h1 style=\"text-align: center;\"><span style=\"color: #3366ff;\">Avis de vente de M\u00e9moire.<\/span><\/h1>\n<p style=\"text-align: center;\"><span style=\"color: #3366ff;\">\u00a0<\/span><\/p>\n<p><strong><img loading=\"lazy\" decoding=\"async\" class=\"alignleft size-thumbnail wp-image-9895\" title=\"Photo Eric Nogard 4\" src=\"http:\/\/www.lecarrefourdesopinions.ca\/wp-content\/uploads\/2013\/06\/Photo-Eric-Nogard-4-134x107.jpg\" alt=\"\" width=\"134\" height=\"107\" \/>\u00a0\u00a0 <span style=\"color: #800000;\"><em>\u00c9ric E.G. NOGARD<\/em><\/span><\/strong><\/p>\n<p><strong><em><em>Formateur Professionnel d\u2019Adultes des PME-PMI et Chroniqueur,<\/em><\/em><\/strong><\/p>\n<p><em><strong>Initiateur du Mouvement \u00ab\u00a0Martinique Province Fran\u00e7aise d\u2019Am\u00e9rique<\/strong><\/em><\/p>\n<p><em><strong>Chemin Nogard, 24, rue Osman Nadeau, Voie 3 Ravine-Vilaine, 97200 Fort-de-France, MARTINIQUE<\/strong><\/em><\/p>\n<p><em><strong>T\u00e9l.\/Fax.\/R\u00e9p.\u00a0: 0596798102\u00a0\u00a0\u00a0 Port.\u00a0: 0696856708\u00a0\u00a0 E-mail\u00a0: eric.nogard@orange.fr<\/strong><\/em><\/p>\n<p><strong>\u00a0<\/strong><\/p>\n<table border=\"1\" cellspacing=\"0\" cellpadding=\"0\">\n<tbody>\n<tr>\n<td valign=\"top\" width=\"256\">\n<p align=\"center\"><strong>MARTINIQUE<\/strong><\/p>\n<\/td>\n<td valign=\"top\" width=\"256\">\n<p align=\"center\"><strong>PROVINCE<\/strong><\/p>\n<\/td>\n<td valign=\"top\" width=\"256\">\n<p align=\"center\"><strong>FRAN\u00c7AISE<\/strong><\/p>\n<\/td>\n<\/tr>\n<\/tbody>\n<\/table>\n<p><strong>\u00a0\u00a0\u00a0\u00a0\u00a0\u00a0\u00a0\u00a0\u00a0\u00a0\u00a0\u00a0\u00a0\u00a0 \u00a0\u00a0\u00a0\u00a0\u00a0\u00a0\u00a0\u00a0\u00a0\u00a0\u00a0\u00a0\u00a0\u00a0\u00a0\u00a0\u00a0\u00a0\u00a0\u00a0\u00a0\u00a0\u00a0\u00a0\u00a0\u00a0\u00a0\u00a0\u00a0\u00a0\u00a0\u00a0\u00a0\u00a0\u00a0\u00a0\u00a0\u00a0\u00a0\u00a0\u00a0\u00a0\u00a0\u00a0\u00a0\u00a0\u00a0\u00a0\u00a0\u00a0\u00a0\u00a0\u00a0\u00a0\u00a0\u00a0\u00a0\u00a0\u00a0\u00a0\u00a0\u00a0\u00a0\u00a0\u00a0\u00a0\u00a0\u00a0\u00a0\u00a0D\u2019Am\u00e9rique.<\/strong><\/p>\n<p>&nbsp;<\/p>\n<p>Fort-de-France<\/p>\n<p align=\"center\"><strong>Avis de vente de M\u00e9moire.<\/strong><\/p>\n<p><strong>Nous voil\u00e0 heureux d\u2019annoncer \u00e0 nos aimables lecteurs la mise en vente de notre m\u00e9moire \u00e0 Madame Marine LE-PEN, Pr\u00e9sidente du Front National Fran\u00e7ais.<\/strong><\/p>\n<p><strong>\u00a0<\/strong><\/p>\n<p><strong>Remise en a \u00e9t\u00e9 faite aux Dignitaires de ce parti, au cours de notre entretien avec eux, \u00e0 leur demande, le 12 Juin 2013, en Martinique.<\/strong><\/p>\n<p><strong>Pr\u00e9sent\u00e9 tel un cahier illustr\u00e9 et \u00e9tay\u00e9 avec soin, il sera d\u00e9dicac\u00e9, avec autographe de l\u2019Auteur, et personnalis\u00e9 avec attention.<\/strong><\/p>\n<p><strong>Ce M\u00e9moire \u00e0 \u00e9mission tr\u00e8s limit\u00e9e peut \u00eatre obtenu au prix de Vingt Cinq Euros Net.<\/strong><\/p>\n<p><strong>\u00a0<\/strong><\/p>\n<p><strong>&#8211;\u00a0\u00a0\u00a0\u00a0\u00a0\u00a0 Port gratuit par courrier postal ordinaire.<\/strong><\/p>\n<p><strong>&#8211;\u00a0\u00a0\u00a0\u00a0\u00a0\u00a0 Port forfaitaire de 7,50 \u20acuros par courrier recommand\u00e9 suivi.<\/strong><\/p>\n<p><strong>\u00a0<\/strong><\/p>\n<p><strong>R\u00e8glement par tout moyen de paiement \u00e0 l\u2019ordre d\u2019\u00c9ric E.G. NOGARD.<\/strong><\/p>\n<p><strong>\u00a0<\/strong><\/p>\n<p><strong>Merci par avance de votre soutien \u00e0 \u00ab\u00a0Martinique Province Fran\u00e7aise d\u2019Am\u00e9rique\u00a0\u00bb pour sa contribution \u00e0 l\u2019information et au d\u00e9bat d\u2019opinion.<\/strong><\/p>\n<p><strong>\u00a0<\/strong><\/p>\n<p><strong>\u00c9ric E.G. NOGARD<\/strong><\/p>\n<p><strong>\u00a0<\/strong><\/p>\n<p><strong><span style=\"text-decoration: underline;\">N.B.\u00a0:<\/span> Si notre Chronique vous int\u00e9resse, pourquoi ne pas l\u2019aider \u00e0 survivre, elle nous r\u00e9clame chaque jour davantage de Sacrifices et nous fait prendre plus de Risques. Par avance, MERCI pour votre Soutien.<\/strong><\/p>\n<p><em><strong>\u00a0<\/strong><\/em><\/p>\n<p align=\"center\"><strong>Ne Peut \u00eatre reproduit \u2013 m\u00eame partiellement &#8211;\u00a0 sans l\u2019autorisation de l\u2019Auteur.<\/strong><\/p>\n<p><strong>\u00a0<\/strong><\/p>\n<p>&nbsp;<\/p>\n<script type=\"text\/javascript\">\n\nvar addthis_config = {\"data_track_clickback\":false,\"data_track_addressbar\":false,\"data_track_textcopy\":false};\n<\/script><script type=\"text\/javascript\" src=\"\/\/s7.addthis.com\/js\/250\/addthis_widget.js#pubid=a457a6d63fb9e6ccabdde4110343bd85\"><\/script>","protected":false},"excerpt":{"rendered":"<p><span style=\"color: #3366ff;\">Avis de vente de M\u00e9moire.<\/span><\/p>\n<p style=\"text-align: center;\"><span style=\"color: #3366ff;\">\u00a0<\/span><\/p>\n<p>\u00a0\u00a0 <span style=\"color: #800000;\">\u00c9ric E.G. NOGARD<\/span><\/p>\n<p>Formateur Professionnel d\u2019Adultes des PME-PMI et Chroniqueur,<\/p>\n<p>Initiateur du Mouvement \u00ab\u00a0Martinique Province Fran\u00e7aise d\u2019Am\u00e9rique<\/p>\n<p>Chemin Nogard, 24, rue Osman Nadeau, Voie 3 Ravine-Vilaine, 97200 Fort-de-France, MARTINIQUE<\/p>\n<p>T\u00e9l.\/Fax.\/R\u00e9p.\u00a0: &hellip;<\/p>\n","protected":false},"author":1,"featured_media":0,"comment_status":"open","ping_status":"open","sticky":false,"template":"","format":"standard","meta":{"footnotes":""},"categories":[1],"tags":[],"class_list":["post-9988","post","type-post","status-publish","format-standard","hentry","category-accueil"],"_links":{"self":[{"href":"http:\/\/www.lecarrefourdesopinions.ca\/index.php?rest_route=\/wp\/v2\/posts\/9988","targetHints":{"allow":["GET"]}}],"collection":[{"href":"http:\/\/www.lecarrefourdesopinions.ca\/index.php?rest_route=\/wp\/v2\/posts"}],"about":[{"href":"http:\/\/www.lecarrefourdesopinions.ca\/index.php?rest_route=\/wp\/v2\/types\/post"}],"author":[{"embeddable":true,"href":"http:\/\/www.lecarrefourdesopinions.ca\/index.php?rest_route=\/wp\/v2\/users\/1"}],"replies":[{"embeddable":true,"href":"http:\/\/www.lecarrefourdesopinions.ca\/index.php?rest_route=%2Fwp%2Fv2%2Fcomments&post=9988"}],"version-history":[{"count":2,"href":"http:\/\/www.lecarrefourdesopinions.ca\/index.php?rest_route=\/wp\/v2\/posts\/9988\/revisions"}],"predecessor-version":[{"id":10000,"href":"http:\/\/www.lecarrefourdesopinions.ca\/index.php?rest_route=\/wp\/v2\/posts\/9988\/revisions\/10000"}],"wp:attachment":[{"href":"http:\/\/www.lecarrefourdesopinions.ca\/index.php?rest_route=%2Fwp%2Fv2%2Fmedia&parent=9988"}],"wp:term":[{"taxonomy":"category","embeddable":true,"href":"http:\/\/www.lecarrefourdesopinions.ca\/index.php?rest_route=%2Fwp%2Fv2%2Fcategories&post=9988"},{"taxonomy":"post_tag","embeddable":true,"href":"http:\/\/www.lecarrefourdesopinions.ca\/index.php?rest_route=%2Fwp%2Fv2%2Ftags&post=9988"}],"curies":[{"name":"wp","href":"https:\/\/api.w.org\/{rel}","templated":true}]}}