{"id":997,"date":"2010-03-11T05:20:42","date_gmt":"2010-03-11T10:20:42","guid":{"rendered":"http:\/\/www.lecarrefourdesopinions.ca\/?p=997"},"modified":"2010-04-09T21:25:51","modified_gmt":"2010-04-10T01:25:51","slug":"en-attendant%e2%80%a6-le-devoilement","status":"publish","type":"post","link":"http:\/\/www.lecarrefourdesopinions.ca\/?p=997","title":{"rendered":"En attendant\u2026 le d\u00e9voilement."},"content":{"rendered":"<p style=\"text-align: justify;\">En attendant\u2026 le d\u00e9voilement.<\/p>\n<p style=\"text-align: justify;\"><em><a href=\"http:\/\/www.lecarrefourdesopinions.ca\/wp-content\/uploads\/2010\/03\/Jean-paul-2.jpg\"><img loading=\"lazy\" decoding=\"async\" class=\"alignleft size-full wp-image-998\" title=\"Jean -paul  2\" src=\"http:\/\/www.lecarrefourdesopinions.ca\/wp-content\/uploads\/2010\/03\/Jean-paul-2.jpg\" alt=\"\" width=\"128\" height=\"96\" \/><\/a> <span style=\"color: #3366ff;\">Par Jean-Paul Kozminski <\/span><\/em><\/p>\n<p style=\"text-align: justify;\">Le gouvernement, par la voix de sa vice-premi\u00e8re ministre, Madame Nathalie Normandeau, affirme vouloir prendre ses responsabilit\u00e9s quant au port du voile int\u00e9gral ou niqab.<\/p>\n<p style=\"text-align: justify;\">Ce ne sera pas trop t\u00f4t. L\u2019art de ce gouvernement est de g\u00e9rer\u2026 l\u2019attente. Attendre que le vent tourne, que les dossiers se ferment faute d\u2019int\u00e9r\u00eats, que les commissions,\u00a0 demand\u00e9es \u00e0 grands cris, soient repouss\u00e9es aux calendes qu\u00e9b\u00e9coises. \u00c9videmment, attendre que les rapports sur les rapports et les \u00e9tudes sur les rapports se r\u00e9veillent de sur leurs tablettes.<\/p>\n<p style=\"text-align: justify;\">Ce que j\u2019entends sur le port de ce voile n\u2019est pas toujours politiquement correct et je ne d\u00e9voilerais pas mes sources du m\u00e9contentement populaire souventes fois exprim\u00e9.<\/p>\n<p style=\"text-align: justify;\">Mais qu\u2019en est-il de cette provocation? \u00c0 mes yeux cela en est une vraie. Le plus beau de cette histoire c\u2019est que <strong>Nous<\/strong> sommes, en tant que soci\u00e9t\u00e9, les vilains, les m\u00e9chants. Nous avons fait pleurer cette dame. Sa religion lui interdit de me regarder dans les yeux. Elle ne peut me parler que le dos tourn\u00e9, et c\u2019est moi le pas gentil qui ne comprend pas.<\/p>\n<p style=\"text-align: justify;\">La culture qui m\u2019a \u00e9t\u00e9 inculqu\u00e9e est de regarder les yeux de la personne avec laquelle j\u2019entretiens une conversation ou un \u00e9change, de la regarder <strong>Dans<\/strong> les yeux. Mes yeux fuyants d\u00e9noteraient une fuite, un d\u00e9sint\u00e9r\u00eat, ou une forme d\u2019hypocrisie. Je sais que dans certaine culture, ne pas regarder dans les yeux est un signe de soumission. Je ne veux soumettre personne.<\/p>\n<p style=\"text-align: justify;\">Comment vais-je d\u00e9coder ce langage non verbal chez une personne cloitr\u00e9e de la t\u00eate aux pieds? Si c\u2019est son droit, c\u2019est le mien de lui dire que je ne peux lui offrir les services de mon pays ni lui accorder le droit de vote.<\/p>\n<p style=\"text-align: justify;\">La question que je me suis pos\u00e9e\u00a0: est-ce que l\u2019agent d\u2019immigration, en \u00c9gypte, lui a accord\u00e9 le privil\u00e8ge de rester voil\u00e9e lors des entrevues de s\u00e9lection? Est-elle arriv\u00e9e voil\u00e9e devant nos douaniers? Est-elle au courant de nos valeurs fondamentales? \u00c9galit\u00e9 entre hommes et femmes? Et nous parlons fran\u00e7ais.<\/p>\n<p style=\"text-align: justify;\">Monsieur G\u00e9rard Bouchard (celui du rapport) nous dit qu\u2019il faut pr\u00e9server les valeurs fondamentales du Qu\u00e9bec. Je crois plut\u00f4t que nous devons les <strong>Affirmer<\/strong> clairement urbi et orbi. Pour que ceux qui veulent b\u00e9n\u00e9ficier de notre accueil, apporter leur savoir faire et contribuer au d\u00e9veloppement de notre pays soient bien renseign\u00e9s.<\/p>\n<p style=\"text-align: justify;\">J\u2019attends donc cette claire affirmation de nos valeurs autant pour moi que mes futurs citoyens immigr\u00e9s. Que le gouvernement tienne sa promesse \u00ab\u00a0d\u2019aller plus loin dans les circonstances\u00a0\u00bb.<\/p>\n<p style=\"text-align: justify;\">En attendant voyez ce qu\u2019il advient de la religion copte en \u00c9gypte!<\/p>\n<p style=\"text-align: justify;\">En attendant\u2026 le d\u00e9voilement.<\/p>\n<p style=\"text-align: justify;\"><a href=\"http:\/\/www.lecarrefourdesopinions.ca\/wp-content\/uploads\/2010\/03\/pub-Jean-Paul.jpg\"><img loading=\"lazy\" decoding=\"async\" class=\"alignleft size-large wp-image-1117\" title=\"pub Jean Paul\" src=\"http:\/\/www.lecarrefourdesopinions.ca\/wp-content\/uploads\/2010\/03\/pub-Jean-Paul-1024x665.jpg\" alt=\"\" width=\"450\" height=\"292\" srcset=\"http:\/\/www.lecarrefourdesopinions.ca\/wp-content\/uploads\/2010\/03\/pub-Jean-Paul-1024x665.jpg 1024w, http:\/\/www.lecarrefourdesopinions.ca\/wp-content\/uploads\/2010\/03\/pub-Jean-Paul-300x195.jpg 300w, http:\/\/www.lecarrefourdesopinions.ca\/wp-content\/uploads\/2010\/03\/pub-Jean-Paul-400x260.jpg 400w, http:\/\/www.lecarrefourdesopinions.ca\/wp-content\/uploads\/2010\/03\/pub-Jean-Paul.jpg 1224w\" sizes=\"auto, (max-width: 450px) 100vw, 450px\" \/><\/a><a href=\"http:\/\/www.lecarrefourdesopinions.ca\/wp-content\/uploads\/2010\/03\/Jean-Paul.jpg\"><\/a><\/p>\n<script type=\"text\/javascript\">\n\nvar addthis_config = {\"data_track_clickback\":false,\"data_track_addressbar\":false,\"data_track_textcopy\":false};\n<\/script><script type=\"text\/javascript\" src=\"\/\/s7.addthis.com\/js\/250\/addthis_widget.js#pubid=a457a6d63fb9e6ccabdde4110343bd85\"><\/script>","protected":false},"excerpt":{"rendered":"<p style=\"text-align: justify;\">En attendant\u2026 le d\u00e9voilement.<\/p>\n<p style=\"text-align: justify;\"> <span style=\"color: #3366ff;\">Par Jean-Paul Kozminski <\/span><\/p>\n<p style=\"text-align: justify;\">Le gouvernement, par la voix de sa vice-premi\u00e8re ministre, Madame Nathalie Normandeau, affirme vouloir prendre ses responsabilit\u00e9s quant au port du voile int\u00e9gral ou niqab.<\/p>\n<p style=\"text-align: justify;\">Ce ne sera pas trop &hellip;<\/p>\n","protected":false},"author":1,"featured_media":998,"comment_status":"open","ping_status":"open","sticky":false,"template":"","format":"standard","meta":{"footnotes":""},"categories":[8],"tags":[],"class_list":["post-997","post","type-post","status-publish","format-standard","has-post-thumbnail","hentry","category-reserve"],"_links":{"self":[{"href":"http:\/\/www.lecarrefourdesopinions.ca\/index.php?rest_route=\/wp\/v2\/posts\/997","targetHints":{"allow":["GET"]}}],"collection":[{"href":"http:\/\/www.lecarrefourdesopinions.ca\/index.php?rest_route=\/wp\/v2\/posts"}],"about":[{"href":"http:\/\/www.lecarrefourdesopinions.ca\/index.php?rest_route=\/wp\/v2\/types\/post"}],"author":[{"embeddable":true,"href":"http:\/\/www.lecarrefourdesopinions.ca\/index.php?rest_route=\/wp\/v2\/users\/1"}],"replies":[{"embeddable":true,"href":"http:\/\/www.lecarrefourdesopinions.ca\/index.php?rest_route=%2Fwp%2Fv2%2Fcomments&post=997"}],"version-history":[{"count":5,"href":"http:\/\/www.lecarrefourdesopinions.ca\/index.php?rest_route=\/wp\/v2\/posts\/997\/revisions"}],"predecessor-version":[{"id":2284,"href":"http:\/\/www.lecarrefourdesopinions.ca\/index.php?rest_route=\/wp\/v2\/posts\/997\/revisions\/2284"}],"wp:featuredmedia":[{"embeddable":true,"href":"http:\/\/www.lecarrefourdesopinions.ca\/index.php?rest_route=\/wp\/v2\/media\/998"}],"wp:attachment":[{"href":"http:\/\/www.lecarrefourdesopinions.ca\/index.php?rest_route=%2Fwp%2Fv2%2Fmedia&parent=997"}],"wp:term":[{"taxonomy":"category","embeddable":true,"href":"http:\/\/www.lecarrefourdesopinions.ca\/index.php?rest_route=%2Fwp%2Fv2%2Fcategories&post=997"},{"taxonomy":"post_tag","embeddable":true,"href":"http:\/\/www.lecarrefourdesopinions.ca\/index.php?rest_route=%2Fwp%2Fv2%2Ftags&post=997"}],"curies":[{"name":"wp","href":"https:\/\/api.w.org\/{rel}","templated":true}]}}