{"id":9961,"date":"2013-08-06T08:36:13","date_gmt":"2013-08-06T12:36:13","guid":{"rendered":"http:\/\/www.lecarrefourdesopinions.ca\/?p=9961"},"modified":"2013-08-06T08:36:13","modified_gmt":"2013-08-06T12:36:13","slug":"elections-de-novembre","status":"publish","type":"post","link":"http:\/\/www.lecarrefourdesopinions.ca\/?p=9961","title":{"rendered":"\u00c9lections de novembre"},"content":{"rendered":"<p><strong>\u00c9lections de novembre: le virus du<\/strong><\/p>\n<p><strong>vote strat\u00e9gique contaminera-t-il <\/strong><\/p>\n<p><strong>la sc\u00e8ne politique montr\u00e9alaise ?<\/strong><\/p>\n<p><strong>\u00a0<\/strong><\/p>\n<p><span style=\"color: #800000;\"><em>\u00a0\u00a0<img decoding=\"async\" class=\"alignleft size-full wp-image-9892\" title=\"Photo Paul Cliche\" src=\"http:\/\/www.lecarrefourdesopinions.ca\/wp-content\/uploads\/2013\/06\/Photo-Paul-Cliche.bmp\" alt=\"\" \/>\u00a0\u00a0\u00a0\u00a0\u00a0\u00a0\u00a0 Par Paul Cliche, militant progressiste \u00a0 \u00a0 \u00a0 \u00a0 \u00a0 \u00a0 \u00a0 \u00a0 \u00a0 \u00a0 \u00a0 \u00a0 \u00a0<\/em><\/span><\/p>\n<p><strong>\u00a0<\/strong><\/p>\n<p style=\"text-align: justify;\">On se souvient de l\u2019importance prise par la question du vote strat\u00e9gique \u00a0qui a s\u00e9vi lors de la campagne \u00e9lectorale qu\u00e9b\u00e9coise l\u2019\u00e9t\u00e9 dernier. Cette tactique \u00e9lectoraliste a alors \u00e9t\u00e9 utilis\u00e9e par les propagandistes du Parti qu\u00e9b\u00e9cois pour inciter les \u00e9lecteurs de la mouvance progressiste-ind\u00e9pendantiste\u00a0 \u00e0 appuyer leur formation\u00a0 -plut\u00f4t que Qu\u00e9bec solidaire ou Option nationale- afin de bloquer la voie au Parti lib\u00e9ral. Un sondage effectu\u00e9 par l\u2019agence CROP quelques jours avant le scrutin du 4 septembre 2012 a d\u00e9montr\u00e9 la port\u00e9e \u00e9tonnante de ce ph\u00e9nom\u00e8ne: presque le quart des \u00e9lecteurs (24%) qui s\u2019appr\u00eataient \u00e0 voter pour le PQ le feraient pour s\u2019assurer qu\u2019un autre parti ne prendrait pas le pouvoir et non pas parce qu\u2019ils appuyaient n\u00e9cessairement le programme de ce dernier.<\/p>\n<p>&nbsp;<\/p>\n<p style=\"text-align: justify;\">Or, \u00e0 l\u2019aube de la campagne \u00e9lectorale municipale, divers indices permettent de croire que le virus du vote strat\u00e9gique menace de contaminer aussi la sc\u00e8ne politique montr\u00e9alaise. Bien entendu, le contexte et les protagonistes ne sont pas les m\u00eames. Mais le but vis\u00e9 est semblable. Comme les organisateurs de la coalition C\u00f4t\u00e9-Harel veulent \u00e0 tout prix emp\u00eacher le populiste et d\u00e9magogue politicien qu\u2019est Denis Coderre d\u2019\u00eatre \u00e9lu, ils sollicitent l\u2019appui des \u00e9lecteurs \u00e0 tendance progressiste, \u00e9cologiste et souverainiste. Ils esp\u00e8rent ainsi les dissuader de voter pour le parti Projet Montr\u00e9al, dirig\u00e9 par Richard Bergeron, avec lequel plusieurs d\u2019entre eux ont des affinit\u00e9s \u00e0 cause de leurs convictions, en pr\u00e9tendant qu\u2019ils perdraient leur vote parce que ce dernier n\u2019aurait pr\u00e9tendument pas de chance d\u2019\u00eatre \u00e9lu.<\/p>\n<p>&nbsp;<\/p>\n<p style=\"text-align: justify;\">Sous pr\u00e9texte de \u00abvoter utile\u00bb, ces souverainistes, ces \u00e9cologistes et ces progressistes seront donc invit\u00e9s \u00e0 \u00e9lire comme maire de Montr\u00e9al Marcel C\u00f4t\u00e9, un f\u00e9d\u00e9raliste inconditionnel, un promoteur inv\u00e9t\u00e9r\u00e9 du n\u00e9olib\u00e9ralisme et un administrateur de la compagnie aurif\u00e8re Osisko qui a saccag\u00e9 la ville de\u00a0 Malartic en Abitibi et a\u00a0 chass\u00e9 plusieurs dizaines de citoyens de leur maison pour y creuser une mine \u00e0 ciel ouvert.<\/p>\n<p>&nbsp;<\/p>\n<p style=\"text-align: justify;\">Pour rendre une op\u00e9ration mystificatrice semblable acceptable pour une tranche significative de l\u2019\u00e9lectorat, une condition primordiale est de trouver une brochette de personnalit\u00e9s \u2013dont certains sont de bonne foi- pour servir de cautions afin d\u2019app\u00e2ter et leurrer les \u00e9lecteurs des secteurs cibl\u00e9s. Ainsi, cette fois-ci, l\u2019ex-pr\u00e9sidente de la CSN Claudette Carbonneau s\u2019est port\u00e9e garante pour les progressistes; l\u2019architecte Phyllis Lambert pour les \u00e9cologistes, ainsi que l\u2019ex-ministre p\u00e9quiste Louise Harel et l\u2019ex-d\u00e9put\u00e9 bloquiste R\u00e9al M\u00e9nard pour les souverainistes.<\/p>\n<p>&nbsp;<\/p>\n<p>Le 3 novembre prochain les \u00e9lecteurs montr\u00e9alais se feront-ils prendre \u00e0 ce jeu \u00e9lectoraliste \u00e9cul\u00e9 induit par le mode de scrutin\u00a0 majoritaire ou voteront-ils selon leurs convictions ? La d\u00e9mocratie repr\u00e9sentative aura-t-elle raison des man\u0153uvres qui la d\u00e9shonorent ?<\/p>\n<p>\u00a0<img loading=\"lazy\" decoding=\"async\" class=\"aligncenter size-full wp-image-9949\" title=\"pub livre Catherine\" src=\"http:\/\/www.lecarrefourdesopinions.ca\/wp-content\/uploads\/2013\/07\/pub-livre-Catherine.jpg\" alt=\"\" width=\"398\" height=\"396\" srcset=\"http:\/\/www.lecarrefourdesopinions.ca\/wp-content\/uploads\/2013\/07\/pub-livre-Catherine.jpg 398w, http:\/\/www.lecarrefourdesopinions.ca\/wp-content\/uploads\/2013\/07\/pub-livre-Catherine-300x298.jpg 300w\" sizes=\"auto, (max-width: 398px) 100vw, 398px\" \/><\/p>\n<p>&nbsp;<\/p>\n<p>&nbsp;<\/p>\n<p><strong>\u00a0<\/strong><\/p>\n<script type=\"text\/javascript\">\n\nvar addthis_config = {\"data_track_clickback\":false,\"data_track_addressbar\":false,\"data_track_textcopy\":false};\n<\/script><script type=\"text\/javascript\" src=\"\/\/s7.addthis.com\/js\/250\/addthis_widget.js#pubid=a457a6d63fb9e6ccabdde4110343bd85\"><\/script>","protected":false},"excerpt":{"rendered":"<p>\u00c9lections de novembre: le virus du<\/p>\n<p>vote strat\u00e9gique contaminera-t-il <\/p>\n<p>la sc\u00e8ne politique montr\u00e9alaise ?<\/p>\n<p>\u00a0<\/p>\n<p><span style=\"color: #800000;\">\u00a0\u00a0\u00a0\u00a0\u00a0\u00a0\u00a0\u00a0\u00a0 Par Paul Cliche, militant progressiste \u00a0 \u00a0 \u00a0 \u00a0 \u00a0 \u00a0 \u00a0 \u00a0 \u00a0 \u00a0 \u00a0 \u00a0 \u00a0<\/span><\/p>\n<p>\u00a0<\/p>\n<p style=\"text-align: justify;\">On se souvient de l\u2019importance prise par la question du vote strat\u00e9gique \u00a0qui a s\u00e9vi lors de la &hellip;<\/p>\n","protected":false},"author":1,"featured_media":0,"comment_status":"open","ping_status":"open","sticky":false,"template":"","format":"standard","meta":{"footnotes":""},"categories":[1],"tags":[],"class_list":["post-9961","post","type-post","status-publish","format-standard","hentry","category-accueil"],"_links":{"self":[{"href":"http:\/\/www.lecarrefourdesopinions.ca\/index.php?rest_route=\/wp\/v2\/posts\/9961","targetHints":{"allow":["GET"]}}],"collection":[{"href":"http:\/\/www.lecarrefourdesopinions.ca\/index.php?rest_route=\/wp\/v2\/posts"}],"about":[{"href":"http:\/\/www.lecarrefourdesopinions.ca\/index.php?rest_route=\/wp\/v2\/types\/post"}],"author":[{"embeddable":true,"href":"http:\/\/www.lecarrefourdesopinions.ca\/index.php?rest_route=\/wp\/v2\/users\/1"}],"replies":[{"embeddable":true,"href":"http:\/\/www.lecarrefourdesopinions.ca\/index.php?rest_route=%2Fwp%2Fv2%2Fcomments&post=9961"}],"version-history":[{"count":2,"href":"http:\/\/www.lecarrefourdesopinions.ca\/index.php?rest_route=\/wp\/v2\/posts\/9961\/revisions"}],"predecessor-version":[{"id":10003,"href":"http:\/\/www.lecarrefourdesopinions.ca\/index.php?rest_route=\/wp\/v2\/posts\/9961\/revisions\/10003"}],"wp:attachment":[{"href":"http:\/\/www.lecarrefourdesopinions.ca\/index.php?rest_route=%2Fwp%2Fv2%2Fmedia&parent=9961"}],"wp:term":[{"taxonomy":"category","embeddable":true,"href":"http:\/\/www.lecarrefourdesopinions.ca\/index.php?rest_route=%2Fwp%2Fv2%2Fcategories&post=9961"},{"taxonomy":"post_tag","embeddable":true,"href":"http:\/\/www.lecarrefourdesopinions.ca\/index.php?rest_route=%2Fwp%2Fv2%2Ftags&post=9961"}],"curies":[{"name":"wp","href":"https:\/\/api.w.org\/{rel}","templated":true}]}}