{"id":834,"date":"2010-03-04T10:00:44","date_gmt":"2010-03-04T15:00:44","guid":{"rendered":"http:\/\/www.lecarrefourdesopinions.ca\/?p=834"},"modified":"2010-04-01T20:01:30","modified_gmt":"2010-04-02T00:01:30","slug":"la-vieillesse","status":"publish","type":"post","link":"http:\/\/www.lecarrefourdesopinions.ca\/?p=834","title":{"rendered":"La vieillesse"},"content":{"rendered":"<p>&nbsp;<\/p>\n<p><em>La vieillesse<\/em><\/p>\n<p><span style=\"color: #0000ff;\"> par Zen Maz<a href=\"http:\/\/www.lecarrefourdesopinions.ca\/wp-content\/uploads\/2010\/03\/vieil-arbre.jpg\"><img loading=\"lazy\" decoding=\"async\" class=\"alignleft size-thumbnail wp-image-835\" title=\"vieil arbre\" src=\"http:\/\/www.lecarrefourdesopinions.ca\/wp-content\/uploads\/2010\/03\/vieil-arbre-134x107.jpg\" alt=\"\" width=\"134\" height=\"107\" \/><\/a><\/span><\/p>\n<p>&nbsp;<\/p>\n<p>&nbsp;<\/p>\n<p>&nbsp;<\/p>\n<p>&nbsp;<\/p>\n<p>&nbsp;<\/p>\n<p>&nbsp;<\/p>\n<p>&nbsp;<\/p>\n<p>La p\u00e9riode courte du printemps<\/p>\n<p>Passe vite avec le temps.<\/p>\n<p>Les bourgeons beaux et ob\u00e8ses<\/p>\n<p>Prennent une couleur ombreuse.<\/p>\n<p>&nbsp;<\/p>\n<p>La p\u00e9riode de l\u2019\u00e9t\u00e9<\/p>\n<p>Insiste \u2026 \u00c0 qu\u00eater,<\/p>\n<p>La maturit\u00e9 tant esp\u00e9r\u00e9e<\/p>\n<p>Qui nous est prof\u00e9r\u00e9e.<\/p>\n<p>&nbsp;<\/p>\n<p>La p\u00e9riode de l\u2019automne<\/p>\n<p>Est la r\u00e9colte autonome<\/p>\n<p>Des ambitions inachev\u00e9es<span style=\"color: #0000ff;\"> <\/span><\/p>\n<p>Et pr\u00e9matur\u00e9ment factur\u00e9es.<\/p>\n<p>&nbsp;<\/p>\n<p>La plus triste est\u2026 L\u2019hiver<span style=\"color: #0000ff;\"> <\/span><\/p>\n<p>Et la morte des r\u00eaves d\u2019hier,<\/p>\n<p>Et l\u2019on dit quelle tristesse<span style=\"color: #0000ff;\"> <\/span><\/p>\n<p>Que Dieu ait rat\u00e9 la vieillesse.<\/p>\n<p>&nbsp;<\/p>\n<p>Au cr\u00e9puscule de la vie<\/p>\n<p>Le d\u00e9labrement nous poursuit<\/p>\n<p>Et sur les ruines des r\u00eaves<\/p>\n<p>Nos ambitions font une tr\u00eave.<\/p>\n<script type=\"text\/javascript\">\n\nvar addthis_config = {\"data_track_clickback\":false,\"data_track_addressbar\":false,\"data_track_textcopy\":false};\n<\/script><script type=\"text\/javascript\" src=\"\/\/s7.addthis.com\/js\/250\/addthis_widget.js#pubid=a457a6d63fb9e6ccabdde4110343bd85\"><\/script>","protected":false},"excerpt":{"rendered":"<p>&nbsp;<\/p>\n<p>La vieillesse<\/p>\n<p><span style=\"color: #0000ff;\"> par Zen Maz<\/span><\/p>\n<p>&nbsp;<\/p>\n<p>&nbsp;<\/p>\n<p>&nbsp;<\/p>\n<p>&nbsp;<\/p>\n<p>&nbsp;<\/p>\n<p>&nbsp;<\/p>\n<p>&nbsp;<\/p>\n<p>La p\u00e9riode courte du printemps<\/p>\n<p>Passe vite avec le temps.<\/p>\n<p>Les bourgeons beaux et ob\u00e8ses<\/p>\n<p>Prennent une couleur ombreuse.<\/p>\n<p>&nbsp;<\/p>\n<p>La p\u00e9riode de l\u2019\u00e9t\u00e9&hellip;<\/p>\n","protected":false},"author":1,"featured_media":861,"comment_status":"open","ping_status":"open","sticky":false,"template":"","format":"standard","meta":{"footnotes":""},"categories":[8],"tags":[6],"class_list":["post-834","post","type-post","status-publish","format-standard","has-post-thumbnail","hentry","category-reserve","tag-zen-mazz"],"_links":{"self":[{"href":"http:\/\/www.lecarrefourdesopinions.ca\/index.php?rest_route=\/wp\/v2\/posts\/834","targetHints":{"allow":["GET"]}}],"collection":[{"href":"http:\/\/www.lecarrefourdesopinions.ca\/index.php?rest_route=\/wp\/v2\/posts"}],"about":[{"href":"http:\/\/www.lecarrefourdesopinions.ca\/index.php?rest_route=\/wp\/v2\/types\/post"}],"author":[{"embeddable":true,"href":"http:\/\/www.lecarrefourdesopinions.ca\/index.php?rest_route=\/wp\/v2\/users\/1"}],"replies":[{"embeddable":true,"href":"http:\/\/www.lecarrefourdesopinions.ca\/index.php?rest_route=%2Fwp%2Fv2%2Fcomments&post=834"}],"version-history":[{"count":5,"href":"http:\/\/www.lecarrefourdesopinions.ca\/index.php?rest_route=\/wp\/v2\/posts\/834\/revisions"}],"predecessor-version":[{"id":841,"href":"http:\/\/www.lecarrefourdesopinions.ca\/index.php?rest_route=\/wp\/v2\/posts\/834\/revisions\/841"}],"wp:featuredmedia":[{"embeddable":true,"href":"http:\/\/www.lecarrefourdesopinions.ca\/index.php?rest_route=\/wp\/v2\/media\/861"}],"wp:attachment":[{"href":"http:\/\/www.lecarrefourdesopinions.ca\/index.php?rest_route=%2Fwp%2Fv2%2Fmedia&parent=834"}],"wp:term":[{"taxonomy":"category","embeddable":true,"href":"http:\/\/www.lecarrefourdesopinions.ca\/index.php?rest_route=%2Fwp%2Fv2%2Fcategories&post=834"},{"taxonomy":"post_tag","embeddable":true,"href":"http:\/\/www.lecarrefourdesopinions.ca\/index.php?rest_route=%2Fwp%2Fv2%2Ftags&post=834"}],"curies":[{"name":"wp","href":"https:\/\/api.w.org\/{rel}","templated":true}]}}