{"id":793,"date":"2010-03-04T10:04:55","date_gmt":"2010-03-04T15:04:55","guid":{"rendered":"http:\/\/www.lecarrefourdesopinions.ca\/?p=793"},"modified":"2010-04-08T22:26:10","modified_gmt":"2010-04-09T02:26:10","slug":"anniversaire-de-naissance-de-chopin-deuxieme-partie-2","status":"publish","type":"post","link":"http:\/\/www.lecarrefourdesopinions.ca\/?p=793","title":{"rendered":"Anniversaire de naissance de Chopin (deuxi\u00e8me partie)"},"content":{"rendered":"<p>&nbsp;<\/p>\n<p><a href=\"http:\/\/www.lecarrefourdesopinions.ca\/wp-content\/uploads\/2010\/03\/artiste-chopin.jpg\"><img loading=\"lazy\" decoding=\"async\" class=\"alignleft size-thumbnail wp-image-817\" title=\"artiste chopin\" src=\"http:\/\/www.lecarrefourdesopinions.ca\/wp-content\/uploads\/2010\/03\/artiste-chopin-134x107.jpg\" alt=\"\" width=\"134\" height=\"107\" \/><\/a><\/p>\n<h2>Anniversaire de naissance de Fr\u00e9d\u00e9ric Chopin (deuxi\u00e8me partie)<\/h2>\n<p><span style=\"color: #0000ff;\"><strong> par Malgorzata Kubala <\/strong><\/span><\/p>\n<p><span style=\"color: #0000ff;\"><strong>Correspondance de Varsovie <\/strong><\/span><\/p>\n<p><strong> <\/strong><\/p>\n<p><strong> <\/strong><\/p>\n<p style=\"text-align: justify;\">\u00c0 la naissance de Chopin, en 1810, la Pologne est dans un \u00e9tat de d\u00e9labrement politique, son ancien territoire se trouvant partag\u00e9 entre les trois puissances voisines, la Russie, la Prusse et l\u2019Autriche. Le Grand-duch\u00e9 de Varsovie, centre national culturel et \u00e9conomique, se trouve alors aux prises avec la crise et le protectorat russe. Durant cette p\u00e9riode, r\u00e9agissant \u00e0 la division et \u00e0 l\u2019oppression, la soci\u00e9t\u00e9 polonaise reprend vie, en particulier avec l\u2019aide de la couche politique et culturelle.<\/p>\n<h2><a href=\"http:\/\/www.lecarrefourdesopinions.ca\/wp-content\/uploads\/2010\/03\/Varsovie3.jpg\"><img loading=\"lazy\" decoding=\"async\" class=\"alignright size-medium wp-image-807\" title=\"Varsovie\" src=\"http:\/\/www.lecarrefourdesopinions.ca\/wp-content\/uploads\/2010\/03\/Varsovie3-300x200.jpg\" alt=\"\" width=\"300\" height=\"200\" srcset=\"http:\/\/www.lecarrefourdesopinions.ca\/wp-content\/uploads\/2010\/03\/Varsovie3-300x200.jpg 300w, http:\/\/www.lecarrefourdesopinions.ca\/wp-content\/uploads\/2010\/03\/Varsovie3-400x266.jpg 400w, http:\/\/www.lecarrefourdesopinions.ca\/wp-content\/uploads\/2010\/03\/Varsovie3.jpg 640w\" sizes=\"auto, (max-width: 300px) 100vw, 300px\" \/><\/a><\/h2>\n<p style=\"text-align: justify;\">Ce n\u2019est que 20 ans plus tard que le d\u00e9veloppement culturel et politique de la Pologne prend de l\u2019ampleur et entra\u00eene le soul\u00e8vement de l\u2019ind\u00e9pendance sous la forme de l\u2019insurrection de novembre. \u00c0 cette \u00e9poque, Varsovie se pr\u00e9sente comme une m\u00e9tropole inhabituelle o\u00f9 l\u2019apparence et le m\u00e9lange des styles refl\u00e8tent \u00e0 la fois son riche pass\u00e9 et son \u00e9tat actuel, d\u00e9vast\u00e9 par la guerre.<\/p>\n<p style=\"text-align: justify;\">Chopin a v\u00e9cu dans l\u2019aile du Palais de Saxon qui abritait l\u2019\u00e9cole secondaire \u00e0 Varsovie.<\/p>\n<h2><a href=\"http:\/\/www.lecarrefourdesopinions.ca\/wp-content\/uploads\/2010\/03\/universit\u00e9-de-Varsovie2.jpg\"><img loading=\"lazy\" decoding=\"async\" class=\"alignleft size-medium wp-image-808\" title=\"universit\u00e9 de Varsovie\" src=\"http:\/\/www.lecarrefourdesopinions.ca\/wp-content\/uploads\/2010\/03\/universit\u00e9-de-Varsovie2-300x200.jpg\" alt=\"\" width=\"300\" height=\"200\" srcset=\"http:\/\/www.lecarrefourdesopinions.ca\/wp-content\/uploads\/2010\/03\/universit\u00e9-de-Varsovie2-300x200.jpg 300w, http:\/\/www.lecarrefourdesopinions.ca\/wp-content\/uploads\/2010\/03\/universit\u00e9-de-Varsovie2-400x266.jpg 400w, http:\/\/www.lecarrefourdesopinions.ca\/wp-content\/uploads\/2010\/03\/universit\u00e9-de-Varsovie2.jpg 640w\" sizes=\"auto, (max-width: 300px) 100vw, 300px\" \/><\/a><\/h2>\n<p style=\"text-align: justify;\">En 1817, l\u2019\u00e9cole est transf\u00e9r\u00e9e au palais de Kazimierz reconstruit\u00a0 (il fait partie maintenant des b\u00e2timents de l\u2019Universit\u00e9 de Varsovie)\u00a0 et la famille de Chopin y\u00a0 emm\u00e9nage dans un appartement spacieux qui occupe toute l\u2019aile droite.<\/p>\n<p style=\"text-align: justify;\">Cette p\u00e9riode correspond, pour le jeune prodige, \u00e0 son premier contact avec la musique et \u00e0 ses d\u00e9buts dans son \u00e9volution artistique peu banale, d\u00e9buts associ\u00e9s, bien s\u00fbr, \u00e0 la maison familiale\u00a0: l\u2019un des \u00e9l\u00e9ments importants de la vie de Chopin fut que sa m\u00e8re jouait du piano et chantait bien. Son p\u00e8re avait appris \u00e0 jouer de la fl\u00fbte et, le petit Fr\u00e9d\u00e9ric l\u2019ayant cass\u00e9e un jour, Nicolas, son p\u00e8re, se mit \u00e0 jouer du violon. Louise, la fille a\u00een\u00e9e, apprit le piano \u00e0 \u00c9milie, la s\u0153ur cadette, au talent exceptionnel mais qui d\u00e9c\u00e9da pr\u00e9matur\u00e9ment.<\/p>\n<p style=\"text-align: justify;\">\u00c0 l\u2019\u00e2ge de six ans, Fr\u00e9d\u00e9ric apprit le piano aupr\u00e8s d\u2019un ami de son p\u00e8re, Wojciech Zywny, un homme extraordinaire, coiff\u00e9 d\u2019une perruque d\u00e9mod\u00e9e et toujours accompagn\u00e9 de sa tabati\u00e8re et de son crayon. Il introduisit le jeune Chopin au monde de la musique classique, tout en lui laissant une grande libert\u00e9 cr\u00e9atrice.<\/p>\n<h2><a href=\"http:\/\/www.lecarrefourdesopinions.ca\/wp-content\/uploads\/2010\/03\/Palais-royal1.jpg\"><img loading=\"lazy\" decoding=\"async\" class=\"alignright size-medium wp-image-809\" title=\"Palais royal\" src=\"http:\/\/www.lecarrefourdesopinions.ca\/wp-content\/uploads\/2010\/03\/Palais-royal1-300x200.jpg\" alt=\"\" width=\"300\" height=\"200\" srcset=\"http:\/\/www.lecarrefourdesopinions.ca\/wp-content\/uploads\/2010\/03\/Palais-royal1-300x200.jpg 300w, http:\/\/www.lecarrefourdesopinions.ca\/wp-content\/uploads\/2010\/03\/Palais-royal1-400x266.jpg 400w, http:\/\/www.lecarrefourdesopinions.ca\/wp-content\/uploads\/2010\/03\/Palais-royal1.jpg 640w\" sizes=\"auto, (max-width: 300px) 100vw, 300px\" \/><\/a><\/h2>\n<p style=\"text-align: justify;\">\u00c0 sept ans, Chopin composait d\u00e9j\u00e0 ses premi\u00e8res pi\u00e8ces- polonaises et variations. En 1818, le \u00abM\u00e9moire de Varsovie\u00bb pr\u00e9senta la premi\u00e8re critique de ses compositions de jeunesse- Polonaise en g-mineur\u00a0: \u00ab\u00a0 <em>Le compositeur de huit ans de cette danse polonaise [\u2026] est un v\u00e9ritable g\u00e9nie musical, non seulement en raison de la facilit\u00e9 et du succ\u00e8s des plus extraordinaires que remportent ses morceaux de piano souvent des plus difficiles, mais il est aussi le compositeur de plusieurs danses et variations, devant lequel les experts ne cessent d\u2019 \u00eatre \u00e9tonn\u00e9s, surtout lorsque l\u2019on pense \u00e0 l\u2019\u00e2ge de cet enfant. Ce jeune homme a probablement d\u00e9j\u00e0 attir\u00e9 l\u2019attention de toutes les soci\u00e9t\u00e9s. Ceci est une indication que sur notre territoire est n\u00e9 un g\u00e9nie. <\/em><\/p>\n<p><em> <\/em><\/p>\n<p><strong>Le 24 f\u00e9vrier 1818<\/strong><\/p>\n<p style=\"text-align: justify;\">\u00c0 cette \u00e9poque, la Soci\u00e9t\u00e9 de Bienfaisance de Varsovie invite Chopin \u00e0 une soir\u00e9e artistique. Il est fort probable que cet \u00e9v\u00e9nement fut sa premi\u00e8re apparition publique. Pour l\u2019occasion, il est accompagn\u00e9 de Zygmunt Krasinski, \u00e2g\u00e9 seulement de six ans. Ce dernier pr\u00e9sentait pour la premi\u00e8re fois son po\u00e8me. Il devint plus tard un po\u00e8te polonais de grande envergure.<\/p>\n<p style=\"text-align: justify;\">La gloire du jeune compositeur et pianiste continue de se r\u00e9pandre de plus en plus au fil des jours. Chopin re\u00e7oit r\u00e9guli\u00e8rement et fr\u00e9quemment des invitations provenant<\/p>\n<h2><a href=\"http:\/\/www.lecarrefourdesopinions.ca\/wp-content\/uploads\/2010\/03\/Belv\u00e9d\u00e8re1.jpg\"><img loading=\"lazy\" decoding=\"async\" class=\"alignleft size-medium wp-image-802\" title=\"Belv\u00e9d\u00e8re\" src=\"http:\/\/www.lecarrefourdesopinions.ca\/wp-content\/uploads\/2010\/03\/Belv\u00e9d\u00e8re1-300x200.jpg\" alt=\"\" width=\"300\" height=\"200\" srcset=\"http:\/\/www.lecarrefourdesopinions.ca\/wp-content\/uploads\/2010\/03\/Belv\u00e9d\u00e8re1-300x200.jpg 300w, http:\/\/www.lecarrefourdesopinions.ca\/wp-content\/uploads\/2010\/03\/Belv\u00e9d\u00e8re1-400x266.jpg 400w, http:\/\/www.lecarrefourdesopinions.ca\/wp-content\/uploads\/2010\/03\/Belv\u00e9d\u00e8re1.jpg 640w\" sizes=\"auto, (max-width: 300px) 100vw, 300px\" \/><\/a><\/h2>\n<p style=\"text-align: justify;\">de grandes familles aristocratiques de Varsovie comme les Czartoryski, Sapieha, Wolickich, Zamoyski, Mokronowskich, Grabowski et les Kickich, entre autres. Sur invitation sp\u00e9ciale, il jouait souvent au Belv\u00e9d\u00e8re.<\/p>\n<p>Les airs qui \u00e9manaient de ses pi\u00e8ces lors de ces instants presque magiques eurent un impact b\u00e9n\u00e9fique et sans \u00e9gal sur le grand-duc Constantin mais aussi sur bien des g\u00e9n\u00e9rations \u00e0 venir\u2026<\/p>\n<p><strong><span style=\"color: #0000ff;\"><em>Les photos sont une gracieuset\u00e9 de Waldemar Dubinski<\/em><\/span><\/strong><\/p>\n<p>&nbsp;<\/p>\n<p>&nbsp;<\/p>\n<p>&nbsp;<\/p>\n<p>&nbsp;<\/p>\n<p>&nbsp;<\/p>\n<p>&nbsp;<\/p>\n<p>&nbsp;<\/p>\n<p>&nbsp;<\/p>\n<p>&nbsp;<\/p>\n<p>&nbsp;<\/p>\n<p>&nbsp;<\/p>\n<p><a href=\"http:\/\/www.lecarrefourdesopinions.ca\/wp-content\/uploads\/2010\/03\/pub-Jean-Paul-Kozminski.jpg\"><img loading=\"lazy\" decoding=\"async\" class=\"aligncenter size-full wp-image-878\" title=\"pub Jean Paul Kozminski\" src=\"http:\/\/www.lecarrefourdesopinions.ca\/wp-content\/uploads\/2010\/03\/pub-Jean-Paul-Kozminski.jpg\" alt=\"\" width=\"503\" height=\"328\" srcset=\"http:\/\/www.lecarrefourdesopinions.ca\/wp-content\/uploads\/2010\/03\/pub-Jean-Paul-Kozminski.jpg 503w, http:\/\/www.lecarrefourdesopinions.ca\/wp-content\/uploads\/2010\/03\/pub-Jean-Paul-Kozminski-300x195.jpg 300w, http:\/\/www.lecarrefourdesopinions.ca\/wp-content\/uploads\/2010\/03\/pub-Jean-Paul-Kozminski-400x260.jpg 400w\" sizes=\"auto, (max-width: 503px) 100vw, 503px\" \/><\/a><\/p>\n<script type=\"text\/javascript\">\n\nvar addthis_config = {\"data_track_clickback\":false,\"data_track_addressbar\":false,\"data_track_textcopy\":false};\n<\/script><script type=\"text\/javascript\" src=\"\/\/s7.addthis.com\/js\/250\/addthis_widget.js#pubid=a457a6d63fb9e6ccabdde4110343bd85\"><\/script>","protected":false},"excerpt":{"rendered":"<p>&nbsp;<\/p>\n<\/p>\n<p>Anniversaire de naissance de Fr\u00e9d\u00e9ric Chopin (deuxi\u00e8me partie)<\/p>\n<p><span style=\"color: #0000ff;\"> par Malgorzata Kubala <\/span><\/p>\n<p><span style=\"color: #0000ff;\">Correspondance de Varsovie <\/span><\/p>\n<\/p>\n<p style=\"text-align: justify;\">\u00c0 la naissance de Chopin, en 1810, la Pologne est dans un \u00e9tat de d\u00e9labrement politique, son ancien territoire se trouvant partag\u00e9 &hellip;<\/p>\n","protected":false},"author":1,"featured_media":817,"comment_status":"open","ping_status":"open","sticky":false,"template":"","format":"standard","meta":{"footnotes":""},"categories":[8],"tags":[],"class_list":["post-793","post","type-post","status-publish","format-standard","has-post-thumbnail","hentry","category-reserve"],"_links":{"self":[{"href":"http:\/\/www.lecarrefourdesopinions.ca\/index.php?rest_route=\/wp\/v2\/posts\/793","targetHints":{"allow":["GET"]}}],"collection":[{"href":"http:\/\/www.lecarrefourdesopinions.ca\/index.php?rest_route=\/wp\/v2\/posts"}],"about":[{"href":"http:\/\/www.lecarrefourdesopinions.ca\/index.php?rest_route=\/wp\/v2\/types\/post"}],"author":[{"embeddable":true,"href":"http:\/\/www.lecarrefourdesopinions.ca\/index.php?rest_route=\/wp\/v2\/users\/1"}],"replies":[{"embeddable":true,"href":"http:\/\/www.lecarrefourdesopinions.ca\/index.php?rest_route=%2Fwp%2Fv2%2Fcomments&post=793"}],"version-history":[{"count":5,"href":"http:\/\/www.lecarrefourdesopinions.ca\/index.php?rest_route=\/wp\/v2\/posts\/793\/revisions"}],"predecessor-version":[{"id":2277,"href":"http:\/\/www.lecarrefourdesopinions.ca\/index.php?rest_route=\/wp\/v2\/posts\/793\/revisions\/2277"}],"wp:featuredmedia":[{"embeddable":true,"href":"http:\/\/www.lecarrefourdesopinions.ca\/index.php?rest_route=\/wp\/v2\/media\/817"}],"wp:attachment":[{"href":"http:\/\/www.lecarrefourdesopinions.ca\/index.php?rest_route=%2Fwp%2Fv2%2Fmedia&parent=793"}],"wp:term":[{"taxonomy":"category","embeddable":true,"href":"http:\/\/www.lecarrefourdesopinions.ca\/index.php?rest_route=%2Fwp%2Fv2%2Fcategories&post=793"},{"taxonomy":"post_tag","embeddable":true,"href":"http:\/\/www.lecarrefourdesopinions.ca\/index.php?rest_route=%2Fwp%2Fv2%2Ftags&post=793"}],"curies":[{"name":"wp","href":"https:\/\/api.w.org\/{rel}","templated":true}]}}