{"id":6135,"date":"2011-07-05T16:39:01","date_gmt":"2011-07-05T20:39:01","guid":{"rendered":"http:\/\/www.lecarrefourdesopinions.ca\/?p=6135"},"modified":"2011-07-05T16:39:01","modified_gmt":"2011-07-05T20:39:01","slug":"et-de-deux-pour-completement-cirque","status":"publish","type":"post","link":"http:\/\/www.lecarrefourdesopinions.ca\/?p=6135","title":{"rendered":"ET DE DEUX POUR COMPL\u00c8TEMENT CIRQUE"},"content":{"rendered":"<p><span style=\"color: #3366ff;\"><strong>ET DE DEUX POUR COMPL\u00c8TEMENT CIRQUE<\/strong><\/span><\/p>\n<p><img loading=\"lazy\" decoding=\"async\" class=\"alignleft size-thumbnail wp-image-6138\" title=\"yves Alavo\" src=\"http:\/\/www.lecarrefourdesopinions.ca\/wp-content\/uploads\/2011\/07\/yves-Alavo-112x107.jpg\" alt=\"\" width=\"112\" height=\"107\" \/> <span style=\"color: #800000;\"><em>Par Yves ALAVO <\/em><\/span><\/p>\n<p>&nbsp;<\/p>\n<p style=\"text-align: justify;\">Dans le cadre de la deuxi\u00e8me \u00e9dition du festival consacr\u00e9 aux arts circassiens, 15 spectacles et 200 artistes sont au menu de la programmation.\u00a0 Des activit\u00e9s sont pr\u00e9vues d\u00e8s mercredi soir, la veille de l\u2019ouverture le 6 juillet, m\u00eame si officiellement la deuxi\u00e8me \u00e9dition de Montr\u00e9al Compl\u00e8tement Cirque d\u00e9bute jeudi 7 juillet.\u00a0 Ce sont \u00abLes Minutes compl\u00e8tement cirque\u00bb qui ouvriront le festival d\u00e8s 18h20, sur la Place \u00c9milie-Gamelin, au-dessus de la station de m\u00e9tro Berri.\u00a0 Une cinquantaine d&rsquo;artistes regroup\u00e9s au sein de la toute nouvelle roulotte <em>Compl\u00e8tement Cirque<\/em> animeront le secteur tout au long du festival, du 7 au 24 juillet 2011.<\/p>\n<p style=\"text-align: justify;\">\n<p style=\"text-align: justify;\">En salle l\u2019acrobatie d\u2019envol sera donn\u00e9e jeudi soir 7 juillet \u00e0 la TOHU, l&rsquo;espace circulaire situ\u00e9 dans le nord-est de la m\u00e9tropole, qui pr\u00e9sentera la premi\u00e8re de Wunderkammer, la derni\u00e8re cr\u00e9ation de la troupe <em>C!RCA<\/em>, un spectacle ax\u00e9 sur le burlesque.\u00a0 \u00c0 compter de lundi prochain, 11 juillet 2011, on pourra voir les huit hommes qui forment <em>Tom Tom Crew<\/em> et leur nouveau spectacle cirque typiquement urbain qui se m\u00e9lange avec le hip-hop, le beatbox et le scratching.\u00a0 Ce spectacle sera pr\u00e9sent\u00e9 sous un grand chapiteau localis\u00e9 dans le stationnement de <em>Radio-Canada<\/em>, proche des intersections de Papineau et du Boulevard Ren\u00e9 L\u00e9vesque.<\/p>\n<p style=\"text-align: justify;\">\n<p style=\"text-align: justify;\"><em>Montr\u00e9al Compl\u00e8tement Cirque<\/em> pr\u00e9sentera aussi <em>Cirque invisible de France<\/em>, sign\u00e9 Victoria Chaplin, la fille de Charlie Chaplin, et Jean-Baptiste Thi\u00e9rr\u00e9e, parents du c\u00e9l\u00e8bre James Thi\u00e9rr\u00e9e.\u00a0 \u00c9galement de France, on verra <em>Le Chant du dindon<\/em> du groupe <em>Rasposo<\/em>. Il s&rsquo;agit d&rsquo;un cirque familial qui se d\u00e9place avec son propre chapiteau et ses animaux, dont un dindon, une souris et quatre chiens.\u00a0 La troupe compte 9 acrobates, \u00e9galement com\u00e9diens, ainsi que 4 musiciens.<\/p>\n<p style=\"text-align: justify;\">\n<p style=\"text-align: justify;\">De la Belgique, les spectateurs pourront appr\u00e9cier le travail du <em>duo Okidok<\/em>, form\u00e9 de deux clowns, consid\u00e9r\u00e9s comme les seuls sp\u00e9cialistes au monde \u00e0 ex\u00e9cuter ce qu&rsquo;on appelle \u00able grand saut dans la bobette\u00bb.\u00a0 Le festival accueille aussi <em>Les 7 doigts de la main,<\/em> compagnie n\u00e9e ici et qui voyage autour du monde, notamment avec son spectacle <em>Traces<\/em> \u00e0 New York pour six mois.\u00a0 Pour Montr\u00e9al, l&rsquo;\u00e9quipe lancera <em>Patinoire,<\/em> le premier spectacle en solo de Patrick L\u00e9onard, cofondateur de l&rsquo;entreprise, qui a concoct\u00e9 un tout nouveau cabaret.<\/p>\n<p style=\"text-align: justify;\">\n<p style=\"text-align: justify;\">Enfin, <em>Montr\u00e9al Compl\u00e8tement Cirque<\/em> int\u00e8gre <em>Totem <\/em>\u00e0 sa programmation, la derni\u00e8re cr\u00e9ation sous chapiteau du <em>Cirque du Soleil<\/em>, qui avait connu un \u00e9norme succ\u00e8s l&rsquo;\u00e9t\u00e9 dernier.\u00a0 Le festival, d\u00e9centralis\u00e9, a aussi inscrit des prestations dans les arrondissements de Verdun, d&rsquo;Hochelaga-Maisonneuve, de Saint-L\u00e9onard et de Saint-Michel.<\/p>\n<p style=\"text-align: justify;\">\n<p><img loading=\"lazy\" decoding=\"async\" class=\"alignleft size-medium wp-image-6136\" title=\"MIShows-4da892fce32588_28512231-w330h230\" src=\"http:\/\/www.lecarrefourdesopinions.ca\/wp-content\/uploads\/2011\/07\/MIShows-4da892fce32588_28512231-w330h230-300x208.jpg\" alt=\"\" width=\"300\" height=\"208\" srcset=\"http:\/\/www.lecarrefourdesopinions.ca\/wp-content\/uploads\/2011\/07\/MIShows-4da892fce32588_28512231-w330h230-300x208.jpg 300w, http:\/\/www.lecarrefourdesopinions.ca\/wp-content\/uploads\/2011\/07\/MIShows-4da892fce32588_28512231-w330h230.jpg 330w\" sizes=\"auto, (max-width: 300px) 100vw, 300px\" \/><img loading=\"lazy\" decoding=\"async\" class=\"alignleft size-full wp-image-6137\" title=\"MShows-4da892c16666b7_69654925-w212h90\" src=\"http:\/\/www.lecarrefourdesopinions.ca\/wp-content\/uploads\/2011\/07\/MShows-4da892c16666b7_69654925-w212h90.jpg\" alt=\"\" width=\"212\" height=\"89\" \/><\/p>\n<p style=\"text-align: justify;\">\n<p style=\"text-align: justify;\">Danse africaine, chant, percussions, breakdancing, sangles a\u00e9riennes, jonglerie, musique envo\u00fbtante, \u00e9nergie \u00e0 profusion et plaisir \u00e0 revendre : le plus africain des cirques montr\u00e9alais investit la avec K\u00f4 Ryass (nom de la salle), un spectacle d\u00e9bordant de num\u00e9ros aux noms \u00e9vocateurs : danse de l\u2019oiseau, corde lisse et danse des esprits, danse de la joie\u2026 Formidable m\u00e9lange de disciplines circassiennes et d\u2019arts traditionnels guin\u00e9ens, K\u00f4 Ryass (coriace) c\u00e9l\u00e8bre la d\u00e9termination, la t\u00e9nacit\u00e9 et la force: force de caract\u00e8re, force de l\u2019amour et du groupe, solidit\u00e9 \u00e9motive et spirituelle, robustesse du corps, puissance de la terre, de la nature et des \u00e9l\u00e9ments, bref, un spectacle aussi vigoureux qu\u2019imbattable ! \u00a0Applaudi \u00e0 Duba\u00ef et en tourn\u00e9e canadienne, ce dernier opus des <em>Productions Kalabant\u00e9<\/em> est, forc\u00e9ment, plac\u00e9 sous le signe de la f\u00eate et de la magie ! 100 % tonique !<\/p>\n<p style=\"text-align: justify;\"><span style=\"color: #800000;\">La programmation totale et le d\u00e9tail des spectacles\u00a0:<\/span><\/p>\n<p><a href=\"http:\/\/completementcirque.com\/spectacles\">http:\/\/completementcirque.com\/spectacles<\/a><\/p>\n<p><img loading=\"lazy\" decoding=\"async\" class=\"alignleft size-full wp-image-6139\" title=\"Voyages_VolmarBC\" src=\"http:\/\/www.lecarrefourdesopinions.ca\/wp-content\/uploads\/2011\/07\/Voyages_VolmarBC.jpg\" alt=\"\" width=\"853\" height=\"568\" srcset=\"http:\/\/www.lecarrefourdesopinions.ca\/wp-content\/uploads\/2011\/07\/Voyages_VolmarBC.jpg 853w, http:\/\/www.lecarrefourdesopinions.ca\/wp-content\/uploads\/2011\/07\/Voyages_VolmarBC-300x199.jpg 300w, http:\/\/www.lecarrefourdesopinions.ca\/wp-content\/uploads\/2011\/07\/Voyages_VolmarBC-400x266.jpg 400w\" sizes=\"auto, (max-width: 853px) 100vw, 853px\" \/><\/p>\n<p>&nbsp;<\/p>\n<script type=\"text\/javascript\">\n\nvar addthis_config = {\"data_track_clickback\":false,\"data_track_addressbar\":false,\"data_track_textcopy\":false};\n<\/script><script type=\"text\/javascript\" src=\"\/\/s7.addthis.com\/js\/250\/addthis_widget.js#pubid=a457a6d63fb9e6ccabdde4110343bd85\"><\/script>","protected":false},"excerpt":{"rendered":"<p><span style=\"color: #3366ff;\">ET DE DEUX POUR COMPL\u00c8TEMENT CIRQUE<\/span><\/p>\n<p> <span style=\"color: #800000;\">Par Yves ALAVO <\/span><\/p>\n<p>&nbsp;<\/p>\n<p style=\"text-align: justify;\">Dans le cadre de la deuxi\u00e8me \u00e9dition du festival consacr\u00e9 aux arts circassiens, 15 spectacles et 200 artistes sont au menu de la programmation.\u00a0 Des activit\u00e9s sont &hellip;<\/p>\n","protected":false},"author":1,"featured_media":0,"comment_status":"open","ping_status":"open","sticky":false,"template":"","format":"standard","meta":{"footnotes":""},"categories":[1],"tags":[],"class_list":["post-6135","post","type-post","status-publish","format-standard","hentry","category-accueil"],"_links":{"self":[{"href":"http:\/\/www.lecarrefourdesopinions.ca\/index.php?rest_route=\/wp\/v2\/posts\/6135","targetHints":{"allow":["GET"]}}],"collection":[{"href":"http:\/\/www.lecarrefourdesopinions.ca\/index.php?rest_route=\/wp\/v2\/posts"}],"about":[{"href":"http:\/\/www.lecarrefourdesopinions.ca\/index.php?rest_route=\/wp\/v2\/types\/post"}],"author":[{"embeddable":true,"href":"http:\/\/www.lecarrefourdesopinions.ca\/index.php?rest_route=\/wp\/v2\/users\/1"}],"replies":[{"embeddable":true,"href":"http:\/\/www.lecarrefourdesopinions.ca\/index.php?rest_route=%2Fwp%2Fv2%2Fcomments&post=6135"}],"version-history":[{"count":2,"href":"http:\/\/www.lecarrefourdesopinions.ca\/index.php?rest_route=\/wp\/v2\/posts\/6135\/revisions"}],"predecessor-version":[{"id":6141,"href":"http:\/\/www.lecarrefourdesopinions.ca\/index.php?rest_route=\/wp\/v2\/posts\/6135\/revisions\/6141"}],"wp:attachment":[{"href":"http:\/\/www.lecarrefourdesopinions.ca\/index.php?rest_route=%2Fwp%2Fv2%2Fmedia&parent=6135"}],"wp:term":[{"taxonomy":"category","embeddable":true,"href":"http:\/\/www.lecarrefourdesopinions.ca\/index.php?rest_route=%2Fwp%2Fv2%2Fcategories&post=6135"},{"taxonomy":"post_tag","embeddable":true,"href":"http:\/\/www.lecarrefourdesopinions.ca\/index.php?rest_route=%2Fwp%2Fv2%2Ftags&post=6135"}],"curies":[{"name":"wp","href":"https:\/\/api.w.org\/{rel}","templated":true}]}}