{"id":6122,"date":"2011-07-02T08:36:40","date_gmt":"2011-07-02T12:36:40","guid":{"rendered":"http:\/\/www.lecarrefourdesopinions.ca\/?p=6122"},"modified":"2011-07-07T07:59:17","modified_gmt":"2011-07-07T11:59:17","slug":"communique-6","status":"publish","type":"post","link":"http:\/\/www.lecarrefourdesopinions.ca\/?p=6122","title":{"rendered":"LA BOURSE D&rsquo;\u00c9TUDES"},"content":{"rendered":"<p><strong><span style=\"color: #3366ff;\">Une\u00a0 bourse d&rsquo;\u00e9tudes d\u00e9cern\u00e9e par le Carrefour des opinions \u00e0 une \u00e9tudiante talentueuse<\/span><br \/><\/strong><\/p>\n<p><span style=\"color: #800000;\"><em> Par Joanna Gibalska<\/em><\/span><\/p>\n<p><img loading=\"lazy\" decoding=\"async\" class=\"alignleft size-medium wp-image-6125\" title=\"stasiekA\" src=\"http:\/\/www.lecarrefourdesopinions.ca\/wp-content\/uploads\/2011\/07\/stasiekA1-250x300.jpg\" alt=\"\" width=\"250\" height=\"300\" srcset=\"http:\/\/www.lecarrefourdesopinions.ca\/wp-content\/uploads\/2011\/07\/stasiekA1-250x300.jpg 250w, http:\/\/www.lecarrefourdesopinions.ca\/wp-content\/uploads\/2011\/07\/stasiekA1-400x478.jpg 400w, http:\/\/www.lecarrefourdesopinions.ca\/wp-content\/uploads\/2011\/07\/stasiekA1.jpg 762w\" sizes=\"auto, (max-width: 250px) 100vw, 250px\" \/><span style=\"color: #0000ff;\"> <\/span><\/p>\n<p style=\"text-align: justify;\"><span style=\"color: #000000;\">Le 22 juin dernier<\/span><span style=\"color: #000000;\"> a eu lieu <\/span>la c\u00e9r\u00e9monie de remise des certificats et dipl\u00f4mes de fin d&rsquo;ann\u00e9e ( ann\u00e9e scolaire 2010\/2011) du lyc\u00e9e no I St-Staszic.<\/p>\n<p style=\"text-align: justify;\">Pour l&rsquo;occasion, tous les professeurs et les \u00e9tudiants\u00a0 \u00e9taient rassembl\u00e9s\u00a0 dans le\u00a0 gymnase du lyc\u00e9e.<\/p>\n<p style=\"text-align: justify;\">Cette c\u00e9r\u00e9monie \u00e9tait le moment id\u00e9al pour annoncer la d\u00e9cision d&rsquo;accorder \u00e0 Mademoiselle Weronika Iljasow la bourse d&rsquo;\u00e9tudes d\u00e9cern\u00e9e par <strong>Le Carrefour des Opinions<\/strong> et qui lui a \u00e9t\u00e9 remise par la Directrice du Lyc\u00e9e, Madame Grazyna Kalamaga.<\/p>\n<script type=\"text\/javascript\">\n\nvar addthis_config = {\"data_track_clickback\":false,\"data_track_addressbar\":false,\"data_track_textcopy\":false};\n<\/script><script type=\"text\/javascript\" src=\"\/\/s7.addthis.com\/js\/250\/addthis_widget.js#pubid=a457a6d63fb9e6ccabdde4110343bd85\"><\/script>","protected":false},"excerpt":{"rendered":"<p><span style=\"color: #3366ff;\">Une\u00a0 bourse d&rsquo;\u00e9tudes d\u00e9cern\u00e9e par le Carrefour des opinions \u00e0 une \u00e9tudiante talentueuse<\/span><\/p>\n<p><span style=\"color: #800000;\"> Par Joanna Gibalska<\/span><\/p>\n<p><span style=\"color: #0000ff;\"> <\/span><\/p>\n<p style=\"text-align: justify;\"><span style=\"color: #000000;\">Le 22 juin dernier<\/span><span style=\"color: #000000;\"> a eu lieu <\/span>la c\u00e9r\u00e9monie de remise des certificats et dipl\u00f4mes de fin d&rsquo;ann\u00e9e ( ann\u00e9e scolaire &hellip;<\/p>\n","protected":false},"author":1,"featured_media":0,"comment_status":"open","ping_status":"open","sticky":false,"template":"","format":"standard","meta":{"footnotes":""},"categories":[1],"tags":[],"class_list":["post-6122","post","type-post","status-publish","format-standard","hentry","category-accueil"],"_links":{"self":[{"href":"http:\/\/www.lecarrefourdesopinions.ca\/index.php?rest_route=\/wp\/v2\/posts\/6122","targetHints":{"allow":["GET"]}}],"collection":[{"href":"http:\/\/www.lecarrefourdesopinions.ca\/index.php?rest_route=\/wp\/v2\/posts"}],"about":[{"href":"http:\/\/www.lecarrefourdesopinions.ca\/index.php?rest_route=\/wp\/v2\/types\/post"}],"author":[{"embeddable":true,"href":"http:\/\/www.lecarrefourdesopinions.ca\/index.php?rest_route=\/wp\/v2\/users\/1"}],"replies":[{"embeddable":true,"href":"http:\/\/www.lecarrefourdesopinions.ca\/index.php?rest_route=%2Fwp%2Fv2%2Fcomments&post=6122"}],"version-history":[{"count":5,"href":"http:\/\/www.lecarrefourdesopinions.ca\/index.php?rest_route=\/wp\/v2\/posts\/6122\/revisions"}],"predecessor-version":[{"id":6150,"href":"http:\/\/www.lecarrefourdesopinions.ca\/index.php?rest_route=\/wp\/v2\/posts\/6122\/revisions\/6150"}],"wp:attachment":[{"href":"http:\/\/www.lecarrefourdesopinions.ca\/index.php?rest_route=%2Fwp%2Fv2%2Fmedia&parent=6122"}],"wp:term":[{"taxonomy":"category","embeddable":true,"href":"http:\/\/www.lecarrefourdesopinions.ca\/index.php?rest_route=%2Fwp%2Fv2%2Fcategories&post=6122"},{"taxonomy":"post_tag","embeddable":true,"href":"http:\/\/www.lecarrefourdesopinions.ca\/index.php?rest_route=%2Fwp%2Fv2%2Ftags&post=6122"}],"curies":[{"name":"wp","href":"https:\/\/api.w.org\/{rel}","templated":true}]}}