{"id":6106,"date":"2011-06-29T08:51:06","date_gmt":"2011-06-29T12:51:06","guid":{"rendered":"http:\/\/www.lecarrefourdesopinions.ca\/?p=6106"},"modified":"2011-06-29T08:51:06","modified_gmt":"2011-06-29T12:51:06","slug":"entente-avec-investissement-quebec","status":"publish","type":"post","link":"http:\/\/www.lecarrefourdesopinions.ca\/?p=6106","title":{"rendered":"Entente avec Investissement Qu\u00e9bec"},"content":{"rendered":"<p><span style=\"color: #800000;\"><strong><em>Entente avec Investissement Qu\u00e9bec<\/em><\/strong><\/span><\/p>\n<p><strong><img loading=\"lazy\" decoding=\"async\" class=\"alignleft size-full wp-image-6107\" title=\"Logo  Quebec\" src=\"http:\/\/www.lecarrefourdesopinions.ca\/wp-content\/uploads\/2011\/06\/Logo-Quebec.jpg\" alt=\"\" width=\"211\" height=\"100\" \/>Le gouvernement du Qu\u00e9bec accro\u00eet les retomb\u00e9es<\/strong><\/p>\n<p><strong>du programme des immigrants investisseurs<\/strong><\/p>\n<p style=\"text-align: justify;\"><strong>Montr\u00e9al, le 27 juin 2011 \u2013 <\/strong>La ministre de l\u2019Immigration et des Communaut\u00e9s culturelles, Mme Kathleen Weil, et le ministre du D\u00e9veloppement \u00e9conomique, de l&rsquo;Innovation et de l&rsquo;Exportation, M. Cl\u00e9ment Gignac, annoncent aujourd\u2019hui une entente intervenue entre le minist\u00e8re de l\u2019Immigration et des Communaut\u00e9s culturelles (MICC) et Investissement Qu\u00e9bec. Cette entente permettra d\u2019augmenter rapidement la capacit\u00e9 de traitement des demandes d\u2019immigration et d\u2019accro\u00eetre les retomb\u00e9es du programme des immigrants investisseurs.<\/p>\n<p style=\"text-align: justify;\">\u00ab Le programme qu\u00e9b\u00e9cois des immigrants investisseurs est un excellent programme. Le Qu\u00e9bec doit maintenir sa comp\u00e9titivit\u00e9 sur la sc\u00e8ne internationale pour attirer ces immigrants et cette entente est un \u00e9l\u00e9ment cl\u00e9 pour accro\u00eetre notre capacit\u00e9 \u00e0 traiter<\/p>\n<p style=\"text-align: justify;\">rapidement les dossiers. Le programme des immigrants investisseurs est tr\u00e8s<\/p>\n<p style=\"text-align: justify;\">avantageux pour le Qu\u00e9bec, tant sur le plan du d\u00e9veloppement \u00e9conomique que du<\/p>\n<p>soutien \u00e0 l\u2019int\u00e9gration en emploi des nouveaux arrivants. Par ailleurs, je rappelle qu\u2019en d\u00e9cembre dernier, nous avons hauss\u00e9 le montant du placement exig\u00e9, qui est pass\u00e9 de 400 000 $ \u00e0 800 000 $, ainsi que le seuil de l\u2019avoir net requis des investisseurs, qui est pass\u00e9 de 800 000 $ \u00e0 1,6 M$ \u00bb, a d\u00e9clar\u00e9 la ministre Kathleen Weil.<\/p>\n<p style=\"text-align: justify;\">D\u2019une dur\u00e9e de trois ans, cette entente mise sur le jumelage d\u2019expertises et la force de la compl\u00e9mentarit\u00e9 : Investissement Qu\u00e9bec proc\u00e9dera \u00e0 l\u2019analyse des dossiers, alors que le MICC effectuera la s\u00e9lection finale des candidats. Le MICC demeure le ma\u00eetre d\u2019\u0153uvre du programme des immigrants investisseurs et responsable des d\u00e9cisions finales.<\/p>\n<p style=\"text-align: justify;\"><strong>Soutien aux PME qu\u00e9b\u00e9coises<\/strong><\/p>\n<p>Les investissements r\u00e9alis\u00e9s par les immigrants investisseurs dans le cadre de ce programme permettent de g\u00e9n\u00e9rer chaque ann\u00e9e plusieurs millions de dollars en placements qui servent, entre autres, \u00e0 soutenir le d\u00e9veloppement des petites et moyennes entreprises au Qu\u00e9bec. En 2010, les PME ont b\u00e9n\u00e9fici\u00e9 de pr\u00e8s de 65 M$ en financement; les sommes autoris\u00e9es pour les cinq derni\u00e8res ann\u00e9es atteignent plus de 280 M$.<\/p>\n<p>\u00ab Le programme des immigrants investisseurs pr\u00e9sente des r\u00e9sultats exceptionnels qui permettent de soutenir la croissance des PME qu\u00e9b\u00e9coises. La demande des entreprises qu\u00e9b\u00e9coises dans le cadre de ce programme est en hausse depuis les derni\u00e8res ann\u00e9es.<\/p>\n<p style=\"text-align: justify;\">L\u2019annonce d\u2019aujourd\u2019hui permettra d\u2019accro\u00eetre les investissements, sans recourir \u00e0 plus de fonds publics, cr\u00e9ant ainsi davantage d\u2019emplois dans l\u2019ensemble des r\u00e9gions duQu\u00e9bec \u00bb, a ajout\u00e9 le ministre Cl\u00e9ment Gignac.<\/p>\n<p style=\"text-align: justify;\">\u00ab Investissement Qu\u00e9bec est heureuse de pouvoir contribuer encore davantage \u00e0 l\u2019efficacit\u00e9 du programme des immigrants investisseurs. L\u2019entente permettra notamment d\u2019augmenter de fa\u00e7on substantielle les contributions financi\u00e8res vers\u00e9es aux entreprises<\/p>\n<p>du Qu\u00e9bec \u00bb, a fait savoir Jacques Daoust, pr\u00e9sident et chef de la direction d\u2019Investissement Qu\u00e9bec.<\/p>\n<p style=\"text-align: justify;\"><strong>Soutien \u00e0 l\u2019int\u00e9gration en emploi des personnes immigrantes<\/strong><\/p>\n<p style=\"text-align: justify;\">Le programme des immigrants investisseurs finance \u00e9galement le Programme d\u2019aide \u00e0 l\u2019int\u00e9gration des immigrants et des minorit\u00e9s visibles en emploi (PRIIME). Chaque ann\u00e9e, environ 1 000 personnes peuvent ainsi obtenir une premi\u00e8re exp\u00e9rience de travail qu\u00e9b\u00e9coise dans leur domaine de comp\u00e9tence, et plus de 80 % demeurent en emploi apr\u00e8s la fin de la subvention salariale. \u00ab Gr\u00e2ce aux nouvelles exigences financi\u00e8res du programme des immigrants investisseurs et au nouveau partenariat entre le MICC et Investissement Qu\u00e9bec, nous pourrons allouer des sommes suppl\u00e9mentaires au programme PRIIME, un programme strat\u00e9gique qui donne des r\u00e9sultats concrets \u00bb, a conclu la ministre Weil.<\/p>\n<p>Rappelons que les demandes d\u2019immigration au Qu\u00e9bec des candidats immigrants investisseurs ont connu une progression constante au cours des derni\u00e8res ann\u00e9es. Entre 2005 et 2009, les demandes ont augment\u00e9 de plus de 80 %. En 2010, le volume des demandes a \u00e9t\u00e9 encore plus important compte tenu de la suspension de la r\u00e9ception des demandes par le gouvernement f\u00e9d\u00e9ral au cours de l\u2019automne.<\/p>\n<p style=\"text-align: justify;\">L\u2019entr\u00e9e en vigueur de l\u2019entente est pr\u00e9vue pour la fin de 2011.<\/p>\n<p style=\"text-align: justify;\"><span style=\"color: #800000;\"><strong>Sources : <\/strong>Renaud Dugas<\/span><\/p>\n<p style=\"text-align: justify;\">Attach\u00e9 de presse<\/p>\n<p style=\"text-align: justify;\">Cabinet de la ministre de l\u2019Immigration et des Communaut\u00e9s culturelles<\/p>\n<p style=\"text-align: justify;\">514 873-9940<\/p>\n<p style=\"text-align: justify;\">Jolyane Pronovost<\/p>\n<p style=\"text-align: justify;\">Attach\u00e9e de presse<\/p>\n<p style=\"text-align: justify;\">Cabinet du ministre du D\u00e9veloppement \u00e9conomique, de l\u2019Innovation et<\/p>\n<p style=\"text-align: justify;\">de l\u2019Exportation<\/p>\n<p style=\"text-align: justify;\">418 691-5650<\/p>\n<p style=\"text-align: justify;\"><strong>Renseignements<\/strong><\/p>\n<p style=\"text-align: justify;\"><strong>pour les m\u00e9dias : <\/strong>Anne-Fr\u00e9d\u00e9rick Laurence<\/p>\n<p style=\"text-align: justify;\">Relations m\u00e9dias<\/p>\n<p style=\"text-align: justify;\">Minist\u00e8re de l\u2019Immigration et des Communaut\u00e9s culturelles<\/p>\n<p style=\"text-align: justify;\">514 940-1630<\/p>\n<p>Chantal Corbeil<\/p>\n<p>Porte-parole<\/p>\n<p>Investissement Qu\u00e9bec<\/p>\n<p>514 873-7161<\/p>\n<script type=\"text\/javascript\">\n\nvar addthis_config = {\"data_track_clickback\":false,\"data_track_addressbar\":false,\"data_track_textcopy\":false};\n<\/script><script type=\"text\/javascript\" src=\"\/\/s7.addthis.com\/js\/250\/addthis_widget.js#pubid=a457a6d63fb9e6ccabdde4110343bd85\"><\/script>","protected":false},"excerpt":{"rendered":"<p><span style=\"color: #800000;\">Entente avec Investissement Qu\u00e9bec<\/span><\/p>\n<p>Le gouvernement du Qu\u00e9bec accro\u00eet les retomb\u00e9es<\/p>\n<p>du programme des immigrants investisseurs<\/p>\n<p style=\"text-align: justify;\">Montr\u00e9al, le 27 juin 2011 \u2013 La ministre de l\u2019Immigration et des Communaut\u00e9s culturelles, Mme Kathleen Weil, et le ministre du &hellip;<\/p>\n","protected":false},"author":1,"featured_media":0,"comment_status":"open","ping_status":"open","sticky":false,"template":"","format":"standard","meta":{"footnotes":""},"categories":[1],"tags":[],"class_list":["post-6106","post","type-post","status-publish","format-standard","hentry","category-accueil"],"_links":{"self":[{"href":"http:\/\/www.lecarrefourdesopinions.ca\/index.php?rest_route=\/wp\/v2\/posts\/6106","targetHints":{"allow":["GET"]}}],"collection":[{"href":"http:\/\/www.lecarrefourdesopinions.ca\/index.php?rest_route=\/wp\/v2\/posts"}],"about":[{"href":"http:\/\/www.lecarrefourdesopinions.ca\/index.php?rest_route=\/wp\/v2\/types\/post"}],"author":[{"embeddable":true,"href":"http:\/\/www.lecarrefourdesopinions.ca\/index.php?rest_route=\/wp\/v2\/users\/1"}],"replies":[{"embeddable":true,"href":"http:\/\/www.lecarrefourdesopinions.ca\/index.php?rest_route=%2Fwp%2Fv2%2Fcomments&post=6106"}],"version-history":[{"count":2,"href":"http:\/\/www.lecarrefourdesopinions.ca\/index.php?rest_route=\/wp\/v2\/posts\/6106\/revisions"}],"predecessor-version":[{"id":6112,"href":"http:\/\/www.lecarrefourdesopinions.ca\/index.php?rest_route=\/wp\/v2\/posts\/6106\/revisions\/6112"}],"wp:attachment":[{"href":"http:\/\/www.lecarrefourdesopinions.ca\/index.php?rest_route=%2Fwp%2Fv2%2Fmedia&parent=6106"}],"wp:term":[{"taxonomy":"category","embeddable":true,"href":"http:\/\/www.lecarrefourdesopinions.ca\/index.php?rest_route=%2Fwp%2Fv2%2Fcategories&post=6106"},{"taxonomy":"post_tag","embeddable":true,"href":"http:\/\/www.lecarrefourdesopinions.ca\/index.php?rest_route=%2Fwp%2Fv2%2Ftags&post=6106"}],"curies":[{"name":"wp","href":"https:\/\/api.w.org\/{rel}","templated":true}]}}