{"id":6097,"date":"2011-06-29T08:51:41","date_gmt":"2011-06-29T12:51:41","guid":{"rendered":"http:\/\/www.lecarrefourdesopinions.ca\/?p=6097"},"modified":"2011-06-29T08:51:41","modified_gmt":"2011-06-29T12:51:41","slug":"zephyr-armaguedon-promoteur-d%e2%80%99industrie","status":"publish","type":"post","link":"http:\/\/www.lecarrefourdesopinions.ca\/?p=6097","title":{"rendered":"Z\u00e9phyr ARMAGUEDON Promoteur d\u2019Industrie.."},"content":{"rendered":"<p><span style=\"color: #3366ff;\"><strong><em>Z\u00e9phyr ARMAGUEDON Promoteur d\u2019Industrie.. <\/em><\/strong><\/span><\/p>\n<p>&nbsp;<\/p>\n<p><img loading=\"lazy\" decoding=\"async\" class=\"alignleft size-thumbnail wp-image-6098\" title=\"photo \u00c9ric Nogard\" src=\"http:\/\/www.lecarrefourdesopinions.ca\/wp-content\/uploads\/2011\/06\/photo-\u00c9ric-Nogard9-134x107.jpg\" alt=\"\" width=\"134\" height=\"107\" \/> <span style=\"color: #800000;\"><em> Par\u00a0 Eric E.G. NOGARD<\/em><\/span><\/p>\n<p>R\u00e9pliquant \u00e0 l\u2019Interview donn\u00e9e par Cyril COMPTE, Pr\u00e9sident du MEDEF Martinique \u00e0 France-Antilles Martinique sur le D\u00e9veloppement de l\u2019Economie et notamment de l\u2019Emploi,<\/p>\n<p>Z\u00e9phyr ARMAGUEDON soul\u00e8ve la Question de l\u2019Industrie en Martinique, voir France-Antilles Martinique\u00a0 du 10 Juin 2011 n\u00b0 13331 page 5.<\/p>\n<p>&nbsp;<\/p>\n<p>Soulevant la question de l\u2019Industrie, non pas comme le Z\u00e9phyr aux si douces caresses mais plut\u00f4t dur comme Vulcain qui active ses Forges, ARMAGUEDON en furie souffle sur tout en Rafales, sans laisser entrevoir le moins du Monde ce que pourrait-\u00eatre selon lui l\u2019Industrie Martiniquaise.<\/p>\n<p>&nbsp;<\/p>\n<p>Et ce, au point qu\u2019on se demande dans quelle mesure ARMAGUEDON a dans la t\u00eate ce dont il parle quand il dit Industrie.<\/p>\n<p>&nbsp;<\/p>\n<p>Peut-\u00eatre a-t-il en t\u00eate nos fines herbes sur lesquelles nous pourrions b\u00e2tir une Industrie Pharmaceutique.<\/p>\n<p>&nbsp;<\/p>\n<p>Peut-\u00eatre a-t-il en t\u00eate nos casiers aquacoles dont l\u2019Industrie fait qu\u2019ADEMAR s\u2019arrache les cheveux.<\/p>\n<p>&nbsp;<\/p>\n<p>Peut-\u00eatre pense t-il \u00e0 la Canne \u00e0 Sucre dont les Champs Br\u00e9siliens plus vastes que la Martinique enti\u00e8re sont \u00e0 m\u00eame de produire plus de sucre, plus de rhum, plus de carburant automobile pour satisfaire pour quelques SOUS aux besoins de la Martinique, voire de la Cara\u00efbe\u00a0!..<\/p>\n<p>&nbsp;<\/p>\n<p>&nbsp;<\/p>\n<p>A quelle Industrie pense ARMAGUEDON pour la Martinique.<\/p>\n<p>&nbsp;<\/p>\n<p>A l\u2019Industrie Sid\u00e9rurgique\u00a0? il est vrai que la mati\u00e8re premi\u00e8re est l\u00e0, encombrant nos ruisseaux. Mais nul n\u2019emp\u00eache que nous nous y mettions\u00a0!..<\/p>\n<p>&nbsp;<\/p>\n<p>A l\u2019Industrie Automobile, car la demande est l\u00e0, rien ne freine nos Henry FORD.<\/p>\n<p>&nbsp;<\/p>\n<p>A l\u2019Industrie du P\u00e9trole\u00a0? Peut-\u00eatre ARMAGUEDON cache-t-il un ROCKFELLER, mais o\u00f9 cache-t-il ses Puits\u00a0?<\/p>\n<p>&nbsp;<\/p>\n<p>A la Miniaturisation\u00a0? Qu\u2019il nous montre ses doigts\u00a0! car les doigts font la Brodeuse comme la COGNE fait le BOXEUR.<\/p>\n<p>&nbsp;<\/p>\n<p>A une Industrie de \u00ab\u00a0Main d\u2019\u0153uvre\u00a0\u00bb\u00a0? Mais son Salaire qu\u2019il juge trop bas suffirait autre part au Recrutement d\u2019une Arm\u00e9e.<\/p>\n<p>&nbsp;<\/p>\n<p>A une Industrie de Pointe\u00a0? Qu\u2019attendent ses Bill GATE.<\/p>\n<p>&nbsp;<\/p>\n<p>Et pourtant nous croyons ferme qu\u2019ARMAGUEDON a son IDEE.<\/p>\n<p>&nbsp;<\/p>\n<p>Eh OUI\u00a0! ARMAGUEDON a son IDEE.<\/p>\n<p>&nbsp;<\/p>\n<p>La Martinique est Grosse Productrice de Besoins, elle pourrait en faire Commerce, monter une Industrie\u2026 mais qui en serait preneur, rien qu\u2019\u00e0 l\u2019Enonc\u00e9 de ces Besoins\u00a0!.. Car suffit-il d\u2019avoir besoin quand on ne sait o\u00f9 trouver les Moyens.<\/p>\n<p>&nbsp;<\/p>\n<p>La Martinique est Grosse Productrice d\u2019Art, de Culture, de N\u00e9ologismes\u00a0: qu\u2019elle en fasse son Industrie, elle en est Libre, elle est une NATION parfaitement Consciente de ses INTERETS SUPERIEURS.<\/p>\n<p>&nbsp;<\/p>\n<p>H\u00e9las\u00a0! Pour notre part, le tout n\u2019est pas de se repa\u00eetre de BOUQUINS et de PLUS en plus de son BAC.<\/p>\n<p>&nbsp;<\/p>\n<p>D\u2019ailleurs un BAC n\u2019est qu\u2019un BAC.<\/p>\n<p>&nbsp;<\/p>\n<p>Le tout est de pouvoir dig\u00e9rer, assimiler et appliquer ce que disent les Livres, ce que proclament les Id\u00e9ologistes.<\/p>\n<p>&nbsp;<\/p>\n<p>&nbsp;<\/p>\n<p>&nbsp;<\/p>\n<p>&nbsp;<\/p>\n<script type=\"text\/javascript\">\n\nvar addthis_config = {\"data_track_clickback\":false,\"data_track_addressbar\":false,\"data_track_textcopy\":false};\n<\/script><script type=\"text\/javascript\" src=\"\/\/s7.addthis.com\/js\/250\/addthis_widget.js#pubid=a457a6d63fb9e6ccabdde4110343bd85\"><\/script>","protected":false},"excerpt":{"rendered":"<p><span style=\"color: #3366ff;\">Z\u00e9phyr ARMAGUEDON Promoteur d\u2019Industrie.. <\/span><\/p>\n<p>&nbsp;<\/p>\n<p> <span style=\"color: #800000;\"> Par\u00a0 Eric E.G. NOGARD<\/span><\/p>\n<p>R\u00e9pliquant \u00e0 l\u2019Interview donn\u00e9e par Cyril COMPTE, Pr\u00e9sident du MEDEF Martinique \u00e0 France-Antilles Martinique sur le D\u00e9veloppement de l\u2019Economie et notamment de l\u2019Emploi,<\/p>\n<p>Z\u00e9phyr ARMAGUEDON soul\u00e8ve la Question &hellip;<\/p>\n","protected":false},"author":1,"featured_media":0,"comment_status":"open","ping_status":"open","sticky":false,"template":"","format":"standard","meta":{"footnotes":""},"categories":[1],"tags":[],"class_list":["post-6097","post","type-post","status-publish","format-standard","hentry","category-accueil"],"_links":{"self":[{"href":"http:\/\/www.lecarrefourdesopinions.ca\/index.php?rest_route=\/wp\/v2\/posts\/6097","targetHints":{"allow":["GET"]}}],"collection":[{"href":"http:\/\/www.lecarrefourdesopinions.ca\/index.php?rest_route=\/wp\/v2\/posts"}],"about":[{"href":"http:\/\/www.lecarrefourdesopinions.ca\/index.php?rest_route=\/wp\/v2\/types\/post"}],"author":[{"embeddable":true,"href":"http:\/\/www.lecarrefourdesopinions.ca\/index.php?rest_route=\/wp\/v2\/users\/1"}],"replies":[{"embeddable":true,"href":"http:\/\/www.lecarrefourdesopinions.ca\/index.php?rest_route=%2Fwp%2Fv2%2Fcomments&post=6097"}],"version-history":[{"count":2,"href":"http:\/\/www.lecarrefourdesopinions.ca\/index.php?rest_route=\/wp\/v2\/posts\/6097\/revisions"}],"predecessor-version":[{"id":6113,"href":"http:\/\/www.lecarrefourdesopinions.ca\/index.php?rest_route=\/wp\/v2\/posts\/6097\/revisions\/6113"}],"wp:attachment":[{"href":"http:\/\/www.lecarrefourdesopinions.ca\/index.php?rest_route=%2Fwp%2Fv2%2Fmedia&parent=6097"}],"wp:term":[{"taxonomy":"category","embeddable":true,"href":"http:\/\/www.lecarrefourdesopinions.ca\/index.php?rest_route=%2Fwp%2Fv2%2Fcategories&post=6097"},{"taxonomy":"post_tag","embeddable":true,"href":"http:\/\/www.lecarrefourdesopinions.ca\/index.php?rest_route=%2Fwp%2Fv2%2Ftags&post=6097"}],"curies":[{"name":"wp","href":"https:\/\/api.w.org\/{rel}","templated":true}]}}