{"id":6087,"date":"2011-06-29T08:54:52","date_gmt":"2011-06-29T12:54:52","guid":{"rendered":"http:\/\/www.lecarrefourdesopinions.ca\/?p=6087"},"modified":"2011-06-29T08:54:52","modified_gmt":"2011-06-29T12:54:52","slug":"nos-aines-meritent-mieux","status":"publish","type":"post","link":"http:\/\/www.lecarrefourdesopinions.ca\/?p=6087","title":{"rendered":"Nos a\u00een\u00e9s m\u00e9ritent mieux!"},"content":{"rendered":"<p><strong><span style=\"color: #3366ff;\">Nos a\u00een\u00e9s m\u00e9ritent mieux!<\/span><\/strong> <span style=\"color: #800000;\">(1<sup>i\u00e8re<\/sup> Partie<\/span>)<\/p>\n<p><em> <img loading=\"lazy\" decoding=\"async\" class=\"alignleft size-thumbnail wp-image-6088\" title=\"Claude Snow\" src=\"http:\/\/www.lecarrefourdesopinions.ca\/wp-content\/uploads\/2011\/06\/Claude-Snow1-134x107.png\" alt=\"\" width=\"134\" height=\"107\" \/> <span style=\"color: #800000;\">Par Claude Snow\u00a0\u00a0\u00a0\u00a0\u00a0\u00a0\u00a0\u00a0\u00a0\u00a0\u00a0\u00a0\u00a0\u00a0\u00a0\u00a0 <br \/><\/span><\/em><\/p>\n<p>Nous entendons surtout parler de l\u2019abus physique, sexuel, financier et psychologique que subissent les a\u00een\u00e9s, mais on fait peu de cas de l\u2019\u00e2gisme et c\u2019est pourtant une autre forme d\u2019abus.<\/p>\n<p>Ce qu\u2019est l\u2019\u00e2gisme. L\u2019\u00e2gisme\u00a0 est une forme de discrimination envers les a\u00een\u00e9s. Chaque fois que l\u2019on dit\u00a0: \u00abil ne peut pas d\u00e9cider\u00bb, \u00abil est comme un enfant\u00bb, \u00abil oublie tout\u00bb, ou \u00abil n\u2019est pas conscient\u00bb,\u00a0 on d\u00e9pr\u00e9cie l\u2019a\u00een\u00e9 et on diminue sa valeur comme citoyen.<img loading=\"lazy\" decoding=\"async\" class=\"alignright size-full wp-image-6090\" title=\"Photo ain\u00e9 2\" src=\"http:\/\/www.lecarrefourdesopinions.ca\/wp-content\/uploads\/2011\/06\/Photo-ain\u00e9-2.jpg\" alt=\"\" width=\"113\" height=\"96\" \/><\/p>\n<p>D\u2019autres habitudes sont tout aussi abusives, mais plus subtiles. Quand on ne donne pas \u00e0 quelqu\u2019un le temps de manger ou qu\u2019on r\u00e9duit sa nourriture en pur\u00e9e pour qu\u2019elle puisse \u00eatre aval\u00e9e plus vite, quand les couches ne sont pas chang\u00e9es \u00e0 temps, et pire encore, quand il y a un quota sur la distribution des couches, ou quand on force un r\u00e9sident \u00e0 aller \u00e0 la toilette \u00e0 des heures fixes\u2026 tout cela, c\u2019est de l\u2019abus institutionnalis\u00e9.<\/p>\n<p>Ce que l\u2019on entend parfois de la bouche des soignants est d\u00e9solant. Des expressions comme \u00ab je l\u2019ai oubli\u00e9 \u00e0 la toilette\u00bb, \u00abc\u2019est pas ma chambre\u00bb et \u00abva faire la 117\u00bb sont indignes d\u2019employ\u00e9s dont la mission est\u00a0 de soigner.<\/p>\n<p>Pire encore\u00a0est cette expression\u00a0:\u00ab La p\u2019tite madame\u00bb ou \u00able p\u2019tit monsieur\u00bb. Vraiment une belle fa\u00e7on de traiter ceux qui nous ont vu na\u00eetre et qui nous ont tout donn\u00e9 pour qu\u2019on puisse jouir de la vie d\u2019aujourd\u2019hui.<\/p>\n<p><img loading=\"lazy\" decoding=\"async\" class=\"alignleft size-thumbnail wp-image-6089\" title=\"photo Ain\u00e9 1\" src=\"http:\/\/www.lecarrefourdesopinions.ca\/wp-content\/uploads\/2011\/06\/photo-Ain\u00e9-1-134x94.jpg\" alt=\"\" width=\"134\" height=\"94\" \/>Une culture irrespectueuse? Il y a une culture irrespectueuse qui s\u2019est install\u00e9e au fil des ann\u00e9es \u00e0 l\u2019\u00e9gard des a\u00een\u00e9(e)s. Chacun de nous pourrait revoir ses habitudes\u00a0: Entrer dans la chambre sans frapper, est-ce respectueux, est-ce digne? Ou est-ce du sans-g\u00eane ou est-ce un exc\u00e8s de familiarit\u00e9?<\/p>\n<p>Quand on dit qu\u2019un r\u00e9sident ou un patient n\u2019a pas le go\u00fbt de manger, c\u2019est parfois parce qu\u2019il a besoin d\u2019aide, prend-on le temps de l\u2019assister?<\/p>\n<p>S\u2019ils deviennent agiter, faute de pouvoir s\u2019exprimer autrement, on les attache ou on les assomme avec des m\u00e9dicaments.<\/p>\n<p>Vers qui se tourner?\u00a0 Peut-on inverser ce courant, ce manque de compassion?<\/p>\n<p><span style=\"text-decoration: underline;\">(Ces commentaires veulent souligner le Mois des Ain\u00e9s. Le 15 juin est la journ\u00e9e internationale de sensibilisation aux abus envers nos a\u00een\u00e9s)<\/span><\/p>\n<p>&nbsp;<\/p>\n<script type=\"text\/javascript\">\n\nvar addthis_config = {\"data_track_clickback\":false,\"data_track_addressbar\":false,\"data_track_textcopy\":false};\n<\/script><script type=\"text\/javascript\" src=\"\/\/s7.addthis.com\/js\/250\/addthis_widget.js#pubid=a457a6d63fb9e6ccabdde4110343bd85\"><\/script>","protected":false},"excerpt":{"rendered":"<p><span style=\"color: #3366ff;\">Nos a\u00een\u00e9s m\u00e9ritent mieux!<\/span> <span style=\"color: #800000;\">(1<sup>i\u00e8re<\/sup> Partie<\/span>)<\/p>\n<p>  <span style=\"color: #800000;\">Par Claude Snow\u00a0\u00a0\u00a0\u00a0\u00a0\u00a0\u00a0\u00a0\u00a0\u00a0\u00a0\u00a0\u00a0\u00a0\u00a0\u00a0 <\/span><\/p>\n<p>Nous entendons surtout parler de l\u2019abus physique, sexuel, financier et psychologique que subissent les a\u00een\u00e9s, mais on fait peu de cas de l\u2019\u00e2gisme et c\u2019est pourtant &hellip;<\/p>\n","protected":false},"author":1,"featured_media":0,"comment_status":"open","ping_status":"open","sticky":false,"template":"","format":"standard","meta":{"footnotes":""},"categories":[1],"tags":[],"class_list":["post-6087","post","type-post","status-publish","format-standard","hentry","category-accueil"],"_links":{"self":[{"href":"http:\/\/www.lecarrefourdesopinions.ca\/index.php?rest_route=\/wp\/v2\/posts\/6087","targetHints":{"allow":["GET"]}}],"collection":[{"href":"http:\/\/www.lecarrefourdesopinions.ca\/index.php?rest_route=\/wp\/v2\/posts"}],"about":[{"href":"http:\/\/www.lecarrefourdesopinions.ca\/index.php?rest_route=\/wp\/v2\/types\/post"}],"author":[{"embeddable":true,"href":"http:\/\/www.lecarrefourdesopinions.ca\/index.php?rest_route=\/wp\/v2\/users\/1"}],"replies":[{"embeddable":true,"href":"http:\/\/www.lecarrefourdesopinions.ca\/index.php?rest_route=%2Fwp%2Fv2%2Fcomments&post=6087"}],"version-history":[{"count":2,"href":"http:\/\/www.lecarrefourdesopinions.ca\/index.php?rest_route=\/wp\/v2\/posts\/6087\/revisions"}],"predecessor-version":[{"id":6117,"href":"http:\/\/www.lecarrefourdesopinions.ca\/index.php?rest_route=\/wp\/v2\/posts\/6087\/revisions\/6117"}],"wp:attachment":[{"href":"http:\/\/www.lecarrefourdesopinions.ca\/index.php?rest_route=%2Fwp%2Fv2%2Fmedia&parent=6087"}],"wp:term":[{"taxonomy":"category","embeddable":true,"href":"http:\/\/www.lecarrefourdesopinions.ca\/index.php?rest_route=%2Fwp%2Fv2%2Fcategories&post=6087"},{"taxonomy":"post_tag","embeddable":true,"href":"http:\/\/www.lecarrefourdesopinions.ca\/index.php?rest_route=%2Fwp%2Fv2%2Ftags&post=6087"}],"curies":[{"name":"wp","href":"https:\/\/api.w.org\/{rel}","templated":true}]}}