{"id":6078,"date":"2015-07-02T10:49:02","date_gmt":"2015-07-02T14:49:02","guid":{"rendered":"http:\/\/www.lecarrefourdesopinions.ca\/?p=6078"},"modified":"2015-07-02T10:49:02","modified_gmt":"2015-07-02T14:49:02","slug":"le-papa-ou-la-saillie","status":"publish","type":"post","link":"http:\/\/www.lecarrefourdesopinions.ca\/?p=6078","title":{"rendered":"Le Papa ou la Saillie."},"content":{"rendered":"<p><span style=\"color: #3366ff;\"><em><strong>Le Papa ou la Saillie.<\/strong><\/em><\/span><\/p>\n<p>&nbsp;<\/p>\n<p><em> <img loading=\"lazy\" decoding=\"async\" class=\"alignleft size-thumbnail wp-image-6079\" title=\"photo \u00c9ric Nogard\" src=\"http:\/\/www.lecarrefourdesopinions.ca\/wp-content\/uploads\/2011\/06\/photo-\u00c9ric-Nogard7-134x107.jpg\" alt=\"\" width=\"134\" height=\"107\" \/> <span style=\"color: #800000;\"> Par<\/span><\/em><em><span style=\"color: #800000;\"> Eric E.G. NOGARD<\/span> <br \/><\/em><\/p>\n<p>&nbsp;<\/p>\n<p>&nbsp;<\/p>\n<p>Il fut un temps ou le Papa Comptait.<\/p>\n<p>&nbsp;<\/p>\n<p>L\u00e9gitime ou Adult\u00e9rin, le Papa Comptait avant tout.<\/p>\n<p>&nbsp;<\/p>\n<p>D\u2019ailleurs, tout d\u00e9pendait de lui, la Femme \u00e9tait son Porte Parole, son Premier Ministre, son Pouvoir Ex\u00e9cutif au Sein de la Cellule Familiale comme \u00e0 la Face du Monde et Nul ne l\u2019Ignorait.<\/p>\n<p>&nbsp;<\/p>\n<p>&nbsp;<\/p>\n<p>Qu\u2019on aille de nos jours chez nos voisins les plus proches, qu\u2019on aille \u00e0 la Dominique, qu\u2019on aille \u00e0 Sainte-Lucie, dans la Case la plus humble et, aussit\u00f4t, on en sera \u00e9difi\u00e9\u00a0:<\/p>\n<p>&nbsp;<\/p>\n<p>La meilleure place est au Ma\u00eetre, le bon morceau est pour le Ma\u00eetre, le Dernier mot revient au Ma\u00eetre.<\/p>\n<p>&nbsp;<\/p>\n<p>Et le Ma\u00eetre qui c\u2019est\u00a0? Cela va sans dire, le Mari, Mari\u00e9 ou Pas.<\/p>\n<p>&nbsp;<\/p>\n<p>&nbsp;<\/p>\n<p>Qu\u2019on interroge de nos jours les Trottoirs de Fort-de-France et, s\u2019ils ont bonne m\u00e9moire, ils vous diront\u00a0:<\/p>\n<p>&nbsp;<\/p>\n<p>Jusqu\u2019\u00e0 l\u2019av\u00e8nement de C\u00e9saire et les changements concomitants des valeurs, sur nous marchaient le Mari devant et la Femme suivait, c\u2019\u00e9tait le Protocole, jusqu\u2019\u00e0 ce que le Mariage devienne L\u00e9gitime.<\/p>\n<p>&nbsp;<\/p>\n<p>M\u00eame si d\u00e8s-lors, Madame pouvait d\u00e9cider du costume ou de la couleur que porterait Monsieur.<\/p>\n<p>&nbsp;<\/p>\n<p>En tout cas, en ce temps l\u00e0, avoir son Homme, son Mari avou\u00e9 ou son Mari cach\u00e9 \u00e9tait pour une Femme une aur\u00e9ole de Respectabilit\u00e9, pour ses enfants aussi.<\/p>\n<p>&nbsp;<\/p>\n<p>&nbsp;<\/p>\n<p>En ce temps l\u00e0, \u00e0 voir qui osait poser les Fesses \u00e0 la Place d\u2019Honneur, un Enfant savait aussit\u00f4t qui \u00e9tait son P\u00e8re, il n\u2019avait pas \u00e0 demander.<\/p>\n<p>&nbsp;<\/p>\n<p>En ce temps l\u00e0, \u00e0 voir qui posait la Bouche sur la Joue de sa M\u00e8re, un Enfant savait aussit\u00f4t qui \u00e9tait son P\u00e8re, il n\u2019y avait pas de Bisous-Bisous.<\/p>\n<p>&nbsp;<\/p>\n<p>&nbsp;<\/p>\n<p>Bisous-Bisous qui font que tant de gens pr\u00e9f\u00e8rent ne pas prendre Femme plut\u00f4t que d\u2019imaginer que leur Femme soit devenue l\u2019Objet de ce C\u00e9r\u00e9monial.<\/p>\n<p>&nbsp;<\/p>\n<p>Bisous-Bisous qui font que tant d\u2019enfants se disent \u2013 en ceci ont-ils tort \u2013 \u00ab\u00a0Pour la bave, hier il y avait le crachoir, aujourd\u2019hui il y a la joue de ma M\u00e8re. Sauf que le crachoir \u00e9tait priv\u00e9 quand la joue de ma M\u00e8re est ouverte au Public\u00a0\u00bb.<\/p>\n<p>&nbsp;<\/p>\n<p>&nbsp;<\/p>\n<p>Et, puisqu\u2019il nous faut en venir au sujet qui nous occupe, puisqu\u2019il a \u00e9t\u00e9 soumis au Public par certains M\u00e9dias, \u00e0 l\u2019occasion de la F\u00eate des P\u00e8res.<\/p>\n<p>&nbsp;<\/p>\n<p>Hier, le P\u00e8re \u00e9tait ce qui comptait le plus pour la M\u00e8re et l\u2019Enfant.<\/p>\n<p>&nbsp;<\/p>\n<p>Aujourd\u2019hui, ni le P\u00e8re, ni la M\u00e8re ne Comptent pour l\u2019Enfant comme on pourrait le croire, m\u00eame si quelques bonnes exceptions permettent encore de se donner bonne conscience et de sauver la face, surtout au vu de ce Bouc-Emissaire de toute Facilit\u00e9\u00a0: la D\u00e9mission des Parents.<\/p>\n<p>&nbsp;<\/p>\n<p>Pour notre part, seule la Saillie semble importer\u00a0:<\/p>\n<p>&nbsp;<\/p>\n<p><span style=\"color: #800000;\"><em>La Caisse d\u2019Allocations Familiales (C.A.F.) tenant lieu de P\u00e8re, la Cr\u00e8che tenant lieu de M\u00e8re.<\/em><\/span><\/p>\n<p><span style=\"color: #800000;\"><em>L\u2019Enfant est loin de s\u2019y m\u00e9prendre, il n\u2019a plus ni P\u00e8re ni M\u00e8re.<\/em><\/span><\/p>\n<p><span style=\"color: #800000;\"><em>La Mascarade des F\u00eates est le Rideau qui nous cache le Drame.<\/em><\/span><\/p>\n<p>&nbsp;<\/p>\n<p><\/p>\n<script type=\"text\/javascript\">\n\nvar addthis_config = {\"data_track_clickback\":false,\"data_track_addressbar\":false,\"data_track_textcopy\":false};\n<\/script><script type=\"text\/javascript\" src=\"\/\/s7.addthis.com\/js\/250\/addthis_widget.js#pubid=a457a6d63fb9e6ccabdde4110343bd85\"><\/script>","protected":false},"excerpt":{"rendered":"<p><span style=\"color: #3366ff;\">Le Papa ou la Saillie.<\/span><\/p>\n<p>&nbsp;<\/p>\n<p>  <span style=\"color: #800000;\"> Par<\/span><span style=\"color: #800000;\"> Eric E.G. NOGARD<\/span> <\/p>\n<p>&nbsp;<\/p>\n<p>&nbsp;<\/p>\n<p>Il fut un temps ou le Papa Comptait.<\/p>\n<p>&nbsp;<\/p>\n<p>L\u00e9gitime ou Adult\u00e9rin, le Papa Comptait avant tout.<\/p>\n<p>&nbsp;<\/p>\n<p>D\u2019ailleurs, tout d\u00e9pendait de lui, la Femme &hellip;<\/p>\n","protected":false},"author":1,"featured_media":0,"comment_status":"open","ping_status":"open","sticky":false,"template":"","format":"standard","meta":{"footnotes":""},"categories":[1],"tags":[],"class_list":["post-6078","post","type-post","status-publish","format-standard","hentry","category-accueil"],"_links":{"self":[{"href":"http:\/\/www.lecarrefourdesopinions.ca\/index.php?rest_route=\/wp\/v2\/posts\/6078","targetHints":{"allow":["GET"]}}],"collection":[{"href":"http:\/\/www.lecarrefourdesopinions.ca\/index.php?rest_route=\/wp\/v2\/posts"}],"about":[{"href":"http:\/\/www.lecarrefourdesopinions.ca\/index.php?rest_route=\/wp\/v2\/types\/post"}],"author":[{"embeddable":true,"href":"http:\/\/www.lecarrefourdesopinions.ca\/index.php?rest_route=\/wp\/v2\/users\/1"}],"replies":[{"embeddable":true,"href":"http:\/\/www.lecarrefourdesopinions.ca\/index.php?rest_route=%2Fwp%2Fv2%2Fcomments&post=6078"}],"version-history":[{"count":2,"href":"http:\/\/www.lecarrefourdesopinions.ca\/index.php?rest_route=\/wp\/v2\/posts\/6078\/revisions"}],"predecessor-version":[{"id":11587,"href":"http:\/\/www.lecarrefourdesopinions.ca\/index.php?rest_route=\/wp\/v2\/posts\/6078\/revisions\/11587"}],"wp:attachment":[{"href":"http:\/\/www.lecarrefourdesopinions.ca\/index.php?rest_route=%2Fwp%2Fv2%2Fmedia&parent=6078"}],"wp:term":[{"taxonomy":"category","embeddable":true,"href":"http:\/\/www.lecarrefourdesopinions.ca\/index.php?rest_route=%2Fwp%2Fv2%2Fcategories&post=6078"},{"taxonomy":"post_tag","embeddable":true,"href":"http:\/\/www.lecarrefourdesopinions.ca\/index.php?rest_route=%2Fwp%2Fv2%2Ftags&post=6078"}],"curies":[{"name":"wp","href":"https:\/\/api.w.org\/{rel}","templated":true}]}}