{"id":6054,"date":"2011-06-21T17:12:07","date_gmt":"2011-06-21T21:12:07","guid":{"rendered":"http:\/\/www.lecarrefourdesopinions.ca\/?p=6054"},"modified":"2011-06-21T17:12:07","modified_gmt":"2011-06-21T21:12:07","slug":"la-ministre-kathleen-weil-souligne","status":"publish","type":"post","link":"http:\/\/www.lecarrefourdesopinions.ca\/?p=6054","title":{"rendered":"La ministre Kathleen Weil souligne &#8230;."},"content":{"rendered":"<p><span style=\"color: #3366ff;\"><strong>La ministre Kathleen Weil souligne<\/strong><\/span><\/p>\n<p><span style=\"color: #3366ff;\"><strong>la Journ\u00e9e<\/strong><strong> mondiale du r\u00e9fugi\u00e9<\/strong><\/span><\/p>\n<p><span style=\"color: #800000;\"><em><img loading=\"lazy\" decoding=\"async\" class=\"alignleft size-medium wp-image-6055\" title=\"JOUR_REFUGIE_2011 100\" src=\"http:\/\/www.lecarrefourdesopinions.ca\/wp-content\/uploads\/2011\/06\/JOUR_REFUGIE_2011-100-201x300.jpg\" alt=\"\" width=\"201\" height=\"300\" srcset=\"http:\/\/www.lecarrefourdesopinions.ca\/wp-content\/uploads\/2011\/06\/JOUR_REFUGIE_2011-100-201x300.jpg 201w, http:\/\/www.lecarrefourdesopinions.ca\/wp-content\/uploads\/2011\/06\/JOUR_REFUGIE_2011-100-687x1024.jpg 687w, http:\/\/www.lecarrefourdesopinions.ca\/wp-content\/uploads\/2011\/06\/JOUR_REFUGIE_2011-100-400x595.jpg 400w, http:\/\/www.lecarrefourdesopinions.ca\/wp-content\/uploads\/2011\/06\/JOUR_REFUGIE_2011-100.jpg 1944w\" sizes=\"auto, (max-width: 201px) 100vw, 201px\" \/>\u00c0 l\u2019occasion de la Journ\u00e9e mondiale du r\u00e9fugi\u00e9, la ministre de l\u2019Immigration et des Communaut\u00e9s culturelles, M<sup>me<\/sup> Kathleen Weil, a rencontr\u00e9 le repr\u00e9sentant du Haut Commissariat des Nations Unies pour les r\u00e9fugi\u00e9s au Canada, M. Abraham Abraham<\/em><\/span><\/p>\n<p>&nbsp;<\/p>\n<p>&nbsp;<\/p>\n<p>&nbsp;<\/p>\n<p style=\"text-align: justify;\"><strong>Montr\u00e9al, le 20 juin 2011 \u2013 <\/strong>La ministre de l\u2019Immigration et des Communaut\u00e9s culturelles,<\/p>\n<p style=\"text-align: justify;\">Mme Kathleen Weil, en pr\u00e9sence du repr\u00e9sentant au Canada du Haut Commissariat des Nations Unies pour les r\u00e9fugi\u00e9s, M. Abraham Abraham, a soulign\u00e9 la Journ\u00e9e mondiale du r\u00e9fugi\u00e9 qui est comm\u00e9mor\u00e9e au Qu\u00e9bec depuis dix ans maintenant. \u00ab Le Qu\u00e9bec est fier de sa tradition humanitaire et nous avons toujours assum\u00e9 nos responsabilit\u00e9s en participant activement \u00e0 l\u2019action internationale en faveur des r\u00e9fugi\u00e9s. L\u2019aide et le soutien que nous leur apportons sont d\u00e9terminants afin que ces femmes, ces hommes et ces enfants puissent reb\u00e2tir leur vie et puissent, \u00e0 leur tour, contribuer au d\u00e9veloppement du Qu\u00e9bec \u00bb, tient \u00e0 rappeler la ministre.<\/p>\n<p style=\"text-align: justify;\">Soixante ans apr\u00e8s l\u2019adoption de la  Convention de Gen\u00e8ve relative au statut de r\u00e9fugi\u00e9, le Haut Commissariat des Nations Unies pour les r\u00e9fugi\u00e9s \u00e9value \u00e0 10,4 millions le nombre de personnes relevant de sa comp\u00e9tence. Le Qu\u00e9bec se classe au cinqui\u00e8me rang en mati\u00e8re de r\u00e9installation des r\u00e9fugi\u00e9s et se situe derri\u00e8re les \u00c9tats-Unis, le reste du Canada, l\u2019Australie et la  Su\u00e8de. En 2010, le Qu\u00e9bec a accueilli quelque\u00a0 2 200 personnes r\u00e9fugi\u00e9es s\u00e9lectionn\u00e9es \u00e0 l\u2019\u00e9tranger ainsi que pr\u00e8s de 2 500 personnes reconnues r\u00e9fugi\u00e9es apr\u00e8s avoir demand\u00e9 l\u2019asile au Canada.<\/p>\n<p style=\"text-align: justify;\">Rappelons que le 7 juin dernier, la ministre Kathleen Weil a prononc\u00e9 un discours \u00e0 l\u2019Assembl\u00e9e nationale du Qu\u00e9bec en pr\u00e9vision de cette journ\u00e9e. Elle a notamment rappel\u00e9 que l\u2019accueil des personnes r\u00e9fugi\u00e9es est un engagement qu\u2019a pris le gouvernement du Qu\u00e9bec et qui interpelle l\u2019ensemble de la soci\u00e9t\u00e9. \u00ab Les organismes communautaires engag\u00e9s dans l\u2019accueil, l\u2019accompagnement et l\u2019int\u00e9gration des personnes r\u00e9fugi\u00e9es apportent une collaboration pr\u00e9cieuse. Nous pouvons aussi compter sur la solidarit\u00e9 des Qu\u00e9b\u00e9coises et Qu\u00e9b\u00e9cois envers ces personnes qui deviennent partie int\u00e9grante de notre avenir collectif \u00bb, a conclu Mme Weil.<\/p>\n<p style=\"text-align: justify;\"><strong>Source : <\/strong>Renaud Dugas<\/p>\n<p style=\"text-align: justify;\">Attach\u00e9 de presse<\/p>\n<p style=\"text-align: justify;\">Cabinet de la ministre de l\u2019Immigration et des Communaut\u00e9s culturelles<\/p>\n<p style=\"text-align: justify;\">514 873-9940<\/p>\n<p style=\"text-align: justify;\"><strong>Renseignements<\/strong><\/p>\n<p style=\"text-align: justify;\"><strong>pour les m\u00e9dias : <\/strong>Anne-Fr\u00e9d\u00e9rick Laurence<\/p>\n<p style=\"text-align: justify;\">Relations m\u00e9dias<\/p>\n<p style=\"text-align: justify;\">Minist\u00e8re de l\u2019Immigration et des Communaut\u00e9s culturelles<\/p>\n<p style=\"text-align: justify;\">514 940-1630<\/p>\n<p style=\"text-align: justify;\">\n<p style=\"text-align: justify;\">\n<p style=\"text-align: justify;\">\n<p style=\"text-align: justify;\">\n<script type=\"text\/javascript\">\n\nvar addthis_config = {\"data_track_clickback\":false,\"data_track_addressbar\":false,\"data_track_textcopy\":false};\n<\/script><script type=\"text\/javascript\" src=\"\/\/s7.addthis.com\/js\/250\/addthis_widget.js#pubid=a457a6d63fb9e6ccabdde4110343bd85\"><\/script>","protected":false},"excerpt":{"rendered":"<p><span style=\"color: #3366ff;\">La ministre Kathleen Weil souligne<\/span><\/p>\n<p><span style=\"color: #3366ff;\">la Journ\u00e9e mondiale du r\u00e9fugi\u00e9<\/span><\/p>\n<p><span style=\"color: #800000;\">\u00c0 l\u2019occasion de la Journ\u00e9e mondiale du r\u00e9fugi\u00e9, la ministre de l\u2019Immigration et des Communaut\u00e9s culturelles, M<sup>me<\/sup> Kathleen Weil, a rencontr\u00e9 le repr\u00e9sentant du Haut Commissariat <\/span>&hellip;<\/p>\n","protected":false},"author":1,"featured_media":0,"comment_status":"open","ping_status":"open","sticky":false,"template":"","format":"standard","meta":{"footnotes":""},"categories":[1],"tags":[],"class_list":["post-6054","post","type-post","status-publish","format-standard","hentry","category-accueil"],"_links":{"self":[{"href":"http:\/\/www.lecarrefourdesopinions.ca\/index.php?rest_route=\/wp\/v2\/posts\/6054","targetHints":{"allow":["GET"]}}],"collection":[{"href":"http:\/\/www.lecarrefourdesopinions.ca\/index.php?rest_route=\/wp\/v2\/posts"}],"about":[{"href":"http:\/\/www.lecarrefourdesopinions.ca\/index.php?rest_route=\/wp\/v2\/types\/post"}],"author":[{"embeddable":true,"href":"http:\/\/www.lecarrefourdesopinions.ca\/index.php?rest_route=\/wp\/v2\/users\/1"}],"replies":[{"embeddable":true,"href":"http:\/\/www.lecarrefourdesopinions.ca\/index.php?rest_route=%2Fwp%2Fv2%2Fcomments&post=6054"}],"version-history":[{"count":5,"href":"http:\/\/www.lecarrefourdesopinions.ca\/index.php?rest_route=\/wp\/v2\/posts\/6054\/revisions"}],"predecessor-version":[{"id":6072,"href":"http:\/\/www.lecarrefourdesopinions.ca\/index.php?rest_route=\/wp\/v2\/posts\/6054\/revisions\/6072"}],"wp:attachment":[{"href":"http:\/\/www.lecarrefourdesopinions.ca\/index.php?rest_route=%2Fwp%2Fv2%2Fmedia&parent=6054"}],"wp:term":[{"taxonomy":"category","embeddable":true,"href":"http:\/\/www.lecarrefourdesopinions.ca\/index.php?rest_route=%2Fwp%2Fv2%2Fcategories&post=6054"},{"taxonomy":"post_tag","embeddable":true,"href":"http:\/\/www.lecarrefourdesopinions.ca\/index.php?rest_route=%2Fwp%2Fv2%2Ftags&post=6054"}],"curies":[{"name":"wp","href":"https:\/\/api.w.org\/{rel}","templated":true}]}}