{"id":6051,"date":"2011-06-21T17:14:19","date_gmt":"2011-06-21T21:14:19","guid":{"rendered":"http:\/\/www.lecarrefourdesopinions.ca\/?p=6051"},"modified":"2011-06-21T17:14:19","modified_gmt":"2011-06-21T21:14:19","slug":"la-reforme-du-mode-de-scrutin","status":"publish","type":"post","link":"http:\/\/www.lecarrefourdesopinions.ca\/?p=6051","title":{"rendered":"La r\u00e9forme du mode de scrutin"},"content":{"rendered":"<p><span style=\"color: #3366ff;\"><strong>La r\u00e9forme du mode de scrutin<\/strong><\/span><\/p>\n<p><span style=\"color: #3366ff;\"><strong>\u00e9vacu\u00e9e du programme du PQ<\/strong><\/span><\/p>\n<p><strong> <\/strong><\/p>\n<p><em> <img decoding=\"async\" class=\"alignleft size-full wp-image-6070\" title=\"Paul Cliche\" src=\"http:\/\/www.lecarrefourdesopinions.ca\/wp-content\/uploads\/2011\/06\/Paul-Cliche.bmp\" alt=\"\" \/> <span style=\"color: #800000;\"> Par <\/span><\/em><em><span style=\"color: #800000;\">Paul Cliche <\/span> <br \/><\/em><\/p>\n<p>Suite au r\u00e9cent congr\u00e8s du PQ, la proposition de r\u00e9former le mode de scrutin ne fait plus partie du programme de la formation souverainiste pour la premi\u00e8re fois depuis 42 ans.<\/p>\n<p>&nbsp;<\/p>\n<p style=\"text-align: justify;\">On se souvient que cette r\u00e9forme avait pourtant \u00e9t\u00e9 une des pierres d\u2019assise du programme de ce parti d\u00e8s 1969 et lors des deux gouvernements dirig\u00e9s par Ren\u00e9 L\u00e9vesque qui s\u2019\u00e9tait battu pendant 15 ans pour la faire adopter. Mais le fondateur du parti a \u00a0\u00e9t\u00e9 l\u00e2ch\u00e9 par le caucus des d\u00e9put\u00e9s p\u00e9quistes \u00a0lorsqu\u2019il a voulu pr\u00e9senter, en 1984, un projet de loi instaurant un scrutin proportionnel r\u00e9gional.<\/p>\n<p style=\"text-align: justify;\">\n<p style=\"text-align: justify;\">Depuis, la proposition de r\u00e9forme a toutefois \u00e9t\u00e9 maintenue dans le programme et elle figurait m\u00eame dans la plateforme \u00e9lectorale du parti en 1994. Mais le congr\u00e8s de 2000 l\u2019a report\u00e9e \u00abapr\u00e8s l\u2019accession du Qu\u00e9bec \u00e0 la souverainet\u00e9\u00bb sous l\u2019influence du premier ministre Bouchard. Lors des \u00c9tats g\u00e9n\u00e9raux sur la r\u00e9forme des institutions d\u00e9mocratiques tenue en f\u00e9vrier 2003, plus de 90% des participants ont r\u00e9clam\u00e9 une telle r\u00e9forme. Le premier ministre Landry, en \u00e9lections quelques jours plus, tard, a promis qu\u2019il la r\u00e9aliserait au cours de son prochain mandat, mais il a \u00e9t\u00e9 d\u00e9fait par les lib\u00e9raux.<\/p>\n<p style=\"text-align: justify;\">\n<p style=\"text-align: justify;\">Le premier ministre Charest a, par la suite, pos\u00e9 des gestes pour instaurer un mode de scrutin introduisant des \u00e9l\u00e9ments de proportionnalit\u00e9. Mais il a \u00a0retrait\u00e9 en 2006 devant les pressions d\u2019\u00e9lus municipaux de r\u00e9gions limitrophes m\u00eame si \u00a0lors d\u2019une commission parlementaire, tenue quelques mois plus t\u00f4t, plus de 80% des quelque 2 000 participants avaient r\u00e9clam\u00e9 une telle r\u00e9forme. Depuis lors, rien ne s\u2019est pass\u00e9 officiellement sauf la pr\u00e9sentation par Qu\u00e9bec solidaire \u00e0 l\u2019Assembl\u00e9e nationale en 2010 d\u2019une proposition pour instaurer un mode de scrutin mixte avec compensation faisant une large place aux r\u00e9gions.<\/p>\n<p style=\"text-align: justify;\">\n<p style=\"text-align: justify;\">\u00c0 noter que dans son nouveau programme, le PQ \u00e9vacue aussi la question de la carte \u00e9lectorale dont la r\u00e9vision p\u00e9riodique avait \u00e9t\u00e9 confi\u00e9e, sous le gouvernement L\u00e9vesque en 1979, \u00e0 un organisme ind\u00e9pendant des partis, la Commission de la repr\u00e9sentation \u00e9lectorale.<\/p>\n<p style=\"text-align: justify;\">Ces derniers mois, l\u2019opposition p\u00e9quiste s\u2019est toutefois prononc\u00e9e en faveur de nouveaux crit\u00e8res de r\u00e9vision qui mettraient en p\u00e9ril le principe d\u00e9mocratique de l\u2019\u00e9galit\u00e9 du vote des \u00e9lecteurs en avantageant syst\u00e9matiquement les r\u00e9gions les moins populeuses aux d\u00e9pens des villes et des banlieues en forte progression d\u00e9mographique.<\/p>\n<p style=\"text-align: justify;\">\n<p style=\"text-align: justify;\">Voil\u00e0 deux pans fondamentaux du plan de r\u00e9forme d\u00e9mocratique d\u00e9fendu par Ren\u00e9 L\u00e9vesque que le PQ d\u2019aujourd\u2019hui laisse tomber!<\/p>\n<script type=\"text\/javascript\">\n\nvar addthis_config = {\"data_track_clickback\":false,\"data_track_addressbar\":false,\"data_track_textcopy\":false};\n<\/script><script type=\"text\/javascript\" src=\"\/\/s7.addthis.com\/js\/250\/addthis_widget.js#pubid=a457a6d63fb9e6ccabdde4110343bd85\"><\/script>","protected":false},"excerpt":{"rendered":"<p><span style=\"color: #3366ff;\">La r\u00e9forme du mode de scrutin<\/span><\/p>\n<p><span style=\"color: #3366ff;\">\u00e9vacu\u00e9e du programme du PQ<\/span><\/p>\n<\/p>\n<p>  <span style=\"color: #800000;\"> Par <\/span><span style=\"color: #800000;\">Paul Cliche <\/span> <\/p>\n<p>Suite au r\u00e9cent congr\u00e8s du PQ, la proposition de r\u00e9former le mode de scrutin ne fait plus partie du programme de la formation &hellip;<\/p>\n","protected":false},"author":1,"featured_media":0,"comment_status":"open","ping_status":"open","sticky":false,"template":"","format":"standard","meta":{"footnotes":""},"categories":[1],"tags":[],"class_list":["post-6051","post","type-post","status-publish","format-standard","hentry","category-accueil"],"_links":{"self":[{"href":"http:\/\/www.lecarrefourdesopinions.ca\/index.php?rest_route=\/wp\/v2\/posts\/6051","targetHints":{"allow":["GET"]}}],"collection":[{"href":"http:\/\/www.lecarrefourdesopinions.ca\/index.php?rest_route=\/wp\/v2\/posts"}],"about":[{"href":"http:\/\/www.lecarrefourdesopinions.ca\/index.php?rest_route=\/wp\/v2\/types\/post"}],"author":[{"embeddable":true,"href":"http:\/\/www.lecarrefourdesopinions.ca\/index.php?rest_route=\/wp\/v2\/users\/1"}],"replies":[{"embeddable":true,"href":"http:\/\/www.lecarrefourdesopinions.ca\/index.php?rest_route=%2Fwp%2Fv2%2Fcomments&post=6051"}],"version-history":[{"count":3,"href":"http:\/\/www.lecarrefourdesopinions.ca\/index.php?rest_route=\/wp\/v2\/posts\/6051\/revisions"}],"predecessor-version":[{"id":6076,"href":"http:\/\/www.lecarrefourdesopinions.ca\/index.php?rest_route=\/wp\/v2\/posts\/6051\/revisions\/6076"}],"wp:attachment":[{"href":"http:\/\/www.lecarrefourdesopinions.ca\/index.php?rest_route=%2Fwp%2Fv2%2Fmedia&parent=6051"}],"wp:term":[{"taxonomy":"category","embeddable":true,"href":"http:\/\/www.lecarrefourdesopinions.ca\/index.php?rest_route=%2Fwp%2Fv2%2Fcategories&post=6051"},{"taxonomy":"post_tag","embeddable":true,"href":"http:\/\/www.lecarrefourdesopinions.ca\/index.php?rest_route=%2Fwp%2Fv2%2Ftags&post=6051"}],"curies":[{"name":"wp","href":"https:\/\/api.w.org\/{rel}","templated":true}]}}