{"id":6035,"date":"2011-06-21T17:12:55","date_gmt":"2011-06-21T21:12:55","guid":{"rendered":"http:\/\/www.lecarrefourdesopinions.ca\/?p=6035"},"modified":"2011-06-21T17:12:55","modified_gmt":"2011-06-21T21:12:55","slug":"construction-d%e2%80%99une-haiti-nouvelle","status":"publish","type":"post","link":"http:\/\/www.lecarrefourdesopinions.ca\/?p=6035","title":{"rendered":"Construction d\u2019une Ha\u00efti Nouvelle"},"content":{"rendered":"<p><strong><br \/><\/strong><\/p>\n<p><strong>\u00ab<span style=\"color: #3366ff;\"> Construction d\u2019une Ha\u00efti Nouvelle <\/span><\/strong>\u2013 <strong>Vision et contribution du GRAHN\u00bb<\/strong><\/p>\n<p><strong>et Lancement de GRAHN-Ha\u00efti<\/strong><\/p>\n<p><strong>Port-au-Prince &#8211; le 15 juin 2011 <\/strong>\u2013 Suite au colloque historique des 4 et 5 mars 2010 et de la<\/p>\n<p>conf\u00e9rence internationale qui s\u2019est tenue les 20 et 21 mai 2010 \u00e0 l\u2019\u00c9cole Polytechnique de Montr\u00e9al, le<\/p>\n<p><strong>Groupe de r\u00e9flexion et d\u2019action pour une Ha\u00efti nouvelle (GRAHN) <\/strong>a le plaisir d\u2019annoncer,<\/p>\n<p>conjointement avec l\u2019<strong>Universit\u00e9 d\u2019\u00c9tat d\u2019Ha\u00efti (UEH)<\/strong>, le lancement de l\u2019\u00e9dition ha\u00eftienne de l\u2019ouvrage<\/p>\n<p>collectif \u00ab Construction d\u2019une Ha\u00efti Nouvelle \u2013 Vision et contribution du GRAHN \u00bb et le lancement de<\/p>\n<p>GRAHN-Ha\u00efti. Ce double lancement aura lieu le mardi 21 juin prochain \u00e0 Port-au-Prince et plus de 270<\/p>\n<p>personnes ont d\u00e9j\u00e0 confirm\u00e9 leur pr\u00e9sence. Nous attendons 300 personnes \u00e0 cet \u00e9v\u00e9nement.<\/p>\n<p>Cet ouvrage collectif se veut une modeste contribution du GRAHN \u00e0 l\u2019effort de r\u00e9flexion devant servir \u00e0<\/p>\n<p>l\u2019\u00e9mergence d\u2019une Ha\u00efti nouvelle. Ce livre s\u2019adresse aux citoyens ha\u00eftiens de l\u2019int\u00e9rieur et de l\u2019ext\u00e9rieur<\/p>\n<p>du pays, aux institutions ha\u00eftiennes, aux dirigeants politiques ha\u00eftiens actuels et futurs, aux institutions<\/p>\n<p>internationales de coop\u00e9ration, aux organisations gouvernementales et non gouvernementales oeuvrant en<\/p>\n<p>Ha\u00efti, aux citoyens et aux dirigeants des pays amis d\u2019Ha\u00efti ainsi qu\u2019aux citoyens du monde entier<\/p>\n<p>souhaitant mieux comprendre les probl\u00e8mes du pays.<\/p>\n<p>Pour cerner la probl\u00e9matique ha\u00eftienne, ce livre propose dix chapitres qui constituent autant de champs<\/p>\n<p>d\u2019intervention \u00e0 consid\u00e9rer dans un projet de reconstruction ou de refondation du pays : l\u2019am\u00e9nagement<\/p>\n<p>du territoire et l\u2019environnement, le d\u00e9veloppement \u00e9conomique et la cr\u00e9ation d&#8217;emplois, les<\/p>\n<p>infrastructures nationales, la reconstruction de l&rsquo;\u00c9tat et la gouvernance, la sant\u00e9 publique et la population,<\/p>\n<p>la solidarit\u00e9 et le d\u00e9veloppement social, le syst\u00e8me \u00e9ducatif ha\u00eftien, le patrimoine et la culture, les<\/p>\n<p>interventions urgentes et posturgentes, la planification globale et le financement.<\/p>\n<p>Ce livre est une oeuvre de GRAHN-Monde, r\u00e9alis\u00e9e avec la collaboration de plus de 120 coauteurs et<\/p>\n<p>contributeurs. GRAHN-Monde est une organisation mondiale de vigie citoyenne, privil\u00e9giant une<\/p>\n<p>approche participative pour articuler un cadre de reconstruction d&rsquo;Ha\u00efti qui va au-del\u00e0 de la simple<\/p>\n<p>r\u00e9fection des infrastructures physiques. Il pr\u00e9conise une r\u00e9flexion permanente d\u00e9bouchant sur des actions<\/p>\n<p>structurantes et coordonn\u00e9es, \u00e9chelonn\u00e9es sur un horizon de 20 ans, en vue de la construction d&rsquo;une Ha\u00efti<\/p>\n<p>nouvelle, fond\u00e9e sur le droit, le partage, la solidarit\u00e9, l&rsquo;\u00e9ducation, le respect de l&rsquo;environnement et le culte<\/p>\n<p>du bien commun.<\/p>\n<p>Au cours de ce lancement, en plus de l\u2019\u00e9diteur scientifique qui a coordonn\u00e9 la production de l\u2019ouvrage,<\/p>\n<p>prendront la parole plusieurs personnalit\u00e9s, parmi lesquelles :<\/p>\n<p>\uf0b7 le recteur <strong>Jean-Vernet Henry <\/strong>de l\u2019Universit\u00e9 d\u2019\u00c9tat d\u2019Ha\u00efti, auteur de la pr\u00e9face de l\u2019ouvrage;<\/p>\n<p>\uf0b7 le recteur <strong>Jacky Lumarque <\/strong>de l\u2019Universit\u00e9 Quisqueya, auteur de la postface de l\u2019ouvrage;<\/p>\n<p>\uf0b7 Dr. <strong>Myriam Gousse Larsen<\/strong>, membre du Groupe de lecture du Canap\u00e9-Vert;<\/p>\n<p>\uf0b7 l\u2019\u00e9crivain <strong>Odette Roy Fombrun<\/strong>;<\/p>\n<p>\uf0b7 l\u2019agronome et industriel <strong>Pierre L\u00e9ger<\/strong>;<\/p>\n<p>\uf0b7 la pr\u00e9sidente de GRAHN-Ha\u00efti, Madame <strong>Laurence Gauthier Pierre<\/strong>.<\/p>\n<p>2<\/p>\n<p>GRAHN-Ha\u00efti est compos\u00e9 de chapitres dans les diff\u00e9rents d\u00e9partements du pays : au Cap-Ha\u00eftien, aux<\/p>\n<p>Cayes, \u00e0 Port-au-Prince, \u00e0 Port-de-Paix, entre autres. Le lancement du 21 juin prochain offrira l\u2019occasion<\/p>\n<p>d\u2019en savoir davantage au sujet de ce mouvement citoyen, large et inclusif, visant la construction d\u2019une<\/p>\n<p>Ha\u00efti nouvelle. Apr\u00e8s le lancement, on pourra se procurer le livre dans le r\u00e9seau de distribution des<\/p>\n<p><strong>\u00c9ditions de l\u2019Universit\u00e9 d\u2019\u00c9tat d\u2019Ha\u00efti <\/strong>et dans les chapitres d\u00e9partementaux de GRAHN-Ha\u00efti.<\/p>\n<p>GRAHN-Monde remercie tous ses partenaires qui le supportent, notamment le <strong>Canada <\/strong>qui a contribu\u00e9<\/p>\n<p>financi\u00e8rement au lancement par l\u2019interm\u00e9diaire de l\u2019<strong>Agence canadienne de d\u00e9veloppement<\/strong><\/p>\n<p><strong>international (ACDI) <\/strong>et l\u2019<strong>Ambassade du Canada \u00e0 Port-au-Prince<\/strong>, ainsi que les trois institutions qui<\/p>\n<p>ont financ\u00e9 la production de l\u2019\u00e9dition ha\u00eftienne de l\u2019ouvrage : la <strong>Fondation Connaissance<\/strong><strong> et Libert\u00e9<\/strong><\/p>\n<p><strong>(FOKAL)<\/strong>, la <strong>Banque<\/strong><strong> de la  R\u00e9publique d\u2019Ha\u00efti (BRH) <\/strong>et le <strong>Bureau de l\u2019Envoy\u00e9e sp\u00e9ciale de<\/strong><\/p>\n<p><strong>l\u2019UNESCO pour Ha\u00efti<\/strong>.<\/p>\n<p>GRAHN-Monde profite aussi de l\u2019occasion pour remercier les m\u00e9dias ha\u00eftiens de leur appui.<\/p>\n<p><strong><br \/><\/strong><\/p>\n<p><strong>Contacts <\/strong>: Rodrigue Baug\u00e9 : rodrigue.baug@sympatico.ca<\/p>\n<p>Laurence Gauthier Pierre : laurencegpierre@yahoo.com<\/p>\n<script type=\"text\/javascript\">\n\nvar addthis_config = {\"data_track_clickback\":false,\"data_track_addressbar\":false,\"data_track_textcopy\":false};\n<\/script><script type=\"text\/javascript\" src=\"\/\/s7.addthis.com\/js\/250\/addthis_widget.js#pubid=a457a6d63fb9e6ccabdde4110343bd85\"><\/script>","protected":false},"excerpt":{"rendered":"<\/p>\n<p>\u00ab<span style=\"color: #3366ff;\"> Construction d\u2019une Ha\u00efti Nouvelle <\/span>\u2013 Vision et contribution du GRAHN\u00bb<\/p>\n<p>et Lancement de GRAHN-Ha\u00efti<\/p>\n<p>Port-au-Prince &#8211; le 15 juin 2011 \u2013 Suite au colloque historique des 4 et 5 mars 2010 et de la<\/p>\n<p>conf\u00e9rence internationale &hellip;<\/p>\n","protected":false},"author":1,"featured_media":0,"comment_status":"open","ping_status":"open","sticky":false,"template":"","format":"standard","meta":{"footnotes":""},"categories":[1],"tags":[],"class_list":["post-6035","post","type-post","status-publish","format-standard","hentry","category-accueil"],"_links":{"self":[{"href":"http:\/\/www.lecarrefourdesopinions.ca\/index.php?rest_route=\/wp\/v2\/posts\/6035","targetHints":{"allow":["GET"]}}],"collection":[{"href":"http:\/\/www.lecarrefourdesopinions.ca\/index.php?rest_route=\/wp\/v2\/posts"}],"about":[{"href":"http:\/\/www.lecarrefourdesopinions.ca\/index.php?rest_route=\/wp\/v2\/types\/post"}],"author":[{"embeddable":true,"href":"http:\/\/www.lecarrefourdesopinions.ca\/index.php?rest_route=\/wp\/v2\/users\/1"}],"replies":[{"embeddable":true,"href":"http:\/\/www.lecarrefourdesopinions.ca\/index.php?rest_route=%2Fwp%2Fv2%2Fcomments&post=6035"}],"version-history":[{"count":3,"href":"http:\/\/www.lecarrefourdesopinions.ca\/index.php?rest_route=\/wp\/v2\/posts\/6035\/revisions"}],"predecessor-version":[{"id":6073,"href":"http:\/\/www.lecarrefourdesopinions.ca\/index.php?rest_route=\/wp\/v2\/posts\/6035\/revisions\/6073"}],"wp:attachment":[{"href":"http:\/\/www.lecarrefourdesopinions.ca\/index.php?rest_route=%2Fwp%2Fv2%2Fmedia&parent=6035"}],"wp:term":[{"taxonomy":"category","embeddable":true,"href":"http:\/\/www.lecarrefourdesopinions.ca\/index.php?rest_route=%2Fwp%2Fv2%2Fcategories&post=6035"},{"taxonomy":"post_tag","embeddable":true,"href":"http:\/\/www.lecarrefourdesopinions.ca\/index.php?rest_route=%2Fwp%2Fv2%2Ftags&post=6035"}],"curies":[{"name":"wp","href":"https:\/\/api.w.org\/{rel}","templated":true}]}}