{"id":6031,"date":"2011-07-05T16:39:51","date_gmt":"2011-07-05T20:39:51","guid":{"rendered":"http:\/\/www.lecarrefourdesopinions.ca\/?p=6031"},"modified":"2011-07-05T16:39:51","modified_gmt":"2011-07-05T20:39:51","slug":"maitre-levez-mes-doutes-2","status":"publish","type":"post","link":"http:\/\/www.lecarrefourdesopinions.ca\/?p=6031","title":{"rendered":"Ma\u00eetre ! Levez mes doutes."},"content":{"rendered":"<p><span style=\"color: #3366ff;\"><strong><em>Ma\u00eetre\u00a0! Levez mes doutes.<\/em><\/strong><\/span><\/p>\n<p><strong> <img loading=\"lazy\" decoding=\"async\" class=\"alignleft size-thumbnail wp-image-6032\" title=\"photo \u00c9ric Nogard\" src=\"http:\/\/www.lecarrefourdesopinions.ca\/wp-content\/uploads\/2011\/06\/photo-\u00c9ric-Nogard4-134x107.jpg\" alt=\"\" width=\"134\" height=\"107\" \/> <\/strong><span style=\"color: #800000;\"><em>Par Eric E.G. NOGARD <\/em><\/span><\/p>\n<p>&nbsp;<\/p>\n<p>Ma\u00eetre, Vous, l\u2019Avocat justement connu du Barreau de Fort-de-France comme de la Martinique enti\u00e8re, pour votre Discr\u00e9tion, comme pour votre Pond\u00e9ration digne d\u2019Aristote le Sage.<\/p>\n<p>&nbsp;<\/p>\n<p>Vous avez d\u00e9clar\u00e9 de fa\u00e7on constante, pour l\u2019avoir fait, tant devant le Tribunal Correctionnel, que devant la Cour d\u2019Appel de la Juridiction de la Martinique, dans les Antilles Fran\u00e7aises\u00a0:<\/p>\n<p>&nbsp;<\/p>\n<p><strong>\u00ab\u00a0<em>Ma Charge est de poursuivre Alain HUYGUES-DESPOINTES, <\/em><\/strong><\/p>\n<p><strong><em>Non pour ce qu\u2019il est, mais pour ce qu\u2019il a dit<\/em><\/strong><strong> \u00bb.<\/strong><\/p>\n<p><strong><em> <\/em><\/strong><\/p>\n<p>&nbsp;<\/p>\n<p><strong><em>Premier Doute, NON pour ce qu\u2019il est.<\/em><\/strong><\/p>\n<p>&nbsp;<\/p>\n<p>Vous sentiez-vous tenu d\u2019exprimer une telle R\u00e9serve et de fa\u00e7on si Constante, quand rien ne vous y obligeait, au contraire.<\/p>\n<p>&nbsp;<\/p>\n<p>Qu\u2019avez-vous tenu \u00e0 mettre en Lumi\u00e8re, quelle mise en garde avez-vous discr\u00e8tement et nettement tenu \u00e0 faire au Tribunal.<\/p>\n<p>&nbsp;<\/p>\n<p>En ceci, tout en vous employant Honn\u00eatement \u00e0 l\u2019Obligation \u00e0 laquelle vous avez souscrite de plaider de votre mieux la Cause de Vos Clients, n\u2019avez-vous pas fait Honneur \u00e0 la Population Martiniquaise qui, en d\u00e9sertant la Salle d\u2019Audience, s\u2019est prononc\u00e9e sur l\u2019inanit\u00e9 d\u2019un tel Proc\u00e8s.<\/p>\n<p>&nbsp;<\/p>\n<p>Quel Aveu, Bien Cher Ma\u00eetre, Votre Intime Conviction a-t-elle voulu faire aux Juges par cette Mise en Garde\u00a0:<\/p>\n<p>&nbsp;<\/p>\n<p>Non pour ce qu\u2019il est\u2026 car ce qu\u2019il est exclut le Proc\u00e8s qui lui est fait. Ma\u00eetre, levez ce Premier Doute.<\/p>\n<p>&nbsp;<\/p>\n<p>&nbsp;<\/p>\n<p><strong><em>Deuxi\u00e8me Doute\u00a0: Mais pour ce qu\u2019il a dit.<\/em><\/strong><\/p>\n<p>&nbsp;<\/p>\n<p>Pour \u00ab\u00a0ce qu\u2019il a dit\u00a0\u00bb, sous r\u00e9serve qu\u2019il soit distingu\u00e9 entre ce qu\u2019il a dit et \u00ab\u00a0ce qu\u2019on lui a fait dire\u00a0\u00bb, car on a beau dire, car on a beau faire accroire\u00a0:<\/p>\n<p>&nbsp;<\/p>\n<p>Celui qui veut dire \u2013 ou du moins c\u2019est son propre \u2013 va d\u00e9lib\u00e9r\u00e9ment \u00e0 une oreille, \u00e0 un auditeur, \u00e0 un auditoire qui veuille l\u2019entendre et donne sa becqu\u00e9e aux oreilles qui se tendent.<\/p>\n<p>&nbsp;<\/p>\n<p>Il est douteux que tel fut le cas. En tout cas, ce cas n\u2019a pas \u00e9t\u00e9 envisag\u00e9, pas plus qu\u2019il n\u2019a \u00e9t\u00e9 \u00e9tabli ni prouv\u00e9.<\/p>\n<p>&nbsp;<\/p>\n<p>Et si tel fut le cas, Ma\u00eetre, affranchissez-moi de ce doute.<\/p>\n<p>&nbsp;<\/p>\n<p>&nbsp;<\/p>\n<p>S\u2019agissant de celui \u00e0 qui on veut faire dire, c\u2019est tout autre chose, nonobstant la raison qu\u2019on a de faire parler, m\u00eame au forcing.<\/p>\n<p>&nbsp;<\/p>\n<ul>\n<li>Il y-a la D\u00e9marche en elle-m\u00eame comme il y a le Motif de la D\u00e9marche.<\/li>\n<\/ul>\n<p>&nbsp;<\/p>\n<p>Alain HUYGUES-DESPOINTES a \u00e9t\u00e9 d\u00e9march\u00e9, c\u2019est ind\u00e9niable.<\/p>\n<p>&nbsp;<\/p>\n<p>Or, le D\u00e9march\u00e9 serait-il SUJET Actif ou OBJET Contraint, forc\u00e9 par USURE.<\/p>\n<p>&nbsp;<\/p>\n<ul>\n<li>Il y a eu Tromperie dans la Motivation de la D\u00e9marche.<\/li>\n<\/ul>\n<p>&nbsp;<\/p>\n<p>Alain HUYGUES-DESPOINTES a consenti \u00e0 une Interview sur l\u2019Economie.<\/p>\n<p>&nbsp;<\/p>\n<p>Alain HUYGUES-DESPOINTES pas plus que quiconque n\u2019a vu quoi que ce soit sur l\u2019Economie \u00e0 Travers la Production du Grand Reporter.<\/p>\n<p>&nbsp;<\/p>\n<p>Il n\u2019y a pas \u00e0 sortir de l\u00e0, BOLZINGER a Abus\u00e9 DESPOINTES.<\/p>\n<p>&nbsp;<\/p>\n<ul>\n<li>Il y a eu TORTURE pour extorsion d\u2019Aveux et Confidences.<\/li>\n<\/ul>\n<p>&nbsp;<\/p>\n<p>Il fut d\u00e9clar\u00e9 et jamais d\u00e9menti, ni en Premi\u00e8re Instance, ni en Appel que DESPOINTES fut soumis par BOLZINGER \u00e0 DEUX JOURS d\u2019INTERVIEW, CAMERA au POING.<\/p>\n<p>&nbsp;<\/p>\n<p>De la part d\u2019un Grand Reporter, cela ne tiendrait-il pas de la TORTURE, cela ne rappellerait-il rien \u00e0 la L.I.C.R.A.<\/p>\n<p>&nbsp;<\/p>\n<p>\u00fc\u00a0\u00a0\u00a0 Quel Homme de Science ou de M\u00e9decine peut aujourd\u2019hui pr\u00e9tendre que n\u2019a rien d\u2019atroce, d\u2019inhumain et de suspect une interview (pour mieux dire un harc\u00e8lement) de deux jours en un seul-\u00e0-seul avec un presque Nonag\u00e9naire.<\/p>\n<p>&nbsp;<\/p>\n<p>\u00fc\u00a0\u00a0\u00a0 Quel Limier peut pr\u00e9tendre qu\u2019il pourrait se satisfaire du Mis\u00e9rable Exsudat de quelques minutes d\u2019une Interview de Deux Jours, Cam\u00e9ra au Poing, surtout quand ce minable reportage ne fait en rien \u00e9tat de ce qui \u00e9tait pr\u00e9vu, Annonc\u00e9.<\/p>\n<p>&nbsp;<\/p>\n<p>Quel Limier accepterait l\u2019id\u00e9e de la Destruction du Reste du Reportage et se contenterait de ce trognon plus que suspect de saucisson.<\/p>\n<p>&nbsp;<\/p>\n<p>\u00fc\u00a0\u00a0\u00a0 Quel Juge ne verrait pas surgir le DOUTE de ce M\u00e9prisable Dossier dont le moins qu\u2019on puisse dire est qu\u2019il est trop incomplet pour \u00eatre digne de FOI.<\/p>\n<p>&nbsp;<\/p>\n<p>Et quel Juge refuserait le B\u00e9n\u00e9fice de ce DOUTE \u00e0 Qui de Droit, Attendu que\u00a0: In dubio pro reo.<\/p>\n<p>&nbsp;<\/p>\n<p>&nbsp;<\/p>\n<p>Ma\u00eetre, ce dossier m\u2019en rappelle un autre et me laisse dans la Bouche le m\u00eame Go\u00fbt Amer.<\/p>\n<p>&nbsp;<\/p>\n<p>Ce que je n\u2019ai pas obtenu pour l\u2019un, Consentez le moi pour l\u2019autre.<\/p>\n<p>&nbsp;<\/p>\n<p><strong>Ma\u00eetre\u00a0! Levez mes doutes<\/strong>.<\/p>\n<p><img loading=\"lazy\" decoding=\"async\" class=\"alignleft size-full wp-image-6033\" title=\"au l\u00e8che doigts\" src=\"http:\/\/www.lecarrefourdesopinions.ca\/wp-content\/uploads\/2011\/06\/au-l\u00e8che-doigts.jpg\" alt=\"\" width=\"554\" height=\"252\" srcset=\"http:\/\/www.lecarrefourdesopinions.ca\/wp-content\/uploads\/2011\/06\/au-l\u00e8che-doigts.jpg 554w, http:\/\/www.lecarrefourdesopinions.ca\/wp-content\/uploads\/2011\/06\/au-l\u00e8che-doigts-300x136.jpg 300w, http:\/\/www.lecarrefourdesopinions.ca\/wp-content\/uploads\/2011\/06\/au-l\u00e8che-doigts-400x181.jpg 400w\" sizes=\"auto, (max-width: 554px) 100vw, 554px\" \/><\/p>\n<p>&nbsp;<\/p>\n<p>&nbsp;<\/p>\n<p>&nbsp;<\/p>\n<p>&nbsp;<\/p>\n<script type=\"text\/javascript\">\n\nvar addthis_config = {\"data_track_clickback\":false,\"data_track_addressbar\":false,\"data_track_textcopy\":false};\n<\/script><script type=\"text\/javascript\" src=\"\/\/s7.addthis.com\/js\/250\/addthis_widget.js#pubid=a457a6d63fb9e6ccabdde4110343bd85\"><\/script>","protected":false},"excerpt":{"rendered":"<p><span style=\"color: #3366ff;\">Ma\u00eetre\u00a0! Levez mes doutes.<\/span><\/p>\n<p>  <span style=\"color: #800000;\">Par Eric E.G. NOGARD <\/span><\/p>\n<p>&nbsp;<\/p>\n<p>Ma\u00eetre, Vous, l\u2019Avocat justement connu du Barreau de Fort-de-France comme de la Martinique enti\u00e8re, pour votre Discr\u00e9tion, comme pour votre Pond\u00e9ration digne d\u2019Aristote le Sage.<\/p>\n<p>&nbsp;<\/p>\n<p>Vous &hellip;<\/p>\n","protected":false},"author":1,"featured_media":0,"comment_status":"open","ping_status":"open","sticky":false,"template":"","format":"standard","meta":{"footnotes":""},"categories":[1],"tags":[],"class_list":["post-6031","post","type-post","status-publish","format-standard","hentry","category-accueil"],"_links":{"self":[{"href":"http:\/\/www.lecarrefourdesopinions.ca\/index.php?rest_route=\/wp\/v2\/posts\/6031","targetHints":{"allow":["GET"]}}],"collection":[{"href":"http:\/\/www.lecarrefourdesopinions.ca\/index.php?rest_route=\/wp\/v2\/posts"}],"about":[{"href":"http:\/\/www.lecarrefourdesopinions.ca\/index.php?rest_route=\/wp\/v2\/types\/post"}],"author":[{"embeddable":true,"href":"http:\/\/www.lecarrefourdesopinions.ca\/index.php?rest_route=\/wp\/v2\/users\/1"}],"replies":[{"embeddable":true,"href":"http:\/\/www.lecarrefourdesopinions.ca\/index.php?rest_route=%2Fwp%2Fv2%2Fcomments&post=6031"}],"version-history":[{"count":2,"href":"http:\/\/www.lecarrefourdesopinions.ca\/index.php?rest_route=\/wp\/v2\/posts\/6031\/revisions"}],"predecessor-version":[{"id":6143,"href":"http:\/\/www.lecarrefourdesopinions.ca\/index.php?rest_route=\/wp\/v2\/posts\/6031\/revisions\/6143"}],"wp:attachment":[{"href":"http:\/\/www.lecarrefourdesopinions.ca\/index.php?rest_route=%2Fwp%2Fv2%2Fmedia&parent=6031"}],"wp:term":[{"taxonomy":"category","embeddable":true,"href":"http:\/\/www.lecarrefourdesopinions.ca\/index.php?rest_route=%2Fwp%2Fv2%2Fcategories&post=6031"},{"taxonomy":"post_tag","embeddable":true,"href":"http:\/\/www.lecarrefourdesopinions.ca\/index.php?rest_route=%2Fwp%2Fv2%2Ftags&post=6031"}],"curies":[{"name":"wp","href":"https:\/\/api.w.org\/{rel}","templated":true}]}}