{"id":6017,"date":"2011-07-05T16:39:34","date_gmt":"2011-07-05T20:39:34","guid":{"rendered":"http:\/\/www.lecarrefourdesopinions.ca\/?p=6017"},"modified":"2011-07-05T16:39:34","modified_gmt":"2011-07-05T20:39:34","slug":"pourquoi-l-i-c-r-a-etais-tu-absente","status":"publish","type":"post","link":"http:\/\/www.lecarrefourdesopinions.ca\/?p=6017","title":{"rendered":"Pourquoi, L.I.C.R.A., \u00e9tais-tu ABSENTE."},"content":{"rendered":"<p><strong><em><span style=\"color: #3366ff;\">Pourquoi, L.I.C.R.A., \u00e9tais-tu ABSENTE.<\/span> <\/em><\/strong><\/p>\n<p><strong> <img loading=\"lazy\" decoding=\"async\" class=\"alignleft size-thumbnail wp-image-6018\" title=\"photo \u00c9ric Nogard\" src=\"http:\/\/www.lecarrefourdesopinions.ca\/wp-content\/uploads\/2011\/06\/photo-\u00c9ric-Nogard3-134x107.jpg\" alt=\"\" width=\"134\" height=\"107\" \/> <span style=\"color: #800000;\"><em> <\/em><\/span><\/strong><span style=\"color: #800000;\"><em>Par<strong> <\/strong>Eric E.G. NOGARD <\/em><\/span><\/p>\n<p>&nbsp;<\/p>\n<p><span style=\"color: #800000;\"><em><br \/><\/em><\/span><\/p>\n<p><strong> <\/strong><\/p>\n<p><strong>L\u2019Humanit\u00e9 n\u2019est-elle pas le G\u00e9nie-Cr\u00e9ateur de l\u2019Esclavage. <\/strong><\/p>\n<p><strong> <\/strong><\/p>\n<p><strong>D\u00e8s-lors\u00a0:<\/strong><\/p>\n<p><strong> <\/strong><\/p>\n<ul>\n<li><strong>Si le Cr\u00e9ateur ne peut Cr\u00e9er un Crime contre lui-m\u00eame, l\u2019Esclavage ne saurait \u00eatre un Crime contre l\u2019Humanit\u00e9.<\/strong><\/li>\n<\/ul>\n<p><strong> <\/strong><\/p>\n<ul>\n<li><strong>Si le Cr\u00e9ateur peut se R\u00e9v\u00e9ler Criminel \u00e0 lui-m\u00eame, <\/strong><\/li>\n<\/ul>\n<p><strong>L\u2019Homme ne saurait en \u00eatre pris pour Coupable ni pour Juge.<\/strong><\/p>\n<p><strong> <\/strong><\/p>\n<p><strong>Tenu comme il l\u2019est de part la Loi, que l\u2019Homme reste Libre de sa Pens\u00e9e.<\/strong><\/p>\n<p><strong>**\u00a0 **\u00a0 **<\/strong><\/p>\n<p>&nbsp;<\/p>\n<p>Toi, L.I.C.R.A., Ligue Internationale Contre le Racisme et l\u2019Antis\u00e9mitisme.<\/p>\n<p>Toi, L.I.C.R.A., dans ton Action Contre Alain HUYGUES-DESPOINTES, pour Propos Racistes et Apologie de Crime Contre l\u2019Humanit\u00e9, de l\u2019Esclavage en l\u2019Occurrence.<\/p>\n<p>Toi, L.I.C.R.A., pourquoi as-tu brill\u00e9 par ton Absence \u00e0 ce Proc\u00e8s quand nous avions tant de questions \u00e0 te poser.<\/p>\n<p>&nbsp;<\/p>\n<p>Question auxquelles tu te devrais de nous r\u00e9pondre, tout comme Alain HUYGUES-DESPOINTES s\u2019est pr\u00eat\u00e9 et a r\u00e9pondu, \u00e0 toutes les Questions dont-il a fait l\u2019Objet, sans la moindre Feinte ni la moindre R\u00e9ticence.<\/p>\n<p>&nbsp;<\/p>\n<p>D\u00e8s-lors, nous pouvons dire que par ta D\u00e9robade, ce Proc\u00e8s dont tu es l\u2019Instigateur fut bel et bien Amput\u00e9 du moindre Contradictoire.<\/p>\n<p>&nbsp;<\/p>\n<p>&nbsp;<\/p>\n<p><strong><em>Mais il n\u2019y a pas que cela.<\/em><\/strong><\/p>\n<p>&nbsp;<\/p>\n<p>Quelle Opinion pouvons-nous nous permettre, priv\u00e9s comme nous le sommes, de la moindre R\u00e9ponse aux Questions que l\u2019Honn\u00eatet\u00e9 nous Commande de te poser.<\/p>\n<p>&nbsp;<\/p>\n<p>&nbsp;<\/p>\n<p><strong><em>De la Notion de Crime Contre l\u2019Humanit\u00e9 dans sa Qualification.<\/em><\/strong><\/p>\n<p>&nbsp;<\/p>\n<p>Un Crime Contre son Nombril, voire Contre le Nombril du Groupe auquel on appartient, peut-il \u00eatre Qualifi\u00e9 de Crime Contre l\u2019Humanit\u00e9.<\/p>\n<p>&nbsp;<\/p>\n<p>Que le Musulman qui ne mange pas le Porc soit Criminel au regard de l\u2019Eleveur de Cochons, commet-il pour autant un Crime Contre l\u2019Humanit\u00e9.<\/p>\n<p>&nbsp;<\/p>\n<p>L\u2019Esclavage est un Crime, OUI, pour les N\u00e8gres, quoiqu\u2019ils le pratiquent encore.<\/p>\n<p>L\u2019Esclavage est un Crime, OUI, en France o\u00f9 il n\u2019est plus pratiqu\u00e9.<\/p>\n<p>L\u2019Esclavage est un Crime, OUI, pour Nous, et pour des Raisons qui nous Regardent.<\/p>\n<p>&nbsp;<\/p>\n<p>&nbsp;<\/p>\n<p><strong><em>De l\u00e0 \u00e0 Pr\u00e9tendre que l\u2019Esclavage soit un Crime Contre l\u2019Humanit\u00e9.<\/em><\/strong><\/p>\n<p>&nbsp;<\/p>\n<p>Qu\u2019en sait-on de ce qu\u2019en Pense l\u2019Humanit\u00e9.<\/p>\n<p>&nbsp;<\/p>\n<p>D\u00e8s-lors, d\u00e9cider pour l\u2019Humanit\u00e9 de ce qui pour elle est un Crime ou Pas nous appara\u00eet comme d\u2019une Impertinente Audace.<\/p>\n<p>&nbsp;<\/p>\n<p>Et requ\u00e9rir en son NOM n\u2019est pas moins Audacieux sans son Avis.<\/p>\n<p>&nbsp;<\/p>\n<p>&nbsp;<\/p>\n<p>Souhaiter voir sa Famille indemne de Telle Couleur ou de Tel Go\u00fbt quand depuis le ventre de sa m\u00e8re on est fait \u00e0 l\u2019adage\u00a0:<\/p>\n<p>&nbsp;<\/p>\n<p>\u00ab\u00a0Les Go\u00fbts et les Couleurs ne se discutent pas.\u00a0\u00bb<\/p>\n<p>&nbsp;<\/p>\n<p>&nbsp;<\/p>\n<p><strong><em>Et se voir envoyer \u00e0 l\u2019Echafaud pour sa pr\u00e9f\u00e9rence \u00ab\u00a0personnelle\u00a0\u00bb\u00a0 pour tel \u00ab\u00a0grain de cheveux\u00a0\u00bb, ou pour telle Carnation.<\/em><\/strong><\/p>\n<p>&nbsp;<\/p>\n<p>Quel Juif aimerait donner sa Fille en \u00e9pousailles \u00e0 un GOY.<\/p>\n<p>&nbsp;<\/p>\n<p>Et pourtant, Madame la L.I.C.R.A., depuis la Fuite en Egypte, quel Fils de DAVID avez-vous poursuivi \u00e0 ce titre.<\/p>\n<p>&nbsp;<\/p>\n<p>Et \u00e0 ce titre, quel Fils de DIEU y voit du Racisme et NE s\u2019en F\u00e9licite, \u00e9tant donn\u00e9 qu\u2019en ceci, le Peuple d\u2019Isra\u00ebl est encore de ce Monde.<\/p>\n<p>&nbsp;<\/p>\n<p>&nbsp;<\/p>\n<p><strong><em>Pour notre part, la Martinique ne serait plus elle-m\u00eame, si elle devait se voir un jour\u00a0:<\/em><\/strong><\/p>\n<p>&nbsp;<\/p>\n<p>Sans ses Juifs, sans ses Descendants de Colons, sans ses Descendants d\u2019Esclaves, sans ses Chinois, sans ses Arawaks\u2026 dans leur Int\u00e9grit\u00e9, \u00e9tant Libre \u00e0 eux de tirer \u00ab\u00a0un petit coup\u00a0\u00bb de temps en temps, pour se faire des M\u00e9tisses, tellement nous pensons aussi que le M\u00e9tissage a du Bon\u00a0: il donne les TOUCOULEURS.<\/p>\n<p>&nbsp;<\/p>\n<p>Faire perdre \u00e0 la Martinique une de ses Composantes, l\u00e0 serait le CRIME.<\/p>\n<p>&nbsp;<\/p>\n<p>&nbsp;<\/p>\n<p><strong><em>En Conclusion.<\/em><\/strong><\/p>\n<p>&nbsp;<\/p>\n<p>Nous pr\u00e9tendons qu\u2019il faut \u00eatre un Pays ou B\u00eate ou Fou pour s\u2019offrir un Proc\u00e8s tel celui fait par la L.I.C.R.A. \u00e0 Alain HUYGUES-DESPOINTES.<\/p>\n<p>&nbsp;<\/p>\n<p>Ou alors, serions-nous revenus aux Pires Moments de l\u2019Intol\u00e9rance Moyen\u00e2geuse o\u00f9 l\u2019on se faisait PENDRE pour ses GO\u00dbTS, pour les COULEURS de son CHOIX.<\/p>\n<p>&nbsp;<\/p>\n<p>&nbsp;<\/p>\n<p><strong><em>En Cons\u00e9quence,<\/em><\/strong><\/p>\n<p>&nbsp;<\/p>\n<p>Que la L.I.C.R.A. suive l\u2019exemple Courageux de Roger DE-JAHAM qui, ayant reconnu \u2013 tout comme nous l\u2019esp\u00e9rons l\u2019Association \u00ab\u00a0Tous Cr\u00e9oles\u00a0\u00bb qu\u2019il Pr\u00e9side \u2013 avoir un peu \u00ab\u00a0perdu la t\u00eate\u00a0\u00bb vu l\u2019ambiance du moment, a Courageusement T\u00e9moign\u00e9 en Appel en faveur d\u2019Alain HUYGUES-DESPOINTES qu\u2019il avait abandonn\u00e9 aux Foudres du Tribunal Correctionnel.<\/p>\n<p>&nbsp;<\/p>\n<p>&nbsp;<\/p>\n<p>Quant \u00e0 la Population Martiniquaise, n\u2019en d\u00e9plaise \u00e0 MALSA, elle a tourn\u00e9 le dos\u00a0 \u00e0 ce Proc\u00e8s dont le moins qu\u2019on puisse dire, est qu\u2019il ne peut s\u2019appuyer sur rien qui vaille la peine.<\/p>\n<p>&nbsp;<\/p>\n<p>&nbsp;<\/p>\n<p>&nbsp;<\/p>\n<p>&nbsp;<\/p>\n<p>&nbsp;<\/p>\n<script type=\"text\/javascript\">\n\nvar addthis_config = {\"data_track_clickback\":false,\"data_track_addressbar\":false,\"data_track_textcopy\":false};\n<\/script><script type=\"text\/javascript\" src=\"\/\/s7.addthis.com\/js\/250\/addthis_widget.js#pubid=a457a6d63fb9e6ccabdde4110343bd85\"><\/script>","protected":false},"excerpt":{"rendered":"<p><span style=\"color: #3366ff;\">Pourquoi, L.I.C.R.A., \u00e9tais-tu ABSENTE.<\/span> <\/p>\n<p>  <span style=\"color: #800000;\"> <\/span><span style=\"color: #800000;\">Par Eric E.G. NOGARD <\/span><\/p>\n<p>&nbsp;<\/p>\n<p><span style=\"color: #800000;\"><\/span><\/p>\n<\/p>\n<p>L\u2019Humanit\u00e9 n\u2019est-elle pas le G\u00e9nie-Cr\u00e9ateur de l\u2019Esclavage. <\/p>\n<\/p>\n<p>D\u00e8s-lors\u00a0:<\/p>\n<\/p>\n<li>Si le Cr\u00e9ateur ne peut Cr\u00e9er un Crime contre lui-m\u00eame, l\u2019Esclavage ne saurait \u00eatre un Crime contre l\u2019Humanit\u00e9.<\/li>\n<li>Si &hellip;<\/li>\n","protected":false},"author":1,"featured_media":0,"comment_status":"open","ping_status":"open","sticky":false,"template":"","format":"standard","meta":{"footnotes":""},"categories":[1],"tags":[],"class_list":["post-6017","post","type-post","status-publish","format-standard","hentry","category-accueil"],"_links":{"self":[{"href":"http:\/\/www.lecarrefourdesopinions.ca\/index.php?rest_route=\/wp\/v2\/posts\/6017","targetHints":{"allow":["GET"]}}],"collection":[{"href":"http:\/\/www.lecarrefourdesopinions.ca\/index.php?rest_route=\/wp\/v2\/posts"}],"about":[{"href":"http:\/\/www.lecarrefourdesopinions.ca\/index.php?rest_route=\/wp\/v2\/types\/post"}],"author":[{"embeddable":true,"href":"http:\/\/www.lecarrefourdesopinions.ca\/index.php?rest_route=\/wp\/v2\/users\/1"}],"replies":[{"embeddable":true,"href":"http:\/\/www.lecarrefourdesopinions.ca\/index.php?rest_route=%2Fwp%2Fv2%2Fcomments&post=6017"}],"version-history":[{"count":2,"href":"http:\/\/www.lecarrefourdesopinions.ca\/index.php?rest_route=\/wp\/v2\/posts\/6017\/revisions"}],"predecessor-version":[{"id":6142,"href":"http:\/\/www.lecarrefourdesopinions.ca\/index.php?rest_route=\/wp\/v2\/posts\/6017\/revisions\/6142"}],"wp:attachment":[{"href":"http:\/\/www.lecarrefourdesopinions.ca\/index.php?rest_route=%2Fwp%2Fv2%2Fmedia&parent=6017"}],"wp:term":[{"taxonomy":"category","embeddable":true,"href":"http:\/\/www.lecarrefourdesopinions.ca\/index.php?rest_route=%2Fwp%2Fv2%2Fcategories&post=6017"},{"taxonomy":"post_tag","embeddable":true,"href":"http:\/\/www.lecarrefourdesopinions.ca\/index.php?rest_route=%2Fwp%2Fv2%2Ftags&post=6017"}],"curies":[{"name":"wp","href":"https:\/\/api.w.org\/{rel}","templated":true}]}}