{"id":6014,"date":"2011-06-14T20:55:15","date_gmt":"2011-06-15T00:55:15","guid":{"rendered":"http:\/\/www.lecarrefourdesopinions.ca\/?p=6014"},"modified":"2011-06-14T20:55:15","modified_gmt":"2011-06-15T00:55:15","slug":"lutte-pour-le-pouvoir-par-la-gauche-et-la-droite","status":"publish","type":"post","link":"http:\/\/www.lecarrefourdesopinions.ca\/?p=6014","title":{"rendered":"Lutte pour le pouvoir par la gauche et la droite"},"content":{"rendered":"<p><span style=\"color: #3366ff;\"><strong>Lutte pour le pouvoir par la gauche et la droite<\/strong><\/span><\/p>\n<p><em> <img loading=\"lazy\" decoding=\"async\" class=\"alignleft size-thumbnail wp-image-6015\" title=\"photo Michel Frankland 2\" src=\"http:\/\/www.lecarrefourdesopinions.ca\/wp-content\/uploads\/2011\/06\/photo-Michel-Frankland-2-134x107.jpg\" alt=\"\" width=\"134\" height=\"107\" \/> <span style=\"color: #800000;\">Par Michel Frankland\u00a0\u00a0\u00a0\u00a0\u00a0\u00a0\u00a0\u00a0\u00a0\u00a0 <br \/><\/span><\/em><\/p>\n<p>&nbsp;<\/p>\n<p style=\"text-align: justify;\">La gauche et la droite, parce qu\u2019elles constituent des repr\u00e9sentations\u00a0 \u00e0 leurs yeux coh\u00e9rentes et explicatives de la r\u00e9alit\u00e9 socio-\u00e9conomique, entendent bien faire triompher leur point de vue respectif.<\/p>\n<p style=\"text-align: justify;\">La gauche est branch\u00e9e \u00a0sur le c\u0153ur, les \u00e9motions.\u00a0 <em>Les Mis\u00e9rables<\/em> de Hugo, illustre on ne peut mieux la compassion de la gauche pour les laiss\u00e9s pour compte, pour le bon peuple toujours exploit\u00e9,\u00a0 pour eux, \u00a0par les riches et puissants. C\u2019est donc\u00a0 par les manifestations populaires que la gauche se bat. La  France, le peuple le plus naturellement \u00e0 gauche de la plan\u00e8te,\u00a0 r\u00e9agit spontan\u00e9ment en descendant dans la rue. \u00a0Dans les moments plus cors\u00e9s, il se d\u00e9fend \u00e0 coups de pav\u00e9s.<\/p>\n<p style=\"text-align: justify;\">La droite garde les yeux clairs. J\u2019allais \u00e9crire \u00ablucides\u00bb. Elle lit la r\u00e9alit\u00e9 autrement. Elle se m\u00e9fie des \u00e9motions, qui lui paraissent corrompre la nature, qu\u2019elle soit v\u00e9g\u00e9tale, sociale ou,\u00a0 surtout, \u00e9conomique. Aux d\u00e9sordres des \u00e9motions populaires\u00a0 et aux g\u00e2chis pr\u00e9sum\u00e9s, elle opposera ultimement l\u2019arm\u00e9e.\u00a0 Elle prendra bien soin, auparavant, de s\u2019enqu\u00e9rir de politiciens\u00a0 \u00e0 la parole d\u2019or. La droite cherche donc un tribun qui ait la confiance du peuple et pourrait l\u2019infl\u00e9chir dans le \u00abdroit\u00bb chemin. \u00a0Ou encore, on sp\u00e9culera sur la pub ou le coup d\u2019\u00e9clat m\u00e9diatique. Lors de la  Crise d\u2019Octobre, le \u00abcoup de la Brinks\u00bb rel\u00e8ve de cette strat\u00e9gie.\u00a0 Afin de semer la crainte des cons\u00e9quences \u00e9conomiques de l\u2019ind\u00e9pendance, la Brinks, entreprise sp\u00e9cialis\u00e9e dans\u00a0 les transports\u00a0 mon\u00e9taires s\u00e9curis\u00e9s,\u00a0 v\u00e9hicula vers l\u2019Ontario, \u00e0 grands renforts des m\u00e9dias, des documents \u00e9conomiques pr\u00e9tendument vitaux pour l\u2019\u00e9conomie qu\u00e9b\u00e9coise. Le raisonnement, fallacieux, voire pervers, qu\u2019on voulait instiller dans les caboches populaires,\u00a0 postulait que l\u2019ind\u00e9pendance serait ruineuse. Il fallait donc d\u00e9m\u00e9nager en lieu s\u00fbr les documents\u00a0 fondamentaux sur lesquels reposait l\u2019\u00e9conomie.\u00a0 \u00c9videmment,\u00a0 Monsieur Parizeau\u00a0 montra que lesdits documents valaient \u00e0 peine l\u2019encre utilis\u00e9e pour les \u00e9crire. Mais la mesure produisit un effet \u00a0certain.<\/p>\n<p style=\"text-align: justify;\">Il en va de la m\u00eame eau pour le traitement des prisonniers. La Chine et l\u2019URSS traitaient leurs prisonniers politiques substantiellement de la m\u00eame fa\u00e7on.\u00a0 Si l\u2019individu s\u2019est montr\u00e9 d\u00e9viant par rapport aux dictats du Parti, il convient de le r\u00e9\u00e9duquer.\u00a0\u00a0 Mao\u00a0 disait \u00e0 ce\u00a0 sujet\u00a0: \u00abUne t\u00eate tranch\u00e9e est\u00a0 l\u2019aveu d\u2019un \u00e9chec.\u00bb\u00a0 Je cite de m\u00e9moire. Nous assistons donc dans ces r\u00e9gimes \u00e0 des interrogations interminables. Les interrogateurs se relaient. L\u2019incarc\u00e9r\u00e9 doit, \u00e0 chaque affirmation, signer un document attestant ce qu\u2019il vient d\u2019affirmer. Les premiers documents sont anodins.\u00a0 Il s\u2019agit de cr\u00e9er l\u2019effet d\u2019entra\u00eenement. Bient\u00f4t, l\u2019esprit vacille. Les Hongrois appelaient\u00a0 ces divagations par \u00e9puisement \u00abfaire du cin\u00e9ma\u00bb. On trouve des \u00e9v\u00e9nements de m\u00eame nature chez Georghiu\u00a0 et chez Dumitriu.<\/p>\n<p style=\"text-align: justify;\">On aura saisi le lien avec la\u00a0 n\u00e9cessaire compassion de la gauche et ces interrogatoires interminables. La compassion implique le respect de la vie.\u00a0 Il faut donc redresser sans tuer. Quoique, on le constate,\u00a0 la m\u00e9thode ressemble bien fort \u00e0 du sadisme prolong\u00e9.<\/p>\n<p style=\"text-align: justify;\">Rien de comparable avec la m\u00e9thode de droite. Align\u00e9e sur l\u2019efficacit\u00e9, la droite tient bien en vue le chronom\u00e8tre.\u00a0 En combien de temps puis-je atteindre mon but\u00a0? Le prisonnier r\u00e9siste, Du must\u00a0 schiessen\u00a0! \u2013 Tu dois tirer. Le cas affreux de la Shoah le montre\u00a0: les Juifs, se persuadent les Nazis, sont coupables de\u00a0 nous avoir\u00a0 exploit\u00e9s. Pourquoi perdre du temps \u00e0 les r\u00e9habiliter\u00a0? Supprimons-les.\u00a0 Et d\u2019une mani\u00e8re efficace, comme il se doit\u00a0!\u00a0 On fait donc creuser les fosses par d\u2019autres prisonniers. Les victimes elles-m\u00eames sont mises \u00e0 contribution en vue de leur ex\u00e9cution.\u00a0 La  CIA a agi de m\u00eame au Chili. Pas de \u00abbrettage\u00bb avec des r\u00e9voltes populaires.\u00a0 Supprimons Allende et mettons notre Pinochet \u00e0 sa place.\u00a0 Nous n\u2019avons qu\u2019\u00e0 parquer sur des\u00a0 terrains de soccer\u00a0 les syndiqu\u00e9s, profs et journalistes qui forment l\u2019essentiel\u00a0 de ses militants. Nous\u00a0 en tuerons une partie pour que les autres se tiennent tranquilles.\u00a0 Nous en torturerons quelques-uns et nous finirons par les supprimer tous.\u00a0 Bref, il y a quelque chose d\u2019ubuesque dans cette approche simpliste. Elle ne tient pas compte des r\u00e9alit\u00e9s plus subtiles et plus profondes qui marinent au fond de l\u2019inconscient populaire et qui finissent par renverser les dictatures.<\/p>\n<p style=\"text-align: justify;\">Notons pour m\u00e9moire le traitement am\u00e9ricain des prisonniers \u00e0 Guantanamo. Ici, l\u2019approche de droite\u00a0 s\u2019av\u00e8re particuli\u00e8rement nulle. On ne supprime pas les prisonniers parce que ce serait contraire \u00e0 la Constitution am\u00e9ricaine.\u00a0 On les torture, mais sans vraiment obtenir quelques renseignements utiles. Sous la\u00a0 torture, ils avouent n\u2019importe quoi, sachant qu\u2019ils ne seront pas tu\u00e9s de toute fa\u00e7on.\u00a0 La torture manifeste plut\u00f4t le d\u00e9sarroi rageur des responsables de la Machine de l\u2019Oncle Sam qui ne savent pas quoi faire avec ces musulmans-ovnis. Des vieux routiers de la guerre les ont pr\u00e9venus \u00e0 l\u2019occasion. Traitez bien vos prisonniers.\u00a0 Si vous les torturez, les Am\u00e9ricains qui tomberont dans leurs griffes vont subir l\u2019enfer.\u00a0 Mais la courte vue et l\u2019inefficacit\u00e9 planifi\u00e9e l\u2019emportent.<\/p>\n<p style=\"text-align: justify;\">Le prochain article\u00a0: L\u2019espionnage con\u00e7u diff\u00e9remment \u00e0 gauche et \u00e0 droite.<\/p>\n<p style=\"text-align: justify;\"><strong>Michel Frankland<\/strong><br \/> site de bridge jug\u00e9 incontournable par les experts<br \/> <a href=\"http:\/\/pages.videotron.ca\/lepeuple\/\"><strong>http:\/\/pages.videotron.ca\/lepeuple\/<\/strong><\/a><\/p>\n<p style=\"text-align: justify;\">____________________________________________________________<\/p>\n<p style=\"text-align: justify;\"><strong>Christine Schwab<\/strong><br \/> psychologue comp\u00e9tente et extr\u00eamement honn\u00eate avec ses clients<br \/> (pas de prolongation inutile de traitement)<br \/> <a href=\"http:\/\/www.cschwab.net\/\"><strong>www.cschwab.net<\/strong><\/a><\/p>\n<p style=\"text-align: justify;\">____________________________________________________________<\/p>\n<p style=\"text-align: justify;\"><strong>Henri Cohen<\/strong><br \/> Un expert en pollution domestique et industrielle,<br \/> <a href=\"http:\/\/www.coblair.com\/\"><strong>www.coblair.com<\/strong><\/a><\/p>\n<p style=\"text-align: justify;\">\n<script type=\"text\/javascript\">\n\nvar addthis_config = {\"data_track_clickback\":false,\"data_track_addressbar\":false,\"data_track_textcopy\":false};\n<\/script><script type=\"text\/javascript\" src=\"\/\/s7.addthis.com\/js\/250\/addthis_widget.js#pubid=a457a6d63fb9e6ccabdde4110343bd85\"><\/script>","protected":false},"excerpt":{"rendered":"<p><span style=\"color: #3366ff;\">Lutte pour le pouvoir par la gauche et la droite<\/span><\/p>\n<p>  <span style=\"color: #800000;\">Par Michel Frankland\u00a0\u00a0\u00a0\u00a0\u00a0\u00a0\u00a0\u00a0\u00a0\u00a0 <\/span><\/p>\n<p>&nbsp;<\/p>\n<p style=\"text-align: justify;\">La gauche et la droite, parce qu\u2019elles constituent des repr\u00e9sentations\u00a0 \u00e0 leurs yeux coh\u00e9rentes et explicatives de la r\u00e9alit\u00e9 socio-\u00e9conomique, entendent bien faire &hellip;<\/p>\n","protected":false},"author":1,"featured_media":0,"comment_status":"open","ping_status":"open","sticky":false,"template":"","format":"standard","meta":{"footnotes":""},"categories":[1],"tags":[],"class_list":["post-6014","post","type-post","status-publish","format-standard","hentry","category-accueil"],"_links":{"self":[{"href":"http:\/\/www.lecarrefourdesopinions.ca\/index.php?rest_route=\/wp\/v2\/posts\/6014","targetHints":{"allow":["GET"]}}],"collection":[{"href":"http:\/\/www.lecarrefourdesopinions.ca\/index.php?rest_route=\/wp\/v2\/posts"}],"about":[{"href":"http:\/\/www.lecarrefourdesopinions.ca\/index.php?rest_route=\/wp\/v2\/types\/post"}],"author":[{"embeddable":true,"href":"http:\/\/www.lecarrefourdesopinions.ca\/index.php?rest_route=\/wp\/v2\/users\/1"}],"replies":[{"embeddable":true,"href":"http:\/\/www.lecarrefourdesopinions.ca\/index.php?rest_route=%2Fwp%2Fv2%2Fcomments&post=6014"}],"version-history":[{"count":2,"href":"http:\/\/www.lecarrefourdesopinions.ca\/index.php?rest_route=\/wp\/v2\/posts\/6014\/revisions"}],"predecessor-version":[{"id":6030,"href":"http:\/\/www.lecarrefourdesopinions.ca\/index.php?rest_route=\/wp\/v2\/posts\/6014\/revisions\/6030"}],"wp:attachment":[{"href":"http:\/\/www.lecarrefourdesopinions.ca\/index.php?rest_route=%2Fwp%2Fv2%2Fmedia&parent=6014"}],"wp:term":[{"taxonomy":"category","embeddable":true,"href":"http:\/\/www.lecarrefourdesopinions.ca\/index.php?rest_route=%2Fwp%2Fv2%2Fcategories&post=6014"},{"taxonomy":"post_tag","embeddable":true,"href":"http:\/\/www.lecarrefourdesopinions.ca\/index.php?rest_route=%2Fwp%2Fv2%2Ftags&post=6014"}],"curies":[{"name":"wp","href":"https:\/\/api.w.org\/{rel}","templated":true}]}}