{"id":6009,"date":"2011-06-29T08:53:49","date_gmt":"2011-06-29T12:53:49","guid":{"rendered":"http:\/\/www.lecarrefourdesopinions.ca\/?p=6009"},"modified":"2011-06-29T08:53:49","modified_gmt":"2011-06-29T12:53:49","slug":"le-vieil-homme-et-le-tapis","status":"publish","type":"post","link":"http:\/\/www.lecarrefourdesopinions.ca\/?p=6009","title":{"rendered":"Le vieil homme et le tapis"},"content":{"rendered":"<p><span style=\"color: #3366ff;\"><strong>Le vieil homme et le tapis<\/strong><\/span><\/p>\n<p><img loading=\"lazy\" decoding=\"async\" class=\"alignleft size-thumbnail wp-image-6010\" title=\"FXBoul\u00e9\" src=\"http:\/\/www.lecarrefourdesopinions.ca\/wp-content\/uploads\/2011\/06\/FXBoul\u00e91-134x107.jpg\" alt=\"\" width=\"134\" height=\"107\" \/> <em><span style=\"color: #800000;\"> Par Fran\u00e7ois-Xavier Boul\u00e9 <\/span><\/em><\/p>\n<p style=\"text-align: justify;\">\n<p style=\"text-align: justify;\">\n<p style=\"text-align: justify;\"><strong><span style=\"color: #0000ff;\">Depuis un mois, le vieil homme venait \u00e0 notre cours de judo. Tellement rid\u00e9 qu&rsquo;on lui aurait donn\u00e9 120 ans. Sa ceinture noire \u00e9tait si vieille et effiloch\u00e9, qu&rsquo;elle semblait grise&#8230;<\/span><\/strong><\/p>\n<p style=\"text-align: justify;\">Bien qu&rsquo;il participait aux saluts et aux \u00e9chauffements, il s&rsquo;assoyait dans un coin du dojo sans s&rsquo;appuyer sur le mur et nous regardait nos techniques et nos combats. Son sourire \u00e9dent\u00e9 s\u2019illuminait \u00e0 chaque fois qu&rsquo;un d&rsquo;entre nous se faisait projeter avec ardeur. Parfois, son rire franc retentissait, il applaudissait le vol plan\u00e9 d&rsquo;un combattant et&#8230; s&rsquo;essuyait une larme de joie!<\/p>\n<p style=\"text-align: justify;\">Plusieurs f\u00e9roces comp\u00e9titeurs commen\u00e7aient \u00e0 \u00eatre royalement irrit\u00e9s par le vieillard. Je dois avouer qu&rsquo;il me tapait aussi sur les nerfs car j&rsquo;\u00e9tais plus souvent qu&rsquo;autrement le projectile, source de son amusement. Par respect pour son \u00e2ge v\u00e9n\u00e9rable (pour un judoka), je le laissai tranquille; mais d&rsquo;autres lui firent comprendre&#8230; que pour rester il devait participer lui aussi. Du coin de l\u2019\u0153il, j&rsquo;ai capt\u00e9 \u2026 le mince sourire de mon sensei&#8230;<\/p>\n<p style=\"text-align: justify;\">C&rsquo;est ainsi que le vieil homme entrepris son premier randori depuis son arriv\u00e9e, un mois plus t\u00f4t. Un salut, et avant que le solide ceinture marron ne puissent le saisir; le vieil homme avait balay\u00e9 le pied avan\u00e7ant du jeune homme. Il le suivit au sol et l&rsquo;\u00e9crasa pour le maintenir fermement. Je me souviens encore du son de l&rsquo;air sortant de ses poumons&#8230;PFFFFFFF! Le combat avait dur\u00e9 5-6 secondes au maximum.<\/p>\n<p style=\"text-align: justify;\"><img loading=\"lazy\" decoding=\"async\" class=\"alignleft size-medium wp-image-6100\" title=\"Francois Boul\u00e9 3\" src=\"http:\/\/www.lecarrefourdesopinions.ca\/wp-content\/uploads\/2011\/06\/Francois-Boul\u00e9-3-300x200.jpg\" alt=\"\" width=\"300\" height=\"200\" srcset=\"http:\/\/www.lecarrefourdesopinions.ca\/wp-content\/uploads\/2011\/06\/Francois-Boul\u00e9-3-300x200.jpg 300w, http:\/\/www.lecarrefourdesopinions.ca\/wp-content\/uploads\/2011\/06\/Francois-Boul\u00e9-3-400x267.jpg 400w, http:\/\/www.lecarrefourdesopinions.ca\/wp-content\/uploads\/2011\/06\/Francois-Boul\u00e9-3.jpg 604w\" sizes=\"auto, (max-width: 300px) 100vw, 300px\" \/>Contrairement \u00e0 mes attentes, le vieil homme invita un autre jeune homme \u00e0 le combattre. Attribuant probablement la victoire du vieil homme \u00e0 la chance, le nouveau combattant n&rsquo;eut pas plus de succ\u00e8s\u00a0: son o soto gari eu vite fait de le mettre au sol; le vieil homme le suivit au sol comme \u2026 un arbre coup\u00e9 tombe dans la for\u00eat. En moins de quelques minutes, il avait vaincu les 4 meilleurs combattants de notre petit Club.<\/p>\n<p style=\"text-align: justify;\">J&rsquo;\u00e9tais un brin amus\u00e9 de voir les brutes arrogantes qui me lan\u00e7aient habituellement comme une poup\u00e9e de chiffons se faire battre par un vieillard. Et puis&#8230;j&rsquo;ai senti son regard se poser sur moi. Une invitation au randori ne se refuse jamais&#8230;<\/p>\n<p style=\"text-align: justify;\">Je n&rsquo;ai pas gagn\u00e9. Il s&rsquo;est adapt\u00e9 \u00e0 mon niveau technique, \u00e0 ma force, \u00e0 mon \u00e2ge, \u00e0 mon attitude&#8230; Le combat n&rsquo;a dur\u00e9 qu&rsquo;une minute&#8230; Il me lan\u00e7a au sol et glissa sur mon bras pour me faire une cl\u00e9 \u2026 C&rsquo;\u00e9tait fini, j&rsquo;avais surv\u00e9cu&#8230; Il me tendit la main et la serra vigoureusement comme il l&rsquo;avait fait avec les autres.<\/p>\n<p style=\"text-align: justify;\">C&rsquo;est avec ce vieil homme que j&rsquo;ai peaufin\u00e9 les techniques les plus importantes du judo. Celles qu&rsquo;on utilise \u00e0 tous les jours et qui ne sont pas \u00e9valu\u00e9 au passage de ceinture&#8230; Les techniques de la vie\u00a0: le contr\u00f4le de soi, la politesse, le respect, la pers\u00e9v\u00e9rance&#8230;<\/p>\n<p style=\"text-align: justify;\">Merci Otagani!<\/p>\n<p style=\"text-align: justify;\"><img loading=\"lazy\" decoding=\"async\" class=\"alignleft size-large wp-image-6012\" title=\"Accompagner un enfant\" src=\"http:\/\/www.lecarrefourdesopinions.ca\/wp-content\/uploads\/2011\/06\/Accompagner-un-enfant1-704x1023.jpg\" alt=\"\" width=\"450\" height=\"653\" srcset=\"http:\/\/www.lecarrefourdesopinions.ca\/wp-content\/uploads\/2011\/06\/Accompagner-un-enfant1-704x1023.jpg 704w, http:\/\/www.lecarrefourdesopinions.ca\/wp-content\/uploads\/2011\/06\/Accompagner-un-enfant1-206x300.jpg 206w, http:\/\/www.lecarrefourdesopinions.ca\/wp-content\/uploads\/2011\/06\/Accompagner-un-enfant1-400x581.jpg 400w, http:\/\/www.lecarrefourdesopinions.ca\/wp-content\/uploads\/2011\/06\/Accompagner-un-enfant1.jpg 1774w\" sizes=\"auto, (max-width: 450px) 100vw, 450px\" \/><\/p>\n<script type=\"text\/javascript\">\n\nvar addthis_config = {\"data_track_clickback\":false,\"data_track_addressbar\":false,\"data_track_textcopy\":false};\n<\/script><script type=\"text\/javascript\" src=\"\/\/s7.addthis.com\/js\/250\/addthis_widget.js#pubid=a457a6d63fb9e6ccabdde4110343bd85\"><\/script>","protected":false},"excerpt":{"rendered":"<p><span style=\"color: #3366ff;\">Le vieil homme et le tapis<\/span><\/p>\n<p> <span style=\"color: #800000;\"> Par Fran\u00e7ois-Xavier Boul\u00e9 <\/span><\/p>\n<p style=\"text-align: justify;\">\n<p style=\"text-align: justify;\">\n<p style=\"text-align: justify;\"><span style=\"color: #0000ff;\">Depuis un mois, le vieil homme venait \u00e0 notre cours de judo. Tellement rid\u00e9 qu&rsquo;on lui aurait donn\u00e9 120 ans. Sa ceinture noire \u00e9tait si vieille et effiloch\u00e9, <\/span>&hellip;<\/p>\n","protected":false},"author":1,"featured_media":0,"comment_status":"open","ping_status":"open","sticky":false,"template":"","format":"standard","meta":{"footnotes":""},"categories":[1],"tags":[],"class_list":["post-6009","post","type-post","status-publish","format-standard","hentry","category-accueil"],"_links":{"self":[{"href":"http:\/\/www.lecarrefourdesopinions.ca\/index.php?rest_route=\/wp\/v2\/posts\/6009","targetHints":{"allow":["GET"]}}],"collection":[{"href":"http:\/\/www.lecarrefourdesopinions.ca\/index.php?rest_route=\/wp\/v2\/posts"}],"about":[{"href":"http:\/\/www.lecarrefourdesopinions.ca\/index.php?rest_route=\/wp\/v2\/types\/post"}],"author":[{"embeddable":true,"href":"http:\/\/www.lecarrefourdesopinions.ca\/index.php?rest_route=\/wp\/v2\/users\/1"}],"replies":[{"embeddable":true,"href":"http:\/\/www.lecarrefourdesopinions.ca\/index.php?rest_route=%2Fwp%2Fv2%2Fcomments&post=6009"}],"version-history":[{"count":4,"href":"http:\/\/www.lecarrefourdesopinions.ca\/index.php?rest_route=\/wp\/v2\/posts\/6009\/revisions"}],"predecessor-version":[{"id":6115,"href":"http:\/\/www.lecarrefourdesopinions.ca\/index.php?rest_route=\/wp\/v2\/posts\/6009\/revisions\/6115"}],"wp:attachment":[{"href":"http:\/\/www.lecarrefourdesopinions.ca\/index.php?rest_route=%2Fwp%2Fv2%2Fmedia&parent=6009"}],"wp:term":[{"taxonomy":"category","embeddable":true,"href":"http:\/\/www.lecarrefourdesopinions.ca\/index.php?rest_route=%2Fwp%2Fv2%2Fcategories&post=6009"},{"taxonomy":"post_tag","embeddable":true,"href":"http:\/\/www.lecarrefourdesopinions.ca\/index.php?rest_route=%2Fwp%2Fv2%2Ftags&post=6009"}],"curies":[{"name":"wp","href":"https:\/\/api.w.org\/{rel}","templated":true}]}}