{"id":6002,"date":"2011-06-14T20:53:55","date_gmt":"2011-06-15T00:53:55","guid":{"rendered":"http:\/\/www.lecarrefourdesopinions.ca\/?p=6002"},"modified":"2011-06-14T20:53:55","modified_gmt":"2011-06-15T00:53:55","slug":"%c2%ab-boulette-%c2%bb-ou-%c2%ab-fait-expres-%c2%bb","status":"publish","type":"post","link":"http:\/\/www.lecarrefourdesopinions.ca\/?p=6002","title":{"rendered":"\u00ab Boulette \u00bb ou \u00ab Fait-Expr\u00e8s \u00bb"},"content":{"rendered":"<p><strong><em><span style=\"color: #3366ff;\">\u00ab\u00a0Boulette\u00a0\u00bb ou \u00ab\u00a0Fait-Expr\u00e8s\u00a0\u00bb<\/span>. <\/em><\/strong><\/p>\n<p><img loading=\"lazy\" decoding=\"async\" class=\"alignleft size-thumbnail wp-image-6003\" title=\"photo \u00c9ric Nogard\" src=\"http:\/\/www.lecarrefourdesopinions.ca\/wp-content\/uploads\/2011\/06\/photo-\u00c9ric-Nogard2-134x107.jpg\" alt=\"\" width=\"134\" height=\"107\" \/> <span style=\"color: #800000;\"><em> Par<strong> <\/strong>Eric E.G. NOGARD<\/em><\/span><\/p>\n<p>&nbsp;<\/p>\n<p>&nbsp;<\/p>\n<p><strong>S<span style=\"color: #0000ff;\">ous r\u00e9serve qu\u2019une Ou\u00efe trompeuse ne nous ait pas abus\u00e9.<\/span><\/strong><\/p>\n<p><strong><span style=\"color: #0000ff;\">Si c\u2019\u00e9tait le cas, Mea Maxima Culpa d\u2019avance et dix fois plut\u00f4t qu\u2019une.<\/span><\/strong><\/p>\n<p><span style=\"color: #0000ff;\"> <\/span><\/p>\n<p>\u00ab\u00a0Martinique Premi\u00e8re\u00a0\u00bb, dans son \u00e9mission de 6 Heures a.m. du 10 juin 2011, faisant le compte-rendu des D\u00e9bats qui ont oppos\u00e9 en Cours d\u2019Appel de Fort-de-France (Martinique)\u00a0:<\/p>\n<p>&nbsp;<\/p>\n<p><span style=\"color: #800000;\"><strong><em>Alain HUYGUES-DESPOINTES d\u2019une part<\/em><\/strong><\/span>,<\/p>\n<p>&nbsp;<\/p>\n<p>\u00e0<\/p>\n<p>&nbsp;<\/p>\n<p><span style=\"color: #800000;\"><strong><em>S.O.S. Racisme et la Ligue Contre le Racisme et l\u2019Antis\u00e9mitisme (L.I.C.R.A.) d\u2019autre part,<\/em><\/strong><\/span><\/p>\n<p>&nbsp;<\/p>\n<p><span style=\"color: #800000;\"><strong><em>Les autres Garcin MALSA etc<\/em><\/strong><\/span>. ayant \u00e9t\u00e9 d\u00e9bout\u00e9s par exclusion de la Cause.<\/p>\n<p>&nbsp;<\/p>\n<p>&nbsp;<\/p>\n<p>&nbsp;<\/p>\n<p>Alain HUYGUES-DESPOINTES, Honorable et Estimable Industriel Martiniquais Elev\u00e9 au Grade de la L\u00e9gion d\u2019Honneur est plus qu\u2019Octog\u00e9naire puisqu\u2019\u00e9tant \u00e2g\u00e9 de 86 ans \u00e0 ce jour.<\/p>\n<p>&nbsp;<\/p>\n<p>Alain HUYGUES-DESPOINTES ayant interjet\u00e9 appel d\u2019une Condamnation (peut-\u00eatre l\u00e9g\u00e8re, mais lui seul peut appr\u00e9cier) rendue \u00e0 son encontre par le Tribunal Correctionnel de Fort-de-France, suite \u00e0 une Inculpation pour tenue de Propos Racistes et Apologie de Crime Contre l\u2019Humanit\u00e9, l\u2019Esclavage en l\u2019occurrence.<\/p>\n<p>&nbsp;<\/p>\n<p>&nbsp;<\/p>\n<p>\u00ab\u00a0Martinique Premi\u00e8re\u00a0\u00bb, dans le Reportage incrimin\u00e9 donne Alain HUYGUES-DESPOINTES pour le \u00ab\u00a0COMPLICE\u00a0\u00bb du \u00ab\u00a0GRAND REPORTER\u00a0\u00bb Bolzinger par qui le Scandale est arriv\u00e9.<\/p>\n<p>&nbsp;<\/p>\n<p>&nbsp;<\/p>\n<p>Pour nous qui avons \u00e9t\u00e9 t\u00e9moin attentif de ce Proc\u00e8s tenu le 09 Juin 2011 en Cour d\u2019Appel, par \u00ab\u00a0Boulette\u00a0\u00bb de nature \u00e0 laisser COI de la part d\u2019un M\u00e9dia qui se respecte, ou par \u00ab\u00a0Fait-Expr\u00e8s\u00a0\u00bb &#8211; n\u2019est-on pas en droit de se le demander \u2013 \u00ab\u00a0Martinique Premi\u00e8re\u00a0\u00bb fait d\u2019Alain HUYGUES-DESPOINTES le COMPLICE du donn\u00e9 pour un \u00ab\u00a0GRAND REPORTER\u00a0\u00bb dont il semble \u00eatre certainement la VICTIME.<\/p>\n<p>&nbsp;<\/p>\n<p>&nbsp;<\/p>\n<p>En effet.<\/p>\n<p>&nbsp;<\/p>\n<p>Il faut avoir Quatre Vingt Trois ans pour savoir ce que repr\u00e9sente comme \u00e9preuve une Interview de Deux Jours Conduite par un \u00ab\u00a0GRAND REPORTER\u00a0\u00bb aux d\u00e9pends d\u2019une personne de cet \u00e2ge.<\/p>\n<p>&nbsp;<\/p>\n<p>Tout Octog\u00e9naire vous dira que cela \u00e9quivaut \u00e0 faire subir \u00e0 un enfant de sept ans un effort d\u2019attention vigilante de quatre heures\u2026 \u00e0 m\u00e9diter, m\u00eame par les Sp\u00e9cialistes du Corps M\u00e9dical.<\/p>\n<p>&nbsp;<\/p>\n<p>Quand on sait en plus que, From beginning to End, Alain HUYGUES-DESPOINTES s\u2019est Dignement pr\u00eat\u00e9 aux Questions tous Azimuts \u2013 Ma\u00eetre GERMANY, l\u2019Avocat de MALSA ne saurait nous contredire en ceci \u2013 et qu\u2019en revanche, BOLZINGER s\u2019est d\u00e9rob\u00e9 \u00e0 toute possibilit\u00e9 de Contradictoire, ce Principe Majeur en D\u00e9mocratie Judiciaire.<\/p>\n<p>&nbsp;<\/p>\n<p>Quand on sait que le tri de Lapidaire fait par BOLZINGER n\u2019a pu sortir de Ces Deux Jours de Reportage que quelques minutes \u00e0 Produire dans un Film provocateur de Scandale, tout le reste du Reportage ayant \u00e9t\u00e9 d\u00e9clar\u00e9 \u2013 pas prouv\u00e9 \u2013 d\u00e9truit par le Grand Reporter.<\/p>\n<p>&nbsp;<\/p>\n<p>Honn\u00eatement, Faute d\u2019avoir vu l\u2019int\u00e9gralit\u00e9 du reportage \u2013 Film\u00e9 pendant deux jours\u00a0! \u2013 n\u2019est-on pas en droit de rejeter pour \u00eatre trop peu digne de FOI le Trognon de Saucisson pr\u00e9sent\u00e9 par Bolzinger aux d\u00e9pends de HUYGUES-DESPOINTES.<\/p>\n<p>&nbsp;<\/p>\n<p>&nbsp;<\/p>\n<p>Qu\u2019en serait-il si, seul Dominique STRAUSS-KHAN \u00e9tait soumis au Feu des Questions de l\u2019Artillerie Judiciaire Am\u00e9ricaine et la Servante d\u2019H\u00f4tel laiss\u00e9e \u00e0 l\u2019abri de la moindre question.<\/p>\n<p>&nbsp;<\/p>\n<p>&nbsp;<\/p>\n<p>&nbsp;<\/p>\n<p>En l\u2019\u00e9tat o\u00f9 nous nous trouvons, eu \u00e9gard \u00e0 ce que nous en savons, en notre qualit\u00e9 de simple Justiciable,<\/p>\n<p>&nbsp;<\/p>\n<p>Sans pr\u00e9juger de ce qu\u2019en d\u00e9cidera le Tribunal,<\/p>\n<p>&nbsp;<\/p>\n<p>Nous pensons qu\u2019il serait de Bonne Justice d\u2019Acquitter Purement et Simplement Alain HUYGUES-DESPOINTES des faits qui lui sont reproch\u00e9s.<\/p>\n<p>&nbsp;<\/p>\n<p>&nbsp;<\/p>\n<p>&nbsp;<\/p>\n<p>&nbsp;<\/p>\n<script type=\"text\/javascript\">\n\nvar addthis_config = {\"data_track_clickback\":false,\"data_track_addressbar\":false,\"data_track_textcopy\":false};\n<\/script><script type=\"text\/javascript\" src=\"\/\/s7.addthis.com\/js\/250\/addthis_widget.js#pubid=a457a6d63fb9e6ccabdde4110343bd85\"><\/script>","protected":false},"excerpt":{"rendered":"<p><span style=\"color: #3366ff;\">\u00ab\u00a0Boulette\u00a0\u00bb ou \u00ab\u00a0Fait-Expr\u00e8s\u00a0\u00bb<\/span>. <\/p>\n<p> <span style=\"color: #800000;\"> Par Eric E.G. NOGARD<\/span><\/p>\n<p>&nbsp;<\/p>\n<p>&nbsp;<\/p>\n<p>S<span style=\"color: #0000ff;\">ous r\u00e9serve qu\u2019une Ou\u00efe trompeuse ne nous ait pas abus\u00e9.<\/span><\/p>\n<p><span style=\"color: #0000ff;\">Si c\u2019\u00e9tait le cas, Mea Maxima Culpa d\u2019avance et dix fois plut\u00f4t <\/span>&hellip;<\/p>\n","protected":false},"author":1,"featured_media":0,"comment_status":"open","ping_status":"open","sticky":false,"template":"","format":"standard","meta":{"footnotes":""},"categories":[1],"tags":[],"class_list":["post-6002","post","type-post","status-publish","format-standard","hentry","category-accueil"],"_links":{"self":[{"href":"http:\/\/www.lecarrefourdesopinions.ca\/index.php?rest_route=\/wp\/v2\/posts\/6002","targetHints":{"allow":["GET"]}}],"collection":[{"href":"http:\/\/www.lecarrefourdesopinions.ca\/index.php?rest_route=\/wp\/v2\/posts"}],"about":[{"href":"http:\/\/www.lecarrefourdesopinions.ca\/index.php?rest_route=\/wp\/v2\/types\/post"}],"author":[{"embeddable":true,"href":"http:\/\/www.lecarrefourdesopinions.ca\/index.php?rest_route=\/wp\/v2\/users\/1"}],"replies":[{"embeddable":true,"href":"http:\/\/www.lecarrefourdesopinions.ca\/index.php?rest_route=%2Fwp%2Fv2%2Fcomments&post=6002"}],"version-history":[{"count":2,"href":"http:\/\/www.lecarrefourdesopinions.ca\/index.php?rest_route=\/wp\/v2\/posts\/6002\/revisions"}],"predecessor-version":[{"id":6028,"href":"http:\/\/www.lecarrefourdesopinions.ca\/index.php?rest_route=\/wp\/v2\/posts\/6002\/revisions\/6028"}],"wp:attachment":[{"href":"http:\/\/www.lecarrefourdesopinions.ca\/index.php?rest_route=%2Fwp%2Fv2%2Fmedia&parent=6002"}],"wp:term":[{"taxonomy":"category","embeddable":true,"href":"http:\/\/www.lecarrefourdesopinions.ca\/index.php?rest_route=%2Fwp%2Fv2%2Fcategories&post=6002"},{"taxonomy":"post_tag","embeddable":true,"href":"http:\/\/www.lecarrefourdesopinions.ca\/index.php?rest_route=%2Fwp%2Fv2%2Ftags&post=6002"}],"curies":[{"name":"wp","href":"https:\/\/api.w.org\/{rel}","templated":true}]}}