{"id":5997,"date":"2011-06-14T20:52:45","date_gmt":"2011-06-15T00:52:45","guid":{"rendered":"http:\/\/www.lecarrefourdesopinions.ca\/?p=5997"},"modified":"2011-06-14T20:52:45","modified_gmt":"2011-06-15T00:52:45","slug":"communique-de-presse-3","status":"publish","type":"post","link":"http:\/\/www.lecarrefourdesopinions.ca\/?p=5997","title":{"rendered":"COMMUNIQU\u00c9 DE PRESSE"},"content":{"rendered":"<p><span style=\"color: #3366ff;\"><strong>COMMUNIQU\u00c9 DE PRESSE<\/strong><\/span><\/p>\n<p><span style=\"color: #3366ff;\"><strong><img loading=\"lazy\" decoding=\"async\" class=\"alignleft size-full wp-image-5998\" title=\"Redpaf\" src=\"http:\/\/www.lecarrefourdesopinions.ca\/wp-content\/uploads\/2011\/06\/Redpaf.jpg\" alt=\"\" width=\"200\" height=\"117\" \/><br \/><\/strong><\/span><\/p>\n<p><img decoding=\"async\" src=\"file:\/\/\/C:\/DOCUME%7E1\/Zenon\/LOCALS%7E1\/Temp\/moz-screenshot-2.png\" alt=\"\" \/><\/p>\n<p><img decoding=\"async\" src=\"file:\/\/\/C:\/DOCUME%7E1\/Zenon\/LOCALS%7E1\/Temp\/moz-screenshot-3.png\" alt=\"\" \/><\/p>\n<p><strong> <\/strong><\/p>\n<p><strong> <\/strong><\/p>\n<p><span style=\"color: #800000;\"><strong>Le REPAF pr\u00e9sente son m\u00e9moire sur l\u2019immigration<\/strong><\/span><\/p>\n<p><span style=\"color: #800000;\"><strong>\u00e0 l\u2019assembl\u00e9e nationale du Qu\u00e9bec<\/strong><\/span><\/p>\n<p><strong>Montr\u00e9al, le 06 Juin 2011 <\/strong>\u2013 C\u2019est avec fiert\u00e9 et honneur que le REPAF (R\u00e9seau des<\/p>\n<p>entrepreneurs et professionnels Africains \u2013 www.repaf.org) a pr\u00e9sent\u00e9 un m\u00e9moire \u00e0 l\u2019assembl\u00e9e<\/p>\n<p>nationale du Qu\u00e9bec dans le cadre des consultations sur la planification de l\u2019immigration 2012-2015.<\/p>\n<p>La pr\u00e9sentation a \u00e9t\u00e9 faite devant les membres de la commission des relations avec les citoyens et a<\/p>\n<p>\u00e9t\u00e9 salu\u00e9e par tous les participants dont <strong>la ministre de l\u2019immigration Kathleen Weil.<\/strong><\/p>\n<p>Le REPAF a insist\u00e9 sur les points suivants dans la pr\u00e9sentation de son m\u00e9moire :<\/p>\n<p>\uf0b7 Stabiliser le taux actuel de l\u2019immigration<\/p>\n<p>\uf0b7 Mettre le focus sur l\u2019int\u00e9gration socio-\u00e9conomique des immigrants<\/p>\n<p>\uf0b7 Soutenir les organismes d\u2019affaires qui aident \u00e0 l\u2019int\u00e9gration \u00e9conomique des immigrants<\/p>\n<p>\uf0b7 Avoir un comit\u00e9 de suivi par rapport aux d\u00e9cisions de la commission<\/p>\n<p>L\u2019\u00e9quipe du REPAF a aussi soulign\u00e9 le fait qu\u2019en plus de son dynamisme, le REPAF poss\u00e8de la seule<\/p>\n<p>cellule de mentorat de la diversit\u00e9 au Qu\u00e9bec affil\u00e9e \u00e0 la fondation de l\u2019entrepreneurship. Le REPAF a<\/p>\n<p>aussi mis l\u2019accent sur la valeur ajout\u00e9e du mentorat dans le d\u00e9veloppement professionnel et le<\/p>\n<p>d\u00e9veloppement de l\u2019entrepreneuriat au Qu\u00e9bec.<\/p>\n<p>Le REPAF a \u00e9t\u00e9 repr\u00e9sent\u00e9 \u00e0 l\u2019occasion par Yves Alavo (auteur, journaliste, mentor au REPAF),<\/p>\n<p>C\u00e9line Juteau Marroni (conf\u00e9renci\u00e8re internationale, chef mentor au REPAF), et Komlan Messie<\/p>\n<p>(pr\u00e9sident et co-fondateur du REPAF). La pr\u00e9sentation du REPAF a \u00e9t\u00e9 suivie de plusieurs questions<\/p>\n<p>des membres de la commission qui ont unanimement salu\u00e9 la richesse du m\u00e9moire, la qualit\u00e9, le<\/p>\n<p>dynamisme et l\u2019exp\u00e9rience des pr\u00e9sentateurs du REPAF ainsi que l\u2019implication du REPAF.<\/p>\n<p>La pr\u00e9sentation est disponible sur le site e l\u2019assembl\u00e9e nationale et aussi sur le site du REPAF<\/p>\n<p>www.repaf.org.<\/p>\n<p>Komlan Messie, au nom de l\u2019\u00e9quipe du REPAF a tenu \u00e0 remercier les membres de la commission<\/p>\n<p>d\u2019avoir invit\u00e9 le REPAF.<\/p>\n<p>____________________<\/p>\n<p>\uf0b7 <strong>\u00c0 propos du REPAF : <\/strong>Le REPAF est un r\u00e9seau d\u2019affaires dynamique, multidisciplinaire d\u2019entrepreneurs et de<\/p>\n<p>professionnels majoritairement d\u2019origine africaine et autres, ouvert \u00e0 toute personne qui adh\u00e8re \u00e0 ses objectifs, quelle que<\/p>\n<p>www.repaf.org<\/p>\n<p>info@repaf.org<\/p>\n<p><strong><em>Penser et Agir R\u00e9seau<\/em><\/strong><\/p>\n<p>REPAF_COMMUNIQUE_MEMOIRE_IMMIGRATION_Rev0.doc www.repaf.org 2\/2<\/p>\n<p>soit son origine. Avec plus de 425 membres, inscrits sur www.repaf.org, le REPAF se veut \u00eatre un vecteur de<\/p>\n<p>l\u2019excellence, de l\u2019entreprenariat et du professionnalisme avec comme mission de :<\/p>\n<p>\uf0a7 Faire la promotion de l&rsquo;entreprenariat comme outil de cr\u00e9ation de richesse et d&rsquo;int\u00e9gration<\/p>\n<p>\uf0a7 D\u00e9velopper un r\u00e9seau de leaders d&rsquo;origine africaine, accro\u00eetre leur influence en cultivant les habitudes de<\/p>\n<p>r\u00e9seautage d&rsquo;affaires comme outil de succ\u00e8s et de cr\u00e9ation de valeur;<\/p>\n<p>\uf0a7 Favoriser leur \u00e9panouissement et encourager leur int\u00e9gration dans toutes les sph\u00e8res d&rsquo;activit\u00e9.<\/p>\n<p><img loading=\"lazy\" decoding=\"async\" class=\"alignleft size-medium wp-image-6000\" title=\"Kolman Yves\" src=\"http:\/\/www.lecarrefourdesopinions.ca\/wp-content\/uploads\/2011\/06\/Kolman-Yves-300x176.jpg\" alt=\"\" width=\"300\" height=\"176\" srcset=\"http:\/\/www.lecarrefourdesopinions.ca\/wp-content\/uploads\/2011\/06\/Kolman-Yves-300x176.jpg 300w, http:\/\/www.lecarrefourdesopinions.ca\/wp-content\/uploads\/2011\/06\/Kolman-Yves-400x235.jpg 400w, http:\/\/www.lecarrefourdesopinions.ca\/wp-content\/uploads\/2011\/06\/Kolman-Yves.jpg 1000w\" sizes=\"auto, (max-width: 300px) 100vw, 300px\" \/><\/p>\n<p>Komlan Messie, pr\u00e9sident et co-fondateur du REPAF<\/p>\n<p>C\u00e9line Juteau Marroni, conf\u00e9renci\u00e8re internationale, chef mentor au REPAF<\/p>\n<p>Yves Alavo, auteur, journaliste, mentor au REPAF.<\/p>\n<p>&nbsp;<\/p>\n<script type=\"text\/javascript\">\n\nvar addthis_config = {\"data_track_clickback\":false,\"data_track_addressbar\":false,\"data_track_textcopy\":false};\n<\/script><script type=\"text\/javascript\" src=\"\/\/s7.addthis.com\/js\/250\/addthis_widget.js#pubid=a457a6d63fb9e6ccabdde4110343bd85\"><\/script>","protected":false},"excerpt":{"rendered":"<p><span style=\"color: #3366ff;\">COMMUNIQU\u00c9 DE PRESSE<\/span><\/p>\n<p><span style=\"color: #3366ff;\"><\/span><\/p>\n<\/p>\n<\/p>\n<p><span style=\"color: #800000;\">Le REPAF pr\u00e9sente son m\u00e9moire sur l\u2019immigration<\/span><\/p>\n<p><span style=\"color: #800000;\">\u00e0 l\u2019assembl\u00e9e nationale du Qu\u00e9bec<\/span><\/p>\n<p>Montr\u00e9al, le 06 Juin 2011 \u2013 C\u2019est avec fiert\u00e9 et honneur que le REPAF (R\u00e9seau des<\/p>\n<p>entrepreneurs et professionnels Africains \u2013 www.repaf.org) &hellip;<\/p>\n","protected":false},"author":1,"featured_media":0,"comment_status":"open","ping_status":"open","sticky":false,"template":"","format":"standard","meta":{"footnotes":""},"categories":[1],"tags":[],"class_list":["post-5997","post","type-post","status-publish","format-standard","hentry","category-accueil"],"_links":{"self":[{"href":"http:\/\/www.lecarrefourdesopinions.ca\/index.php?rest_route=\/wp\/v2\/posts\/5997","targetHints":{"allow":["GET"]}}],"collection":[{"href":"http:\/\/www.lecarrefourdesopinions.ca\/index.php?rest_route=\/wp\/v2\/posts"}],"about":[{"href":"http:\/\/www.lecarrefourdesopinions.ca\/index.php?rest_route=\/wp\/v2\/types\/post"}],"author":[{"embeddable":true,"href":"http:\/\/www.lecarrefourdesopinions.ca\/index.php?rest_route=\/wp\/v2\/users\/1"}],"replies":[{"embeddable":true,"href":"http:\/\/www.lecarrefourdesopinions.ca\/index.php?rest_route=%2Fwp%2Fv2%2Fcomments&post=5997"}],"version-history":[{"count":5,"href":"http:\/\/www.lecarrefourdesopinions.ca\/index.php?rest_route=\/wp\/v2\/posts\/5997\/revisions"}],"predecessor-version":[{"id":6026,"href":"http:\/\/www.lecarrefourdesopinions.ca\/index.php?rest_route=\/wp\/v2\/posts\/5997\/revisions\/6026"}],"wp:attachment":[{"href":"http:\/\/www.lecarrefourdesopinions.ca\/index.php?rest_route=%2Fwp%2Fv2%2Fmedia&parent=5997"}],"wp:term":[{"taxonomy":"category","embeddable":true,"href":"http:\/\/www.lecarrefourdesopinions.ca\/index.php?rest_route=%2Fwp%2Fv2%2Fcategories&post=5997"},{"taxonomy":"post_tag","embeddable":true,"href":"http:\/\/www.lecarrefourdesopinions.ca\/index.php?rest_route=%2Fwp%2Fv2%2Ftags&post=5997"}],"curies":[{"name":"wp","href":"https:\/\/api.w.org\/{rel}","templated":true}]}}