{"id":5992,"date":"2011-06-14T20:53:26","date_gmt":"2011-06-15T00:53:26","guid":{"rendered":"http:\/\/www.lecarrefourdesopinions.ca\/?p=5992"},"modified":"2011-06-14T20:53:26","modified_gmt":"2011-06-15T00:53:26","slug":"venez-vivre-quartiers-disparus-de-montreal","status":"publish","type":"post","link":"http:\/\/www.lecarrefourdesopinions.ca\/?p=5992","title":{"rendered":"VENEZ VIVRE QUARTIERS DISPARUS DE MONTR\u00c9AL"},"content":{"rendered":"<p><span style=\"color: #3366ff;\"><strong>VENEZ VIVRE QUARTIERS DISPARUS DE MONTR\u00c9AL<\/strong><\/span><\/p>\n<p><em> <img loading=\"lazy\" decoding=\"async\" class=\"alignleft size-thumbnail wp-image-5993\" title=\"yves Alavo\" src=\"http:\/\/www.lecarrefourdesopinions.ca\/wp-content\/uploads\/2011\/06\/yves-Alavo-112x107.jpg\" alt=\"\" width=\"112\" height=\"107\" \/> <span style=\"color: #800000;\"> Par Yves Alavo\u00a0\u00a0\u00a0\u00a0\u00a0\u00a0 <br \/><\/span><\/em><\/p>\n<p><em> <\/em><\/p>\n<p><em>Une exposition \u00e0 d\u00e9couvrir d\u00e8s le 15 juin 2011.<\/em><\/p>\n<p>&nbsp;<\/p>\n<p>Le Centre d\u2019histoire de Montr\u00e9al (CHM), cr\u00e9\u00e9 en 1983, est un mus\u00e9e de la ville de Montr\u00e9al situ\u00e9 dans une ancienne caserne de pompier, lieu patrimonial unique.\u00a0 Au rez-de-chauss\u00e9e du mus\u00e9e, vous pouvez d\u00e9couvrir l\u2019exposition permanente <em>Montr\u00e9al<\/em> <em>en 5 temps <\/em>qui pr\u00e9sente aux visiteurs un survol de l\u2019histoire de la ville de 1535 \u00e0 aujourd\u2019hui.\u00a0 Cette exposition se veut ouverte sur la ville, invitant le visiteur \u00e0 s\u2019y promener pour y red\u00e9couvrir les traces de l\u2019histoire.<\/p>\n<p>&nbsp;<\/p>\n<p>Le mus\u00e9e s\u2019int\u00e9resse tout particuli\u00e8rement au quotidien des Montr\u00e9alais et aux histoires de vie.\u00a0 Les expositions temporaires mettent de l\u2019avant la ville, ses habitants et leurs v\u00e9cus.\u00a0 Nous pouvons souligner les succ\u00e8s, en 2009 et 2010, de l\u2019exposition <em>Les aventures de l\u2019impr\u00e9visible Dr B\u00e9thune<\/em>, ainsi que de <em>Montr\u00e9al moderne<\/em>.<\/p>\n<p>&nbsp;<\/p>\n<p>Le Centre d\u2019histoire se veut aussi un centre d\u2019animation de la ville.\u00a0 C\u2019est pourquoi il est initiateur d\u2019activit\u00e9s sur l\u2019ensemble du territoire montr\u00e9alais.\u00a0 Son programme de visites s\u2019adresse tout autant aux enfants qu\u2019aux adultes, particuli\u00e8rement le public du primaire, ainsi que les \u00e9l\u00e8ves en francisation.\u00a0 Acteur pr\u00e9sent dans le tissu social, culturel et urbanistique de Montr\u00e9al, le CHM articule de mani\u00e8re dynamique la pr\u00e9servation de notre histoire, de notre patrimoine, sa mise en valeur et la transmission aux g\u00e9n\u00e9rations actuelles et futures de ce capital immat\u00e9riel mis en action et en vie, de mani\u00e8re accessible, citoyenne et participative.<\/p>\n<p>&nbsp;<\/p>\n<p>La sp\u00e9cificit\u00e9 du Centre d\u2019histoire est son approche communautaire et sociale centr\u00e9e sur la m\u00e9moire des Montr\u00e9alais.\u00a0 L\u2019institution tient \u00e0 \u00eatre un lieu d\u2019accueil des t\u00e9moignages des citoyens.\u00a0 Cette attention au patrimoine immat\u00e9riel s\u2019illustre \u00e0 la fois dans les cliniques de m\u00e9moire ainsi que dans le projet \u00ab Vous fa\u00eete partie de l\u2019histoire ! \u00bb.<\/p>\n<p>&nbsp;<\/p>\n<p>Le mus\u00e9e, de par son expertise, peut accompagner des projets de m\u00e9moire et de comm\u00e9moration des communaut\u00e9s montr\u00e9alaises issues de la diversit\u00e9, de diff\u00e9rents groupes ou de quartiers.\u00a0 La mission du Centre d\u2019histoire est de mettre en valeur cette m\u00e9moire enracin\u00e9e dans le territoire, le patrimoine et l\u2019histoire montr\u00e9alaise.\u00a0 C\u2019est cette d\u00e9marche envers le patrimoine immat\u00e9riel et ce choix d\u2019une mus\u00e9ologie citoyenne et participative que nous retrouvons dans l\u2019exposition <em>Quartiers disparus<\/em>.\u00a0 Plus en avant et comme v\u00e9hicule transversal par excellence, le CHM va recueillir, organiser, mettre \u00e0 la disposition des citoyennes et des citoyens les tr\u00e9sors et le patrimoine immat\u00e9riel de l\u2019immigration, devenir le point de convergence de notre exp\u00e9rience migratoire collective.<\/p>\n<p>&nbsp;<\/p>\n<p>En s\u2019appuyant sur le patrimoine immat\u00e9riel recueilli et sur sa collection, le Centre d\u2019histoire<\/p>\n<p>de Montr\u00e9al (CHM) est devenu un acteur de premier plan pour montrer l\u2019histoire de la ville, plus<\/p>\n<p>sp\u00e9cifiquement son histoire r\u00e9cente, et accompagner ses transformations actuelles et futures.<\/p>\n<p><strong> <\/strong><\/p>\n<p>\u00ab<span style=\"color: #800000;\"> <em>Vous faites partie de l\u2019histoire ! \u00bb, voil\u00e0 ce que dit le Centre d\u2019histoire de Montr\u00e9al aux<\/em><\/span><\/p>\n<p><em>Montr\u00e9alais et Montr\u00e9alaises de toutes conditions et origines par ses expositions, ses activit\u00e9s \u00e9ducatives et ses divers projets dans les arrondissements.\u00a0 Leur exp\u00e9rience quotidienne de la ville, de ses quartiers et de ses lieux, tout comme de ses \u00e9v\u00e9nements apporte \u00e0 notre <img loading=\"lazy\" decoding=\"async\" class=\"alignleft size-medium wp-image-5994\" title=\"C-290-05\" src=\"http:\/\/www.lecarrefourdesopinions.ca\/wp-content\/uploads\/2011\/06\/C-290-05-288x300.jpg\" alt=\"\" width=\"288\" height=\"300\" srcset=\"http:\/\/www.lecarrefourdesopinions.ca\/wp-content\/uploads\/2011\/06\/C-290-05-288x300.jpg 288w, http:\/\/www.lecarrefourdesopinions.ca\/wp-content\/uploads\/2011\/06\/C-290-05-984x1024.jpg 984w, http:\/\/www.lecarrefourdesopinions.ca\/wp-content\/uploads\/2011\/06\/C-290-05-400x416.jpg 400w, http:\/\/www.lecarrefourdesopinions.ca\/wp-content\/uploads\/2011\/06\/C-290-05.jpg 1730w\" sizes=\"auto, (max-width: 288px) 100vw, 288px\" \/>compr\u00e9hension de la ville une dimension qui s\u2019ajoute aux connaissances tir\u00e9es des archives \u00e9crites et visuelles. \u00a0Cette exp\u00e9rience r\u00e9v\u00e8le aussi l\u2019histoire cach\u00e9e des b\u00e2timents, des lieux et des rues qui constituent notre patrimoine commun, le rendant ainsi plus accessible et parlant pour la majorit\u00e9 de nos concitoyens.\u00a0 Pour que cette m\u00e9moire individuelle enrichisse notre m\u00e9moire collective, il faut savoir la mettre en sc\u00e8ne, mais aussi la questionner, la confronter afin qu\u2019elle livre le meilleur d\u2019elle-m\u00eame<\/em>\u00bb.<\/p>\n<p>&nbsp;<\/p>\n<p>&nbsp;<\/p>\n<p>&nbsp;<\/p>\n<p>Ainsi s\u2019exprime Jean-Fran\u00e7ois Leclerc, directeur du CHM, qui a des ambitions l\u00e9gitimes et fertiles de plusieurs projets pour ce lieu dont les citoyennes et les citoyens doivent s\u2019approprier et sont inviter \u00e0 participer au destin.\u00a0 Le CHM a la vocation de poursuivre sa mission d\u2019interface entre notre histoire, notre patrimoine et nous et ainsi d\u2019incarner la volont\u00e9 citoyenne d\u2019appartenance et d\u2019identit\u00e9 mais aussi d\u2019ouverture \u00e0 la diversit\u00e9 et \u00e0 la modernit\u00e9.<\/p>\n<p>&nbsp;<\/p>\n<p>Dans cette optique et en fonction de la mission centrale du Centre d\u2019histoire de Montr\u00e9al (CHM) Jean-Fran\u00e7ois Leclerc s\u2019explique\u00a0: \u00ab<em>Le Centre d\u2019histoire de Montr\u00e9al a patiemment amorc\u00e9, depuis une d\u00e9cennie, ce travail d\u2019\u00e9coute et de mise en valeur de la m\u00e9moire des Montr\u00e9alais et Montr\u00e9alaises, au mus\u00e9e et dans les arrondissements. \u00a0Il s\u2019int\u00e9resse \u00e0 la fois aux patrimoines mat\u00e9riel et immat\u00e9riel de la ville et \u00e0 ceux des citoyens qui d\u00e9tiennent, eux aussi, des aspects significatifs de la m\u00e9moire de Montr\u00e9al. \u00a0L\u2019exposition <strong>Quartiers disparus<\/strong> est pour notre institution l\u2019occasion d\u2019exprimer publiquement, plus que jamais, cet engagement<\/em>\u00bb.<\/p>\n<p><strong> <\/strong><\/p>\n<p><strong> <\/strong><\/p>\n<p><span style=\"color: #800000;\"><strong>Quartiers disparus \u00e0 revivre<\/strong><\/span><\/p>\n<p><strong> <\/strong><\/p>\n<p>Automne 2009 : le vaste chantier de l\u2019exposition <strong><em>Quartiers disparus<\/em><\/strong><em> <\/em>est lanc\u00e9. \u00a0Plus de 6000 photographies de la Section des archives de la Direction du greffe de la Ville de Montr\u00e9al (partenaire principal de l\u2019exposition) documentant les anciens faubourgs nous inspirent. \u00a0L\u2019objectif, faire revivre trois quartiers ouvriers\u00a0: le Red Light, le Fauboug \u00e0 m\u2019lasse et Goose Village (Pointe-Saint-C harles). \u00a0Entre les ann\u00e9es 1950 et 1970, les projets de r\u00e9novation urbaine d\u2019envergure; la construction des Habitations Jeanne-Mance, de la tour Radio-<img loading=\"lazy\" decoding=\"async\" class=\"alignright size-medium wp-image-5995\" title=\"VM94-U124-002_600\" src=\"http:\/\/www.lecarrefourdesopinions.ca\/wp-content\/uploads\/2011\/06\/VM94-U124-002_600-296x300.jpg\" alt=\"\" width=\"296\" height=\"300\" srcset=\"http:\/\/www.lecarrefourdesopinions.ca\/wp-content\/uploads\/2011\/06\/VM94-U124-002_600-296x300.jpg 296w, http:\/\/www.lecarrefourdesopinions.ca\/wp-content\/uploads\/2011\/06\/VM94-U124-002_600-1012x1024.jpg 1012w, http:\/\/www.lecarrefourdesopinions.ca\/wp-content\/uploads\/2011\/06\/VM94-U124-002_600-399x404.jpg 399w\" sizes=\"auto, (max-width: 296px) 100vw, 296px\" \/>Canada, des infrastructures de l\u2019Expo 67 et de l\u2019autoroute Ville-Marie; entra\u00eenent l\u2019expropriation, le d\u00e9logement et l\u2019\u00e9vacuation de plus de 20 000 personnes du centre-ville.<\/p>\n<p>&nbsp;<\/p>\n<p>La recherche documentaire a permis de r\u00e9unir, donn\u00e9es, statistiques, cartes, plans et archives documentaires, photographiques et audiovisuelles sur ces quartiers et le mouvement de modernisation de la ville. \u00a0Parall\u00e8lement, pendant neuf mois, l\u2019\u00e9quipe terrain a r\u00e9alis\u00e9 43 entrevues r\u00e9unissant 55 participants, pour un total de plus de 100 heures de tournage. Trente-neuf anciens r\u00e9sidants, 7 intervenants de l\u2019\u00e9poque et 9 experts actuels se prononcent sur les transformations de la ville d\u2019autrefois et d\u2019aujourd\u2019hui.<\/p>\n<p>&nbsp;<\/p>\n<p>Les entrevues r\u00e9alis\u00e9es proposent un r\u00e9cit \u00e0 la fois \u00e9rudit et d\u00e9taill\u00e9, individuel et collectif, humain et \u00e9mouvant de l\u2019histoire des grands bouleversements urbains qui ont m\u00e9tamorphos\u00e9 la ville dans la deuxi\u00e8me moiti\u00e9 du 20e si\u00e8cle. \u00a0Ces entrevues donnent la parole aux citoyens : aux expropri\u00e9s, aux professionnels qui expliquent les enjeux de l\u2019\u00e9poque et aux observateurs d\u2019aujourd\u2019hui qui en mesurent l\u2019h\u00e9ritage. \u00a0Tous ensemble, ces t\u00e9moignages construisent un discours qui permet d\u2019engager une r\u00e9flexion sur le pass\u00e9 et de r\u00eaver le Montr\u00e9al \u00e0 venir.<\/p>\n<p>&nbsp;<\/p>\n<p>Telle est la gen\u00e8se et la d\u00e9marche m\u00e9thodologique mises en \u0153uvre pour reconstituer, via les objets t\u00e9moins et les m\u00e9moires t\u00e9moins, une exposition que vous \u00eates invit\u00e9s \u00e0 vivre, d\u00e8s le 15 juin 2011.<\/p>\n<p>Principal partenaire, les Archives de la Direction du greffe\u00a0: <a href=\"http:\/\/www.ville.montreal.qc.ca\/archives\">www.ville.montreal.qc.ca\/archives<\/a><\/p>\n<p>&nbsp;<\/p>\n<p>En marge de l\u2019exposition <em>Quartiers disparus <\/em>du Centre d\u2019histoire de Montr\u00e9al, la <strong>Cin\u00e9Roboth\u00e8que<\/strong>, espace public de l\u2019Office national du film du Canada, rue Saint-Denis, propose une s\u00e9lection de films accessibles gratuitement sur ses 21 postes de visionnage individuel.\u00a0 Une occasion unique pour les visiteurs d\u2019en apprendre davantage sur les quartiers disparus et de d\u00e9couvrir Montr\u00e9al autrement, en naviguant sur une collection, vraiment int\u00e9ressante, c\u00e9l\u00e9brant l\u2019architecture, la sc\u00e8ne de la contre-culture ou la mosa\u00efque culturelle de la ville.<\/p>\n<p>&nbsp;<\/p>\n<p>\u00c0 l\u2019intention des groupes, la Cin\u00e9Roboth\u00e8que propose \u00e9galement <em>Cartes postales de Montr\u00e9al, <\/em>un circuit accompagn\u00e9 d\u2019un animateur pour explorer Montr\u00e9al d\u2019hier \u00e0 aujourd\u2019hui, \u00e0 partir d\u2019extraits de films de l\u2019ONF.<\/p>\n<p><strong> <\/strong><\/p>\n<p><strong>Films \u00e0 voir sur place<\/strong><\/p>\n<p>Tarif : Gratuit<\/p>\n<p>Horaire : Du mardi au dimanche, entre midi et 21 h<\/p>\n<p><strong>Cartes postales de Montr\u00e9al (activit\u00e9 de groupe sur r\u00e9servation)<\/strong><\/p>\n<p>Tarif : 7 $ par personne<\/p>\n<p>Horaire : Du lundi au dimanche entre 9 h et 21 h (dur\u00e9e : 2 heures)<\/p>\n<p><strong>Cin\u00e9Roboth\u00e8que de l\u2019ONF<\/strong><\/p>\n<p>1564, rue Saint-Denis, Montr\u00e9al<\/p>\n<p>514 496-6887<\/p>\n<p><a href=\"http:\/\/www.onf.ca\/cinerobotheque\">www.onf.ca\/cinerobotheque<\/a><\/p>\n<p>&nbsp;<\/p>\n<p><strong>Informations pratiques<\/strong><\/p>\n<p>Le Centre d\u2019histoire de Montr\u00e9al, institution mus\u00e9ale municipale, a pour mission de transmettre<\/p>\n<p>une meilleure compr\u00e9hension de Montr\u00e9al, de sa diversit\u00e9 culturelle et de ses patrimoines mat\u00e9riels et immat\u00e9riels.\u00a0 Par sa d\u00e9marche participative, il met son expertise au service des citoyens et recueille leurs r\u00e9cits et leurs objets dans le cadre de ses expositions et de ses activit\u00e9s.\u00a0 Il d\u00e9voile comment les Montr\u00e9alais et Montr\u00e9alaises ont fa\u00e7onn\u00e9 l&rsquo;environnement urbain et d\u00e9fini l&rsquo;identit\u00e9 de la m\u00e9tropole.<\/p>\n<p><strong>\u00c0 la d\u00e9couverte des quartiers disparus<\/strong><\/p>\n<p>Des circuits comment\u00e9s \u00e0 pieds seront offerts par le Centre d\u2019histoire de Montr\u00e9al \u00e0 l\u2019automne<\/p>\n<p>2011 et au printemps 2012 sur trois quartiers disparus de Montr\u00e9al : le Red light, le Faubourg<\/p>\n<p>\u00e0 m\u2019lasse et Goose Village.<\/p>\n<p>&nbsp;<\/p>\n<p><strong>Le Centre d\u2019histoire de Montr\u00e9al<\/strong><\/p>\n<p>335, place D\u2019Youville<\/p>\n<p>Vieux-Montr\u00e9al (Qu\u00e9bec)<\/p>\n<p>M\u00e9tro Place-d\u2019Armes ou Square-Victoria<\/p>\n<p><strong>Horaire<\/strong><\/p>\n<p>Du mardi au dimanche<\/p>\n<p>De 10 h \u00e0 17 h<\/p>\n<p><strong>Tarification<\/strong><\/p>\n<p>Adulte 6 $<\/p>\n<p>\u00c9tudiant 4 $<\/p>\n<p>A\u00een\u00e9 5 $<\/p>\n<p>Tarifs sp\u00e9ciaux pour les groupes, les d\u00e9tenteurs de la carte Acc\u00e8s Montr\u00e9al et de la Carte Mus\u00e9es Montr\u00e9al<\/p>\n<p><strong>Information<\/strong><\/p>\n<p>514 872-3207<\/p>\n<p><strong><a href=\"http:\/\/www.ville.montreal.qc.ca\/chm\">www.ville.montreal.qc.ca\/chm<\/a><\/strong><\/p>\n<p><strong> <\/strong><\/p>\n<p><strong>Renseignements m\u00e9dias<\/strong><\/p>\n<p><strong>Andr\u00e9 Gauvreau<\/strong><\/p>\n<p>andregauvreau@ville.montreal.qc.ca<\/p>\n<p>514 872 9385<\/p>\n<p>&nbsp;<\/p>\n<p>L\u00e9gende des 2 photos :<\/p>\n<p>&nbsp;<\/p>\n<p>VM94-U124-002_600<\/p>\n<p>Archives de la Ville de Montr\u00e9al.\u00a0 Vue a\u00e9rienne du site d\u00e9blay\u00e9 de Radio-Canada, anciennement le Faubourg \u00e0 m\u2019lasse.<\/p>\n<p>&nbsp;<\/p>\n<p>C-290-05<\/p>\n<p>Archives de la Ville de Montr\u00e9al. Fonds : Terrains de Radio-Canada et d\u00e9molition des derni\u00e8res maisons. 11 D\u00e9cembre 1963.\u00a0 B\u00e2timent d\u00e9moli dans le quadrilat\u00e8re de Radio-Canada.<\/p>\n<p>&nbsp;<\/p>\n<p>&nbsp;<\/p>\n<script type=\"text\/javascript\">\n\nvar addthis_config = {\"data_track_clickback\":false,\"data_track_addressbar\":false,\"data_track_textcopy\":false};\n<\/script><script type=\"text\/javascript\" src=\"\/\/s7.addthis.com\/js\/250\/addthis_widget.js#pubid=a457a6d63fb9e6ccabdde4110343bd85\"><\/script>","protected":false},"excerpt":{"rendered":"<p><span style=\"color: #3366ff;\">VENEZ VIVRE QUARTIERS DISPARUS DE MONTR\u00c9AL<\/span><\/p>\n<p>  <span style=\"color: #800000;\"> Par Yves Alavo\u00a0\u00a0\u00a0\u00a0\u00a0\u00a0 <\/span><\/p>\n<\/p>\n<p>Une exposition \u00e0 d\u00e9couvrir d\u00e8s le 15 juin 2011.<\/p>\n<p>&nbsp;<\/p>\n<p>Le Centre d\u2019histoire de Montr\u00e9al (CHM), cr\u00e9\u00e9 en 1983, est un mus\u00e9e de la ville de Montr\u00e9al situ\u00e9 &hellip;<\/p>\n","protected":false},"author":1,"featured_media":0,"comment_status":"open","ping_status":"open","sticky":false,"template":"","format":"standard","meta":{"footnotes":""},"categories":[1],"tags":[],"class_list":["post-5992","post","type-post","status-publish","format-standard","hentry","category-accueil"],"_links":{"self":[{"href":"http:\/\/www.lecarrefourdesopinions.ca\/index.php?rest_route=\/wp\/v2\/posts\/5992","targetHints":{"allow":["GET"]}}],"collection":[{"href":"http:\/\/www.lecarrefourdesopinions.ca\/index.php?rest_route=\/wp\/v2\/posts"}],"about":[{"href":"http:\/\/www.lecarrefourdesopinions.ca\/index.php?rest_route=\/wp\/v2\/types\/post"}],"author":[{"embeddable":true,"href":"http:\/\/www.lecarrefourdesopinions.ca\/index.php?rest_route=\/wp\/v2\/users\/1"}],"replies":[{"embeddable":true,"href":"http:\/\/www.lecarrefourdesopinions.ca\/index.php?rest_route=%2Fwp%2Fv2%2Fcomments&post=5992"}],"version-history":[{"count":2,"href":"http:\/\/www.lecarrefourdesopinions.ca\/index.php?rest_route=\/wp\/v2\/posts\/5992\/revisions"}],"predecessor-version":[{"id":6027,"href":"http:\/\/www.lecarrefourdesopinions.ca\/index.php?rest_route=\/wp\/v2\/posts\/5992\/revisions\/6027"}],"wp:attachment":[{"href":"http:\/\/www.lecarrefourdesopinions.ca\/index.php?rest_route=%2Fwp%2Fv2%2Fmedia&parent=5992"}],"wp:term":[{"taxonomy":"category","embeddable":true,"href":"http:\/\/www.lecarrefourdesopinions.ca\/index.php?rest_route=%2Fwp%2Fv2%2Fcategories&post=5992"},{"taxonomy":"post_tag","embeddable":true,"href":"http:\/\/www.lecarrefourdesopinions.ca\/index.php?rest_route=%2Fwp%2Fv2%2Ftags&post=5992"}],"curies":[{"name":"wp","href":"https:\/\/api.w.org\/{rel}","templated":true}]}}