{"id":5978,"date":"2011-06-08T13:53:25","date_gmt":"2011-06-08T17:53:25","guid":{"rendered":"http:\/\/www.lecarrefourdesopinions.ca\/?p=5978"},"modified":"2011-06-08T13:53:25","modified_gmt":"2011-06-08T17:53:25","slug":"genesis","status":"publish","type":"post","link":"http:\/\/www.lecarrefourdesopinions.ca\/?p=5978","title":{"rendered":"GENESIS"},"content":{"rendered":"<p><span style=\"color: #3366ff;\"><strong>GENESIS<\/strong><\/span><\/p>\n<p><em> <img loading=\"lazy\" decoding=\"async\" class=\"alignleft size-thumbnail wp-image-5979\" title=\"Veronika Iljasow 3\" src=\"http:\/\/www.lecarrefourdesopinions.ca\/wp-content\/uploads\/2011\/06\/Veronika-Iljasow-3-134x107.jpg\" alt=\"\" width=\"134\" height=\"107\" \/> <span style=\"color: #800000;\">Par Weronika Iljasow<\/span> <\/em><\/p>\n<p><span style=\"color: #800000;\"><em>\u00e9l\u00e8ve du lyc\u00e9e St.Staszic \u00e0 Ostrowiec Sw. en Pologne<\/em><\/span><\/p>\n<p>&nbsp;<\/p>\n<p>&nbsp;<\/p>\n<p><em><br \/><\/em><\/p>\n<p><em> <\/em><\/p>\n<ol>\n<li>Il faisait sombre et bon Dieu<\/li>\n<\/ol>\n<p>\u00e9tait tout seul<\/p>\n<p>Seulement lui n\u2019aurait pas peur<\/p>\n<p>Le premier jour il a dit<\/p>\n<p>\u00ab\u00a0Sois lumi\u00e8re\u00a0!\u00a0\u00bb<\/p>\n<p>Et il \u00e9tait clair, comme il a dit<\/p>\n<p>Et le deuxi\u00e8me jour<\/p>\n<p>Il a fait la Terre<\/p>\n<p>Et beaucoup d\u2019eau<\/p>\n<p><span style=\"color: #800000;\">Et le septi\u00e8me jour le Dieu se reposait<\/span><\/p>\n<p>&nbsp;<\/p>\n<p>&nbsp;<\/p>\n<ol>\n<li>Et le troisi\u00e8me jour il a dit<\/li>\n<\/ol>\n<p>\u00ab\u00a0Sois oc\u00e9an\u00a0!\u00a0\u00bb<\/p>\n<p>Et la Terre ferme s\u2019est montr\u00e9e<\/p>\n<p>Peu de temps apr\u00e8s il a fait<\/p>\n<p>les plantes sur la terre<\/p>\n<p>tous les arbres et les fleurs<\/p>\n<p>Et\u00a0le quatri\u00e8me jour<\/p>\n<p>le soleil est n\u00e9<\/p>\n<p>pour la nuit- la lune<\/p>\n<p><span style=\"color: #800000;\">Et le septi\u00e8me jour le Dieu se reposait<\/span><\/p>\n<p>&nbsp;<\/p>\n<p>&nbsp;<\/p>\n<ol>\n<li>Et un jour apr\u00e8s il a fait<\/li>\n<\/ol>\n<p>Tous les poissons<\/p>\n<p>Et les animaux marins<\/p>\n<p>Et le dernier jour il a fait<\/p>\n<p>tous les animaux<\/p>\n<p>Et un homme qui avait le pouvoir<\/p>\n<p>Et tout le monde<\/p>\n<p>a \u00e9t\u00e9 parfait<\/p>\n<p><span style=\"color: #800000;\">Et le septi\u00e8me jour le Dieu se reposait<\/span><\/p>\n<p><img loading=\"lazy\" decoding=\"async\" class=\"alignleft size-full wp-image-5981\" title=\"orchid\u00e9e blanche\" src=\"http:\/\/www.lecarrefourdesopinions.ca\/wp-content\/uploads\/2011\/06\/orchid\u00e9e-blanche.jpg\" alt=\"\" width=\"252\" height=\"190\" \/><\/p>\n<p>&nbsp;<\/p>\n<script type=\"text\/javascript\">\n\nvar addthis_config = {\"data_track_clickback\":false,\"data_track_addressbar\":false,\"data_track_textcopy\":false};\n<\/script><script type=\"text\/javascript\" src=\"\/\/s7.addthis.com\/js\/250\/addthis_widget.js#pubid=a457a6d63fb9e6ccabdde4110343bd85\"><\/script>","protected":false},"excerpt":{"rendered":"<p><span style=\"color: #3366ff;\">GENESIS<\/span><\/p>\n<p>  <span style=\"color: #800000;\">Par Weronika Iljasow<\/span> <\/p>\n<p><span style=\"color: #800000;\">\u00e9l\u00e8ve du lyc\u00e9e St.Staszic \u00e0 Ostrowiec Sw. en Pologne<\/span><\/p>\n<p>&nbsp;<\/p>\n<p>&nbsp;<\/p>\n<\/p>\n<ol>\n<li>Il faisait sombre et bon Dieu<\/li>\n<\/ol>\n<p>\u00e9tait tout seul<\/p>\n<p>Seulement lui n\u2019aurait pas peur<\/p>\n<p>Le premier jour il a dit<\/p>\n<p>\u00ab\u00a0Sois &hellip;<\/p>\n","protected":false},"author":1,"featured_media":0,"comment_status":"open","ping_status":"open","sticky":false,"template":"","format":"standard","meta":{"footnotes":""},"categories":[1],"tags":[],"class_list":["post-5978","post","type-post","status-publish","format-standard","hentry","category-accueil"],"_links":{"self":[{"href":"http:\/\/www.lecarrefourdesopinions.ca\/index.php?rest_route=\/wp\/v2\/posts\/5978","targetHints":{"allow":["GET"]}}],"collection":[{"href":"http:\/\/www.lecarrefourdesopinions.ca\/index.php?rest_route=\/wp\/v2\/posts"}],"about":[{"href":"http:\/\/www.lecarrefourdesopinions.ca\/index.php?rest_route=\/wp\/v2\/types\/post"}],"author":[{"embeddable":true,"href":"http:\/\/www.lecarrefourdesopinions.ca\/index.php?rest_route=\/wp\/v2\/users\/1"}],"replies":[{"embeddable":true,"href":"http:\/\/www.lecarrefourdesopinions.ca\/index.php?rest_route=%2Fwp%2Fv2%2Fcomments&post=5978"}],"version-history":[{"count":5,"href":"http:\/\/www.lecarrefourdesopinions.ca\/index.php?rest_route=\/wp\/v2\/posts\/5978\/revisions"}],"predecessor-version":[{"id":5987,"href":"http:\/\/www.lecarrefourdesopinions.ca\/index.php?rest_route=\/wp\/v2\/posts\/5978\/revisions\/5987"}],"wp:attachment":[{"href":"http:\/\/www.lecarrefourdesopinions.ca\/index.php?rest_route=%2Fwp%2Fv2%2Fmedia&parent=5978"}],"wp:term":[{"taxonomy":"category","embeddable":true,"href":"http:\/\/www.lecarrefourdesopinions.ca\/index.php?rest_route=%2Fwp%2Fv2%2Fcategories&post=5978"},{"taxonomy":"post_tag","embeddable":true,"href":"http:\/\/www.lecarrefourdesopinions.ca\/index.php?rest_route=%2Fwp%2Fv2%2Ftags&post=5978"}],"curies":[{"name":"wp","href":"https:\/\/api.w.org\/{rel}","templated":true}]}}