{"id":5969,"date":"2011-06-08T13:53:50","date_gmt":"2011-06-08T17:53:50","guid":{"rendered":"http:\/\/www.lecarrefourdesopinions.ca\/?p=5969"},"modified":"2011-06-08T13:53:50","modified_gmt":"2011-06-08T17:53:50","slug":"integrisme-politique-et-marees","status":"publish","type":"post","link":"http:\/\/www.lecarrefourdesopinions.ca\/?p=5969","title":{"rendered":"Int\u00e9grisme Politique et Mar\u00e9es."},"content":{"rendered":"<p><span style=\"color: #3366ff;\"><strong><em>Int\u00e9grisme Politique et Mar\u00e9es.<\/em><\/strong><\/span><strong> <\/strong><\/p>\n<p><img loading=\"lazy\" decoding=\"async\" class=\"alignleft size-thumbnail wp-image-5970\" title=\"photo \u00c9ric Nogard\" src=\"http:\/\/www.lecarrefourdesopinions.ca\/wp-content\/uploads\/2011\/06\/photo-\u00c9ric-Nogard1-134x107.jpg\" alt=\"\" width=\"134\" height=\"107\" \/> <span style=\"color: #800000;\"><em> Par Eric E.G. NOGARD\u00a0\u00a0\u00a0\u00a0\u00a0\u00a0 <br \/><\/em><\/span><\/p>\n<p>&nbsp;<\/p>\n<p>&nbsp;<\/p>\n<p>&nbsp;<\/p>\n<p>Le P\u00e9trole a Produit sa Mar\u00e9e dite la Mar\u00e9e Noire.<\/p>\n<p>La Martinique, dans son Int\u00e9grisme Politique a bien produit les siennes,<\/p>\n<p>L\u2019une s\u2019appelle N\u00e9gritude, l\u2019autre Cr\u00e9olit\u00e9.<\/p>\n<p>&nbsp;<\/p>\n<p>Si nos yeux ne voient pas ce que nous en tirerons, l\u2019avenir nous le dira.<\/p>\n<p>Rien ne gronde pour l\u2019instant, tout susurre, tout murmure et tout chuchote.<\/p>\n<p>&nbsp;<\/p>\n<p>Non pas que tout nous semble possible, tout nous est certainement gagn\u00e9 d\u2019avance.<\/p>\n<p><img loading=\"lazy\" decoding=\"async\" class=\"alignleft size-medium wp-image-5973\" title=\"IMG_0235\" src=\"http:\/\/www.lecarrefourdesopinions.ca\/wp-content\/uploads\/2011\/06\/IMG_0235-300x225.jpg\" alt=\"\" width=\"300\" height=\"225\" srcset=\"http:\/\/www.lecarrefourdesopinions.ca\/wp-content\/uploads\/2011\/06\/IMG_0235-300x225.jpg 300w, http:\/\/www.lecarrefourdesopinions.ca\/wp-content\/uploads\/2011\/06\/IMG_0235-1024x768.jpg 1024w, http:\/\/www.lecarrefourdesopinions.ca\/wp-content\/uploads\/2011\/06\/IMG_0235-400x300.jpg 400w, http:\/\/www.lecarrefourdesopinions.ca\/wp-content\/uploads\/2011\/06\/IMG_0235.jpg 1600w\" sizes=\"auto, (max-width: 300px) 100vw, 300px\" \/>Notre B\u00e8l\u00e8, nos Tambouy\u00e9s et nos Fl\u00fbtes nous donneront boire et manger pour le corps, pour l\u2019esprit, pour aujourd\u2019hui, pour toujours, nous en serons repus.<\/p>\n<p>Nos Hautes Ecoles nous auront servi, nos Hautes Etudes nous aurons satisfait.<\/p>\n<p>&nbsp;<\/p>\n<p>&nbsp;<\/p>\n<p>Quant \u00e0 nos Champs de Bananes, ils tiendront aussi sto\u00efquement que le font nos Champs de Canne \u00e0 Sucre, peut-\u00eatre m\u00eame pas.<\/p>\n<p>&nbsp;<\/p>\n<p>Certes la Canne \u00e0 Sucre est encore et tient sous Perfusion\u2026 elle survit.<\/p>\n<p>&nbsp;<\/p>\n<p>Disposerons-nous de quoi Perfuser la Banane, c\u2019est douteux.<\/p>\n<p>&nbsp;<\/p>\n<p>Les premiers sympt\u00f4mes sont l\u00e0, le Principe a fait ses preuves.<\/p>\n<p>Nos salaires et nos prix \u00ab\u00a0font\u00a0\u00bb le co\u00fbt de notre Banane.<\/p>\n<p>&nbsp;<\/p>\n<p>Le Filet Protecteur qu\u2019\u00e9tait le Droit Commun, passant de la R\u00e9alit\u00e9 au Souvenir, notre Banane apprendra ce que veut dire le Barrage de la<img loading=\"lazy\" decoding=\"async\" class=\"alignright size-medium wp-image-5974\" title=\"IMG_0237\" src=\"http:\/\/www.lecarrefourdesopinions.ca\/wp-content\/uploads\/2011\/06\/IMG_0237-225x300.jpg\" alt=\"\" width=\"225\" height=\"300\" srcset=\"http:\/\/www.lecarrefourdesopinions.ca\/wp-content\/uploads\/2011\/06\/IMG_0237-225x300.jpg 225w, http:\/\/www.lecarrefourdesopinions.ca\/wp-content\/uploads\/2011\/06\/IMG_0237-768x1024.jpg 768w, http:\/\/www.lecarrefourdesopinions.ca\/wp-content\/uploads\/2011\/06\/IMG_0237-400x533.jpg 400w, http:\/\/www.lecarrefourdesopinions.ca\/wp-content\/uploads\/2011\/06\/IMG_0237.jpg 1200w\" sizes=\"auto, (max-width: 225px) 100vw, 225px\" \/> Banane des Pays Fr\u00e8res.<\/p>\n<p>&nbsp;<\/p>\n<p>Et, pas plus B\u00eates que nos Ecolos, nos B\u00e9k\u00e9s jetteront l\u2019Eponge, juste question de Bon Sens.<\/p>\n<p>&nbsp;<\/p>\n<p>Et nos Champs d\u2019Emeraude souriront aux passants comme le font nos H\u00f4tels de la Pointe du Bout.<\/p>\n<p>Et nous pourrons chanter\u00a0: \u00ab\u00a0Tu te souviendras de moi quand tu ne m\u2019auras plus\u00a0\u00bb.<\/p>\n<p>&nbsp;<\/p>\n<p>&nbsp;<\/p>\n<p>Les Terres seront l\u00e0, les B\u00e9k\u00e9s s\u00fbrement pas, s\u00fbrement plus.<\/p>\n<p>De la Terre \u00e0 qui veut, mais personne n\u2019en voudra, finie la Com\u00e9die.<\/p>\n<p>&nbsp;<\/p>\n<p>N\u00e9gritos et Cr\u00e9olitos se battront entre-eux pour c\u00e9der les espaces.<\/p>\n<p>Plus de Ti Nin, plus de Griav, plus de Zabrico pas plus que de Cribiches<\/p>\n<p>&nbsp;<\/p>\n<p><img loading=\"lazy\" decoding=\"async\" class=\"alignleft size-medium wp-image-5975\" title=\"IMG_0238\" src=\"http:\/\/www.lecarrefourdesopinions.ca\/wp-content\/uploads\/2011\/06\/IMG_0238-300x225.jpg\" alt=\"\" width=\"300\" height=\"225\" srcset=\"http:\/\/www.lecarrefourdesopinions.ca\/wp-content\/uploads\/2011\/06\/IMG_0238-300x225.jpg 300w, http:\/\/www.lecarrefourdesopinions.ca\/wp-content\/uploads\/2011\/06\/IMG_0238-1024x768.jpg 1024w, http:\/\/www.lecarrefourdesopinions.ca\/wp-content\/uploads\/2011\/06\/IMG_0238-400x300.jpg 400w, http:\/\/www.lecarrefourdesopinions.ca\/wp-content\/uploads\/2011\/06\/IMG_0238.jpg 1600w\" sizes=\"auto, (max-width: 300px) 100vw, 300px\" \/>Certes le B\u00e8l\u00e8 sera l\u00e0, avec le Danmi\u00e9 avec les Bisou-Bisou.<\/p>\n<p>Nous serons tous N\u00e9gritos, nous serons tous Cr\u00e9olitos, nous serons tous Ecolos, par vagues, par hordes, par meutes, par nu\u00e9es\u2026<\/p>\n<p>&nbsp;<\/p>\n<p>Les Bouches seront l\u00e0, hurlantes de n\u2019avoir rien \u00e0 se mettre sous la dent, except\u00e9 les Dwapo, mis \u00e0 part les Cat Nasyonal Passpot intra muros, car, o\u00f9 pourrions-nous aller avec de tels sponsors et r\u00e9pondants\u00a0?<\/p>\n<p>&nbsp;<\/p>\n<p>&nbsp;<\/p>\n<p>Bref.<\/p>\n<p>&nbsp;<\/p>\n<p>Parents, Ma\u00eetres d\u2019Ecole, Administrateurs et surtout, Jeunes qui \u00ab\u00a0venez\u00a0\u00bb.<\/p>\n<p>&nbsp;<\/p>\n<p>Notre Culture \u00e0 nous, quoi de plus beau. Qui oserait parler de la renier.<\/p>\n<p>Mais la Sur-dimensionner comme on le fait \u00e0 des fins qui nous \u00e9chappent.<\/p>\n<p>Mais nous en gaver malgr\u00e9 nous comme si nous \u00e9tions des oies pour nous gonfler le foie.<\/p>\n<p>Mais en faire un Filet Int\u00e9griste qui mette en Ghetto notre Jeune Intelligence,<\/p>\n<p>&nbsp;<\/p>\n<p>\u00ab\u00a0Emile\u00a0\u00bb n\u2019est pas Archim\u00e8de et \u00ab\u00a0Eug\u00e8ne\u00a0\u00bb n\u2019est pas Vinci.<\/p>\n<p>&nbsp;<\/p>\n<p>Sachons dire NON \u00e0 nos Vieux ZOMBIS, NON \u00e0 leur GLU qui nous colle \u00e0 leur C\u2026 le Jeune Papillon se fait-il une maladie d\u2019amour de sa<img loading=\"lazy\" decoding=\"async\" class=\"alignright size-medium wp-image-5976\" title=\"IMG_0243\" src=\"http:\/\/www.lecarrefourdesopinions.ca\/wp-content\/uploads\/2011\/06\/IMG_0243-300x225.jpg\" alt=\"\" width=\"300\" height=\"225\" srcset=\"http:\/\/www.lecarrefourdesopinions.ca\/wp-content\/uploads\/2011\/06\/IMG_0243-300x225.jpg 300w, http:\/\/www.lecarrefourdesopinions.ca\/wp-content\/uploads\/2011\/06\/IMG_0243-1024x768.jpg 1024w, http:\/\/www.lecarrefourdesopinions.ca\/wp-content\/uploads\/2011\/06\/IMG_0243-400x300.jpg 400w, http:\/\/www.lecarrefourdesopinions.ca\/wp-content\/uploads\/2011\/06\/IMG_0243.jpg 1600w\" sizes=\"auto, (max-width: 300px) 100vw, 300px\" \/> peau de chenille.<\/p>\n<p>&nbsp;<\/p>\n<p>Choisissons de nous ouvrir au Monde et le Monde s\u2019ouvrira \u00e0 nous.<\/p>\n<p>&nbsp;<\/p>\n<p>A l\u2019\u00e2ge de Dix ans nous discernons mille fois mieux qu\u2019eux ce qui doit \u00eatre notre chemin.<\/p>\n<p>Engageons s\u2019il le faut la Guerre des G\u00e9n\u00e9rations, le Monde qu\u2019on veut nous faire et ce qu\u2019on fait de nous, sont-ils dignes de NOUS.<\/p>\n<p>&nbsp;<\/p>\n<p>Int\u00e9grisme Politique et Mar\u00e9es de Racisme<\/p>\n<p>Ne sont que des Prisons, les Pires des Prisons.<\/p>\n<p>&nbsp;<\/p>\n<p>&nbsp;<\/p>\n<p>Et enfin, Afin que Nul n\u2019Ignore.<\/p>\n<p>&nbsp;<\/p>\n<p>Ceux qui lisent mes \u00e9crits savent que, sans la moindre pr\u00e9tention d\u2019exprimer Paroles d\u2019Evangile, je m\u2019exprime sans masque, en faisant conna\u00eetre mes raisons, en me pr\u00eatant \u00e0 tous les commentaires, \u00e0 toutes les critiques, bienveillantes ou m\u00e9chantes.<\/p>\n<p>&nbsp;<\/p>\n<p>Peut-\u00eatre serait-il bon qu\u2019au lieu de Paroles en l\u2019Air trop souvent anonymes, nous exprimions \u00e0 visage d\u00e9couvert et en donnant nos arguments ou justifications.<\/p>\n<p>&nbsp;<\/p>\n<p>&nbsp;<\/p>\n<p>&nbsp;<\/p>\n<p>&nbsp;<\/p>\n<p>&nbsp;<\/p>\n<p>&nbsp;<\/p>\n<script type=\"text\/javascript\">\n\nvar addthis_config = {\"data_track_clickback\":false,\"data_track_addressbar\":false,\"data_track_textcopy\":false};\n<\/script><script type=\"text\/javascript\" src=\"\/\/s7.addthis.com\/js\/250\/addthis_widget.js#pubid=a457a6d63fb9e6ccabdde4110343bd85\"><\/script>","protected":false},"excerpt":{"rendered":"<p><span style=\"color: #3366ff;\">Int\u00e9grisme Politique et Mar\u00e9es.<\/span> <\/p>\n<p> <span style=\"color: #800000;\"> Par Eric E.G. NOGARD\u00a0\u00a0\u00a0\u00a0\u00a0\u00a0 <\/span><\/p>\n<p>&nbsp;<\/p>\n<p>&nbsp;<\/p>\n<p>&nbsp;<\/p>\n<p>Le P\u00e9trole a Produit sa Mar\u00e9e dite la Mar\u00e9e Noire.<\/p>\n<p>La Martinique, dans son Int\u00e9grisme Politique a bien produit les siennes,<\/p>\n<p>L\u2019une s\u2019appelle N\u00e9gritude, l\u2019autre Cr\u00e9olit\u00e9.&hellip;<\/p>\n","protected":false},"author":1,"featured_media":0,"comment_status":"open","ping_status":"open","sticky":false,"template":"","format":"standard","meta":{"footnotes":""},"categories":[1],"tags":[],"class_list":["post-5969","post","type-post","status-publish","format-standard","hentry","category-accueil"],"_links":{"self":[{"href":"http:\/\/www.lecarrefourdesopinions.ca\/index.php?rest_route=\/wp\/v2\/posts\/5969","targetHints":{"allow":["GET"]}}],"collection":[{"href":"http:\/\/www.lecarrefourdesopinions.ca\/index.php?rest_route=\/wp\/v2\/posts"}],"about":[{"href":"http:\/\/www.lecarrefourdesopinions.ca\/index.php?rest_route=\/wp\/v2\/types\/post"}],"author":[{"embeddable":true,"href":"http:\/\/www.lecarrefourdesopinions.ca\/index.php?rest_route=\/wp\/v2\/users\/1"}],"replies":[{"embeddable":true,"href":"http:\/\/www.lecarrefourdesopinions.ca\/index.php?rest_route=%2Fwp%2Fv2%2Fcomments&post=5969"}],"version-history":[{"count":4,"href":"http:\/\/www.lecarrefourdesopinions.ca\/index.php?rest_route=\/wp\/v2\/posts\/5969\/revisions"}],"predecessor-version":[{"id":5988,"href":"http:\/\/www.lecarrefourdesopinions.ca\/index.php?rest_route=\/wp\/v2\/posts\/5969\/revisions\/5988"}],"wp:attachment":[{"href":"http:\/\/www.lecarrefourdesopinions.ca\/index.php?rest_route=%2Fwp%2Fv2%2Fmedia&parent=5969"}],"wp:term":[{"taxonomy":"category","embeddable":true,"href":"http:\/\/www.lecarrefourdesopinions.ca\/index.php?rest_route=%2Fwp%2Fv2%2Fcategories&post=5969"},{"taxonomy":"post_tag","embeddable":true,"href":"http:\/\/www.lecarrefourdesopinions.ca\/index.php?rest_route=%2Fwp%2Fv2%2Ftags&post=5969"}],"curies":[{"name":"wp","href":"https:\/\/api.w.org\/{rel}","templated":true}]}}