{"id":5951,"date":"2011-06-01T08:23:36","date_gmt":"2011-06-01T12:23:36","guid":{"rendered":"http:\/\/www.lecarrefourdesopinions.ca\/?p=5951"},"modified":"2011-06-01T19:02:38","modified_gmt":"2011-06-01T23:02:38","slug":"communique-mdn-cinq-ans-apres","status":"publish","type":"post","link":"http:\/\/www.lecarrefourdesopinions.ca\/?p=5951","title":{"rendered":"COMMUNIQU\u00c9 MDN Cinq ans apr\u00e8s &#8230;"},"content":{"rendered":"<p><span style=\"color: #3366ff;\"><strong>COMMUNIQU\u00c9 MDN Cinq ans apr\u00e8s<\/strong><\/span><\/p>\n<p>&nbsp;<\/p>\n<p><span style=\"color: #3366ff;\"><strong><img loading=\"lazy\" decoding=\"async\" class=\"alignleft size-full wp-image-5952\" title=\"image001\" src=\"http:\/\/www.lecarrefourdesopinions.ca\/wp-content\/uploads\/2011\/05\/image001.jpg\" alt=\"\" width=\"153\" height=\"187\" \/><br \/><\/strong><\/span><\/p>\n<p><strong><em>Cinq ans apr\u00e8s la fin de la Commission sp\u00e9ciale sur la Loi \u00e9lectorale, Jean Charest et son gouvernement \u00e9chouent en mati\u00e8re de d\u00e9mocratie.<\/em><\/strong><\/p>\n<p>Montr\u00e9al, le 31 mai 2011. Le Mouvement pour une d\u00e9mocratie nouvelle et les signataires de <em>Solution d\u00e9mocratique<\/em> prouvent aujourd\u2019hui qu\u2019un consens existe pour mettre en place un mode de scrutin mixte compensatoire v\u00e9ritablement d\u00e9mocratique et respectant la population qu\u00e9b\u00e9coise. Premi\u00e8re \u00e9tape de la campagne <em>Solution d\u00e9mocratique<\/em>, un rassemblement a lieu ce midi \u00e0 Montr\u00e9al et une d\u00e9l\u00e9gation transmettra au bureau du Premier ministre un message d\u00e9non\u00e7ant l\u2019approche m\u00e9prisante du gouvernement dans ce dossier.<\/p>\n<p>Le 31 mai 2006 se terminait la  Commission sp\u00e9ciale sur la loi \u00e9lectorale (CSLE). Du millier de personnes et d\u2019organisations consult\u00e9es, 86% rejetaient le mode de scrutin actuel et exprimaient leurs attentes d\u00e9mocratiques. \u00ab\u00a0Cinq ans se sont \u00e9coul\u00e9s et le gouvernement n\u2019a encore rien fait, alors qu\u2019il avait tout en main pour \u00e9laborer un projet de loi ne reproduisant pas les probl\u00e8mes que comportait son avant-projet de loi de 2004. Il n\u2019a m\u00eame pas consid\u00e9r\u00e9 le rapport qu\u2019il avait command\u00e9 au Directeur g\u00e9n\u00e9ral des \u00e9lections sur les modalit\u00e9s n\u00e9cessaires \u00e0 l\u2019efficacit\u00e9 d\u2019un mode de scrutin mixte compensatoire\u00a0\u00bb de dire Francis Lagac\u00e9, 2<sup>e<\/sup> vice-pr\u00e9sident du Conseil central du Montr\u00e9al m\u00e9tropolitain CSN et membre du conseil d\u2019administration du MDN.<\/p>\n<p>Par cette campagne, la soci\u00e9t\u00e9 civile r\u00e9alise actuellement le mandat que Jean Charest et son gouvernement auraient d\u00fb se donner au lendemain de la CSLE\u00a0: mettre en place un mode de scrutin mixte compensatoire. Pr\u00e8s de 600 personnes et organisations ont d\u00e9j\u00e0 appos\u00e9 leur signature au mod\u00e8le pr\u00e9sent\u00e9 par le MDN et plus de cent autres lui ont donn\u00e9 un appui de principe. Au 31 mai, elle rassemble la voix de plus d\u2019un million de personnes r\u00e9clamant un mode de scrutin qui respecte la population et la proportionnalit\u00e9 de ses choix. \u00ab\u00a0Ce soutien constitue la preuve que la population est pr\u00eate pour le changement et que le gouvernement ne peut plus le nier. Contrairement au syst\u00e8me actuel, le mode de scrutin de <em>Solution d\u00e9mocratique<\/em> fait en sorte que toute la population et que tous les votes comptent. Le gouvernement n\u2019a plus qu\u2019\u00e0 le voter!\u00a0\u00bb pr\u00e9cise Merc\u00e9dez Roberge, conseill\u00e8re sp\u00e9ciale du MDN.<\/p>\n<p>\u00ab\u00a0Une Assembl\u00e9e Nationale o\u00f9 les \u00e9lus repr\u00e9senteraient le plus fid\u00e8lement possible la diversit\u00e9 d&rsquo;opinion des citoyens du Qu\u00e9bec aurait plus de chances de trouver les consensus pour faire avancer la soci\u00e9t\u00e9. Or c&rsquo;est exactement ce que ce projet met de l&rsquo;avant, en plus de proposer des balises claires. Non seulement c&rsquo;est tr\u00e8s faisable, mais nos \u00e9lus actuels seraient irresponsables de ne pas saisir une telle occasion de lutter contre le cynisme grandissant envers la politique. Il nous faut un mode de scrutin moderne. Et le plus t\u00f4t sera le mieux.\u00a0\u00bb souligne l\u2019humoriste Fran\u00e7ois Parenteau, pr\u00e9sent au rassemblement.<\/p>\n<p>\u00ab\u00a0Le syst\u00e8me mixte compensatoire propos\u00e9 respecte la volont\u00e9 populaire, assure une repr\u00e9sentation r\u00e9gionale, est \u00e9quitable pour tous les partis politiques, agit pour corriger la sous-repr\u00e9sentation syst\u00e9mique des femmes et pour que la diversit\u00e9 ethnoculturelle qu\u00e9b\u00e9coise s\u2019incarne au sein m\u00eame de l\u2019Assembl\u00e9e nationale. Les \u00e9l\u00e9ments qui le composent sont issus des demandes formul\u00e9es durant la CSLE, et soulign\u00e9es par le Directeur g\u00e9n\u00e9ral des \u00e9lections dans son document de 2008, soit que l\u2019Assembl\u00e9e nationale soit compos\u00e9e en respectant la population ainsi que ses choix, et ce, dans toutes les r\u00e9gions du Qu\u00e9bec\u00a0\u00bb explique Merc\u00e9dez Roberge, conseill\u00e8re sp\u00e9ciale du MDN.<\/p>\n<p>Des signataires et appuyeurs du mode de scrutin <em>Solution d\u00e9mocratique<\/em> se rendront au bureau montr\u00e9alais de Jean Charest afin de lui remettre le r\u00e9sultat de cette premi\u00e8re \u00e9tape, ainsi qu\u2019un bulletin de notes illustrant son \u00e9chec en mati\u00e8re de d\u00e9mocratie. Cette inaction est d\u2019autant plus inacceptable que Jean Charest avait promis d\u2019introduire un nouveau mode de scrutin d\u00e8s son premier discours inaugural, en 2003 et r\u00e9it\u00e9r\u00e9 dans celui de 2006. La campagne <em>Solution d\u00e9mocratique<\/em> se poursuivra tant que le gouvernement n\u2019aura pas mis en place un mode de scrutin v\u00e9ritablement d\u00e9mocratique et qu\u2019il niera l\u2019existence d\u2019un consensus en la mati\u00e8re.<\/p>\n<p><strong> <\/strong><\/p>\n<p><strong>Renseignements<\/strong>: <strong>Merc\u00e9dez Roberge 514-690-7826<\/strong>, <a href=\"mailto:mroberge@democratie-nouvelle.qc.ca\">mroberge@democratie-nouvelle.qc.ca<\/a><\/p>\n<p>Sources\u00a0: Mouvement pour une d\u00e9mocratie nouvelle (MDN) <a href=\"http:\/\/www.democratie-nouvelle.qc.ca\/actions\">www.democratie-nouvelle.qc.ca\/actions<\/a><\/p>\n<p>&nbsp;<\/p>\n<script type=\"text\/javascript\">\n\nvar addthis_config = {\"data_track_clickback\":false,\"data_track_addressbar\":false,\"data_track_textcopy\":false};\n<\/script><script type=\"text\/javascript\" src=\"\/\/s7.addthis.com\/js\/250\/addthis_widget.js#pubid=a457a6d63fb9e6ccabdde4110343bd85\"><\/script>","protected":false},"excerpt":{"rendered":"<p><span style=\"color: #3366ff;\">COMMUNIQU\u00c9 MDN Cinq ans apr\u00e8s<\/span><\/p>\n<p>&nbsp;<\/p>\n<p><span style=\"color: #3366ff;\"><\/span><\/p>\n<p>Cinq ans apr\u00e8s la fin de la Commission sp\u00e9ciale sur la Loi \u00e9lectorale, Jean Charest et son gouvernement \u00e9chouent en mati\u00e8re de d\u00e9mocratie.<\/p>\n<p>Montr\u00e9al, le 31 mai 2011. Le Mouvement pour &hellip;<\/p>\n","protected":false},"author":1,"featured_media":0,"comment_status":"open","ping_status":"open","sticky":false,"template":"","format":"standard","meta":{"footnotes":""},"categories":[1],"tags":[],"class_list":["post-5951","post","type-post","status-publish","format-standard","hentry","category-accueil"],"_links":{"self":[{"href":"http:\/\/www.lecarrefourdesopinions.ca\/index.php?rest_route=\/wp\/v2\/posts\/5951","targetHints":{"allow":["GET"]}}],"collection":[{"href":"http:\/\/www.lecarrefourdesopinions.ca\/index.php?rest_route=\/wp\/v2\/posts"}],"about":[{"href":"http:\/\/www.lecarrefourdesopinions.ca\/index.php?rest_route=\/wp\/v2\/types\/post"}],"author":[{"embeddable":true,"href":"http:\/\/www.lecarrefourdesopinions.ca\/index.php?rest_route=\/wp\/v2\/users\/1"}],"replies":[{"embeddable":true,"href":"http:\/\/www.lecarrefourdesopinions.ca\/index.php?rest_route=%2Fwp%2Fv2%2Fcomments&post=5951"}],"version-history":[{"count":4,"href":"http:\/\/www.lecarrefourdesopinions.ca\/index.php?rest_route=\/wp\/v2\/posts\/5951\/revisions"}],"predecessor-version":[{"id":5962,"href":"http:\/\/www.lecarrefourdesopinions.ca\/index.php?rest_route=\/wp\/v2\/posts\/5951\/revisions\/5962"}],"wp:attachment":[{"href":"http:\/\/www.lecarrefourdesopinions.ca\/index.php?rest_route=%2Fwp%2Fv2%2Fmedia&parent=5951"}],"wp:term":[{"taxonomy":"category","embeddable":true,"href":"http:\/\/www.lecarrefourdesopinions.ca\/index.php?rest_route=%2Fwp%2Fv2%2Fcategories&post=5951"},{"taxonomy":"post_tag","embeddable":true,"href":"http:\/\/www.lecarrefourdesopinions.ca\/index.php?rest_route=%2Fwp%2Fv2%2Ftags&post=5951"}],"curies":[{"name":"wp","href":"https:\/\/api.w.org\/{rel}","templated":true}]}}