{"id":5937,"date":"2011-05-28T18:51:57","date_gmt":"2011-05-28T22:51:57","guid":{"rendered":"http:\/\/www.lecarrefourdesopinions.ca\/?p=5937"},"modified":"2011-05-28T18:51:57","modified_gmt":"2011-05-28T22:51:57","slug":"voila-une-reaction-martiniquaise","status":"publish","type":"post","link":"http:\/\/www.lecarrefourdesopinions.ca\/?p=5937","title":{"rendered":"Voil\u00e0 une R\u00e9action Martiniquaise"},"content":{"rendered":"<p><span style=\"color: #3366ff;\"><strong>Voil\u00e0 une R\u00e9action Martiniquaise<\/strong><\/span><\/p>\n<p>\u00e0 l\u2019Article de Madame BOMBARDIER, ,<\/p>\n<p>&nbsp;<\/p>\n<p><strong><span style=\"text-decoration: underline;\">La  R\u00e9action<\/span><\/strong><strong><span style=\"text-decoration: underline;\"> :<\/span><\/strong><\/p>\n<p><strong> <\/strong><\/p>\n<p>\u00ab\u00a0<span style=\"color: #0000ff;\">Cette femme a raison, en France, il est aujourd&rsquo;hui encore tr\u00e8s difficile pour une femme d&rsquo;aller porter plainte pour viol; elle endure avec les policiers une seconde \u00e9preuve morale cette fois, aussi humiliante que la premi\u00e8re, car ses paroles sont syst\u00e9matiquement attaqu\u00e9es, mises en doute, d\u00e9mont\u00e9es, et si par d\u00e9prime elle renonce \u00e0 pousser les choses jusqu&rsquo;au bout, elle peut m\u00eame \u00eatre \u00e0 son tour poursuivie pour faux t\u00e9moignage.<br \/> Voil\u00e0 pourquoi la plupart renoncent purement et simplement \u00e0 faire la d\u00e9marche de la plainte, un traumatisme \u00e9tant suffisant.<\/p>\n<p> Il serait heureux que l&rsquo;affaire Strauss Khan fasse \u00e9voluer les choses et que nous ayons un autre regard sur notre soci\u00e9t\u00e9 bien imparfaite, qui doit r\u00e9ellement progresser dans ce domaine, il en va de la cr\u00e9dibilit\u00e9 de nos valeurs.\u00a0\u00bb<\/span><\/p>\n<p>&nbsp;<\/p>\n<p><strong>Eric E.G. NOGARD, <\/strong><\/p>\n<p>&nbsp;<\/p>\n<script type=\"text\/javascript\">\n\nvar addthis_config = {\"data_track_clickback\":false,\"data_track_addressbar\":false,\"data_track_textcopy\":false};\n<\/script><script type=\"text\/javascript\" src=\"\/\/s7.addthis.com\/js\/250\/addthis_widget.js#pubid=a457a6d63fb9e6ccabdde4110343bd85\"><\/script>","protected":false},"excerpt":{"rendered":"<p><span style=\"color: #3366ff;\">Voil\u00e0 une R\u00e9action Martiniquaise<\/span><\/p>\n<p>\u00e0 l\u2019Article de Madame BOMBARDIER, ,<\/p>\n<p>&nbsp;<\/p>\n<p><span style=\"text-decoration: underline;\">La  R\u00e9action<\/span><span style=\"text-decoration: underline;\"> :<\/span><\/p>\n<\/p>\n<p>\u00ab\u00a0<span style=\"color: #0000ff;\">Cette femme a raison, en France, il est aujourd&rsquo;hui encore tr\u00e8s difficile pour une femme d&rsquo;aller porter plainte pour viol; elle endure <\/span>&hellip;<\/p>\n","protected":false},"author":1,"featured_media":0,"comment_status":"open","ping_status":"open","sticky":false,"template":"","format":"standard","meta":{"footnotes":""},"categories":[1],"tags":[],"class_list":["post-5937","post","type-post","status-publish","format-standard","hentry","category-accueil"],"_links":{"self":[{"href":"http:\/\/www.lecarrefourdesopinions.ca\/index.php?rest_route=\/wp\/v2\/posts\/5937","targetHints":{"allow":["GET"]}}],"collection":[{"href":"http:\/\/www.lecarrefourdesopinions.ca\/index.php?rest_route=\/wp\/v2\/posts"}],"about":[{"href":"http:\/\/www.lecarrefourdesopinions.ca\/index.php?rest_route=\/wp\/v2\/types\/post"}],"author":[{"embeddable":true,"href":"http:\/\/www.lecarrefourdesopinions.ca\/index.php?rest_route=\/wp\/v2\/users\/1"}],"replies":[{"embeddable":true,"href":"http:\/\/www.lecarrefourdesopinions.ca\/index.php?rest_route=%2Fwp%2Fv2%2Fcomments&post=5937"}],"version-history":[{"count":3,"href":"http:\/\/www.lecarrefourdesopinions.ca\/index.php?rest_route=\/wp\/v2\/posts\/5937\/revisions"}],"predecessor-version":[{"id":5940,"href":"http:\/\/www.lecarrefourdesopinions.ca\/index.php?rest_route=\/wp\/v2\/posts\/5937\/revisions\/5940"}],"wp:attachment":[{"href":"http:\/\/www.lecarrefourdesopinions.ca\/index.php?rest_route=%2Fwp%2Fv2%2Fmedia&parent=5937"}],"wp:term":[{"taxonomy":"category","embeddable":true,"href":"http:\/\/www.lecarrefourdesopinions.ca\/index.php?rest_route=%2Fwp%2Fv2%2Fcategories&post=5937"},{"taxonomy":"post_tag","embeddable":true,"href":"http:\/\/www.lecarrefourdesopinions.ca\/index.php?rest_route=%2Fwp%2Fv2%2Ftags&post=5937"}],"curies":[{"name":"wp","href":"https:\/\/api.w.org\/{rel}","templated":true}]}}