{"id":5924,"date":"2011-06-01T08:25:03","date_gmt":"2011-06-01T12:25:03","guid":{"rendered":"http:\/\/www.lecarrefourdesopinions.ca\/?p=5924"},"modified":"2011-06-01T08:25:03","modified_gmt":"2011-06-01T12:25:03","slug":"la-responsabilite-sociale-des-artistes","status":"publish","type":"post","link":"http:\/\/www.lecarrefourdesopinions.ca\/?p=5924","title":{"rendered":"LA RESPONSABILIT\u00c9 SOCIALE DES ARTISTES"},"content":{"rendered":"<p><span style=\"color: #3366ff;\">LA  RESPONSABILIT\u00c9 SOCIALE DES ARTISTES<\/span><\/p>\n<p><span style=\"color: #800000;\"><em> <img loading=\"lazy\" decoding=\"async\" class=\"alignleft size-thumbnail wp-image-5925\" title=\"Claude Snow\" src=\"http:\/\/www.lecarrefourdesopinions.ca\/wp-content\/uploads\/2011\/05\/Claude-Snow-134x107.png\" alt=\"\" width=\"134\" height=\"107\" \/> Par Claude Snow\u00a0\u00a0\u00a0\u00a0\u00a0\u00a0\u00a0\u00a0\u00a0\u00a0 <br \/><\/em><\/span><\/p>\n<p>&nbsp;<\/p>\n<p>&nbsp;<\/p>\n<p style=\"text-align: justify;\">Le monde des artistes jouit d&rsquo;un statut enviable dans notre soci\u00e9t\u00e9 et voil\u00e0 qui est bien, car apr\u00e8s tout, le monde ne serait pas pareil sans l&rsquo;art qui nous le montre de mille et une fa\u00e7ons. Gr\u00e2ce \u00e0 leur sensibilit\u00e9, les artistes nous font voir des facettes de la vie qui autrement, nous \u00e9chapperaient totalement.<\/p>\n<p style=\"text-align: justify;\">\n<p style=\"text-align: justify;\">Cela dit, je m&rsquo;interroge au sujet de leur sens de la responsabilit\u00e9 sociale.<\/p>\n<p style=\"text-align: justify;\">Je reproche \u00e0 certains d&rsquo;entre eux de fuir la r\u00e9alit\u00e9 et de restreindre leur vision du monde \u00e0 une sorte d&rsquo;id\u00e9alisme d\u00e9connect\u00e9 de la condition humaine de bien de leurs contemporains. Parfois m\u00eame, je trouve qu&rsquo;ils badinent avec la mis\u00e8re du peuple, plut\u00f4t que de se r\u00e9volter contre elle. Quand cela se produit, les arts ne sont plus r\u00e9ellement au service de l&rsquo;humain, comme ils devraient l&rsquo;\u00eatre.<\/p>\n<p style=\"text-align: justify;\">\n<p style=\"text-align: justify;\">Il me semble que les artistes devraient \u00eatre les premiers \u00e0 s&rsquo;identifier \u00e0 ceux dont les revenus sont insuffisants, parce qu&rsquo;\u00e0 ce titre, artistes et d\u00e9munis se ressemblent beaucoup. On devrait normalement les voir se serrer les coudes pour servir les m\u00eames causes.<\/p>\n<p style=\"text-align: justify;\">\n<p style=\"text-align: justify;\">L&rsquo;ins\u00e9curit\u00e9 financi\u00e8re des artistes, en effet, est bien connue. Elle est bien d\u00e9montr\u00e9e par cette histoire que l&rsquo;on raconte : \u00abIl y avait, un jour, deux personnes au coin d&rsquo;une rue : un artiste, puis un itin\u00e9rant qui n&rsquo;avait pas d&rsquo;argent lui non plus.\u00bb<\/p>\n<p style=\"text-align: justify;\">\n<p style=\"text-align: justify;\">Si je remets en cause l&rsquo;engagement social des artistes, c&rsquo;est qu&rsquo;au fond j&rsquo;envie leur capacit\u00e9 d&rsquo;expression qui est le pouvoir le plus redoutable dont ils disposent. Leur emprise sur la communication sous toutes ses formes est telle qu&rsquo;ils peuvent facilement influencer l&rsquo;opinion publique \u00e0 leur gr\u00e9.<\/p>\n<p style=\"text-align: justify;\">\n<p style=\"text-align: justify;\">Parce qu&rsquo;ils ont le don de la parole, de l\u2019\u00e9motion, du geste, de la couleur, de l\u2019expression et de la forme, ne devraient-ils pas s&rsquo;en servir pour ouvrir nos sens aux diverses manifestations de la mis\u00e8re humaine, comme les probl\u00e8mes li\u00e9s \u00e0 la pauvret\u00e9, \u00e0 la drogue et aux suspensions scolaires, pour ne nommer que ceux-l\u00e0?<\/p>\n<p style=\"text-align: justify;\">\n<p style=\"text-align: justify;\">On sait tous \u00e0 quel point ils sont adroits pour d\u00e9fendre haut et fort leurs int\u00e9r\u00eats, mais ils devraient aussi se faire un devoir de consacrer une partie de leurs talents \u00e0 lutter pour d\u00e9fendre les droits des autres.<\/p>\n<p style=\"text-align: justify;\">\n<p style=\"text-align: justify;\">J&rsquo;aimerais les voir aux rassemblements populaires et \u00e9pouser les causes des gens ordinaires qui travaillent \u00e0 l\u2019am\u00e9lioration de la condition humaine, car ils pourraient faire faire de merveilleuses prises de conscience qui feraient ensuite avancer les causes.<\/p>\n<p style=\"text-align: justify;\">\n<p style=\"text-align: justify;\">S&rsquo;il y a un d\u00e9fi qu&rsquo;ils devraient relever, c&rsquo;est bien celui defaire oeuvre de cr\u00e9ation tout en refl\u00e9tant \u00e0 la soci\u00e9t\u00e9 une image de ce qu\u2019elle est. Je les invite \u00e0 traduire en mots, en musique, en th\u00e9\u00e2tre, en expression corporelle et en tableaux la dure r\u00e9alit\u00e9 de bien de nos<\/p>\n<p style=\"text-align: justify;\">contemporains pour qu&rsquo;ensemble, nous puissions formuler un projet de soci\u00e9t\u00e9 inclusif.<\/p>\n<p style=\"text-align: justify;\"><img loading=\"lazy\" decoding=\"async\" class=\"alignleft size-large wp-image-5935\" title=\"Accompagner un enfant\" src=\"http:\/\/www.lecarrefourdesopinions.ca\/wp-content\/uploads\/2011\/05\/Accompagner-un-enfant3-704x1023.jpg\" alt=\"\" width=\"450\" height=\"653\" srcset=\"http:\/\/www.lecarrefourdesopinions.ca\/wp-content\/uploads\/2011\/05\/Accompagner-un-enfant3-704x1023.jpg 704w, http:\/\/www.lecarrefourdesopinions.ca\/wp-content\/uploads\/2011\/05\/Accompagner-un-enfant3-206x300.jpg 206w, http:\/\/www.lecarrefourdesopinions.ca\/wp-content\/uploads\/2011\/05\/Accompagner-un-enfant3-400x581.jpg 400w, http:\/\/www.lecarrefourdesopinions.ca\/wp-content\/uploads\/2011\/05\/Accompagner-un-enfant3.jpg 1774w\" sizes=\"auto, (max-width: 450px) 100vw, 450px\" \/><\/p>\n<p style=\"text-align: justify;\">\n<script type=\"text\/javascript\">\n\nvar addthis_config = {\"data_track_clickback\":false,\"data_track_addressbar\":false,\"data_track_textcopy\":false};\n<\/script><script type=\"text\/javascript\" src=\"\/\/s7.addthis.com\/js\/250\/addthis_widget.js#pubid=a457a6d63fb9e6ccabdde4110343bd85\"><\/script>","protected":false},"excerpt":{"rendered":"<p><span style=\"color: #3366ff;\">LA  RESPONSABILIT\u00c9 SOCIALE DES ARTISTES<\/span><\/p>\n<p><span style=\"color: #800000;\">  Par Claude Snow\u00a0\u00a0\u00a0\u00a0\u00a0\u00a0\u00a0\u00a0\u00a0\u00a0 <\/span><\/p>\n<p>&nbsp;<\/p>\n<p>&nbsp;<\/p>\n<p style=\"text-align: justify;\">Le monde des artistes jouit d&rsquo;un statut enviable dans notre soci\u00e9t\u00e9 et voil\u00e0 qui est bien, car apr\u00e8s tout, le monde ne serait pas pareil sans l&rsquo;art &hellip;<\/p>\n","protected":false},"author":1,"featured_media":0,"comment_status":"open","ping_status":"open","sticky":false,"template":"","format":"standard","meta":{"footnotes":""},"categories":[1],"tags":[],"class_list":["post-5924","post","type-post","status-publish","format-standard","hentry","category-accueil"],"_links":{"self":[{"href":"http:\/\/www.lecarrefourdesopinions.ca\/index.php?rest_route=\/wp\/v2\/posts\/5924","targetHints":{"allow":["GET"]}}],"collection":[{"href":"http:\/\/www.lecarrefourdesopinions.ca\/index.php?rest_route=\/wp\/v2\/posts"}],"about":[{"href":"http:\/\/www.lecarrefourdesopinions.ca\/index.php?rest_route=\/wp\/v2\/types\/post"}],"author":[{"embeddable":true,"href":"http:\/\/www.lecarrefourdesopinions.ca\/index.php?rest_route=\/wp\/v2\/users\/1"}],"replies":[{"embeddable":true,"href":"http:\/\/www.lecarrefourdesopinions.ca\/index.php?rest_route=%2Fwp%2Fv2%2Fcomments&post=5924"}],"version-history":[{"count":5,"href":"http:\/\/www.lecarrefourdesopinions.ca\/index.php?rest_route=\/wp\/v2\/posts\/5924\/revisions"}],"predecessor-version":[{"id":5961,"href":"http:\/\/www.lecarrefourdesopinions.ca\/index.php?rest_route=\/wp\/v2\/posts\/5924\/revisions\/5961"}],"wp:attachment":[{"href":"http:\/\/www.lecarrefourdesopinions.ca\/index.php?rest_route=%2Fwp%2Fv2%2Fmedia&parent=5924"}],"wp:term":[{"taxonomy":"category","embeddable":true,"href":"http:\/\/www.lecarrefourdesopinions.ca\/index.php?rest_route=%2Fwp%2Fv2%2Fcategories&post=5924"},{"taxonomy":"post_tag","embeddable":true,"href":"http:\/\/www.lecarrefourdesopinions.ca\/index.php?rest_route=%2Fwp%2Fv2%2Ftags&post=5924"}],"curies":[{"name":"wp","href":"https:\/\/api.w.org\/{rel}","templated":true}]}}