{"id":5919,"date":"2011-06-08T13:54:35","date_gmt":"2011-06-08T17:54:35","guid":{"rendered":"http:\/\/www.lecarrefourdesopinions.ca\/?p=5919"},"modified":"2011-06-08T13:54:35","modified_gmt":"2011-06-08T17:54:35","slug":"haiti-rappelle-toi-et%e2%80%a6-pardonne","status":"publish","type":"post","link":"http:\/\/www.lecarrefourdesopinions.ca\/?p=5919","title":{"rendered":"Ha\u00efti ! Rappelle-toi et\u2026 Pardonne !"},"content":{"rendered":"<p><strong><em><span style=\"color: #3366ff;\">Ha\u00efti\u00a0! Rappelle-toi et\u2026 Pardonne\u00a0!<\/span> <\/em><\/strong><strong> <\/strong><\/p>\n<p><strong> <img loading=\"lazy\" decoding=\"async\" class=\"alignleft size-thumbnail wp-image-5920\" title=\"photo \u00c9ric Nogard\" src=\"http:\/\/www.lecarrefourdesopinions.ca\/wp-content\/uploads\/2011\/05\/photo-\u00c9ric-Nogard12-134x107.jpg\" alt=\"\" width=\"134\" height=\"107\" \/> <\/strong> <span style=\"color: #800000;\"><em>Par<strong> <\/strong>Eric E.G. NOGARD\u00a0\u00a0\u00a0\u00a0\u00a0\u00a0\u00a0\u00a0\u00a0\u00a0 <br \/><\/em><\/span><\/p>\n<p>&nbsp;<\/p>\n<p>&nbsp;<\/p>\n<p>&nbsp;<\/p>\n<p>Jean-Claude DUVALIER est appel\u00e9 \u00e0 R\u00e9pondre de ses Crimes devant la Justice de son Pays dont il fut le Pr\u00e9sident.<\/p>\n<p>&nbsp;<\/p>\n<p>Nous ne sommes pas Juge, nous n\u2019avons pas qualit\u00e9 pour Juger.<\/p>\n<p>Nous ne sommes pas Ha\u00eftien, nous n\u2019avons pas \u00e0 pr\u00e9juger des Choix d\u2019Ha\u00efti.<\/p>\n<p>&nbsp;<\/p>\n<p>La Vie d\u2019un Homme est en Jeu, c\u2019est de Cela qu\u2019il s\u2019agit.<\/p>\n<p>&nbsp;<\/p>\n<p><img loading=\"lazy\" decoding=\"async\" class=\"alignleft size-thumbnail wp-image-5922\" title=\"Jean-Claude DUVALIER\" src=\"http:\/\/www.lecarrefourdesopinions.ca\/wp-content\/uploads\/2011\/05\/Jean-Claude-DUVALIER-134x107.jpg\" alt=\"\" width=\"134\" height=\"107\" \/>Qu\u2019on aime ou qu\u2019on n\u2019aime pas Jean-Claude DUVALIER, \u00e0 moins d\u2019\u00eatre Mauvais Juge, s\u2019il est imp\u00e9ratif de punir \u00e0 leur juste valeur les charges retenues contre lui \u2013 si elles sont av\u00e9r\u00e9es \u2013 n\u2019est-il pas de Bonne Justice de prendre en Consid\u00e9ration tout ce qui pourrait \u00eatre Etabli \u00e0 sa D\u00e9charge.<\/p>\n<p>&nbsp;<\/p>\n<p>&nbsp;<\/p>\n<p>En 1971, Jean-Claude DUVALIER a H\u00e9rit\u00e9 selon la Constitution de son Pays, de la Charge de Pr\u00e9sident de la R\u00e9publique d\u2019Ha\u00efti.<\/p>\n<p>&nbsp;<\/p>\n<p>Une Lourde Charge pour des Epaules seulement \u00e2g\u00e9es de 19 ans.<\/p>\n<p>&nbsp;<\/p>\n<p>Une tr\u00e8s Lourde Charge dans un Pays dont les Us et les Coutumes font que le PRINCE est souvent IGNORANT des Torts faits \u00e0 son PEUPLE.<\/p>\n<p>&nbsp;<\/p>\n<p>Les Ministres Sanguinaires, les Macoutes sans Merci, les D\u00e9lateurs \u00e0 tout-va ne sont pas de Jean-Claude DUVALIER et le LAVALAS du Petit Abb\u00e9 D\u00e9froqu\u00e9 n\u2019en a pas d\u00e9livr\u00e9 Ha\u00efti.<\/p>\n<p>&nbsp;<\/p>\n<p>Sans Compter ceci qui m\u00e9rite d\u2019\u00eatre dit avec gravit\u00e9, car il est Consid\u00e9rable quand on y pense\u00a0:<\/p>\n<p>&nbsp;<\/p>\n<ul>\n<li>Jean-Claude DUVALIER a institu\u00e9 dans son Pays le Salaire Minimum Garanti \u00ab\u00a0\u00e0 la Fran\u00e7aise\u00a0\u00bb.<\/li>\n<\/ul>\n<p>&nbsp;<\/p>\n<p>Les Ha\u00eftiens s\u2019en sont f\u00e9licit\u00e9s et se sont \u00e9cri\u00e9s O\u00a0! B\u00e9n\u00e9diction.<\/p>\n<p>&nbsp;<\/p>\n<p>Qui avant, qui apr\u00e8s en eut jamais cette id\u00e9e, qui avant ou apr\u00e8s, a pris cette initiative digne d\u2019un Pays Hautement Civilis\u00e9 et port\u00e9 sur le Social.<\/p>\n<p>&nbsp;<\/p>\n<ul>\n<li>Jean-Claude DUVALIER est rentr\u00e9 dans son Pays, profond\u00e9ment marqu\u00e9 par son long exil en France, son Pays d\u2019Accueil, tant il est juste d\u2019affirmer que\u00a0:<\/li>\n<\/ul>\n<p>&nbsp;<\/p>\n<p>\u00ab\u00a0Autant il est possible de chasser un Ha\u00eftien de Ha\u00efti,<\/p>\n<p>Autant il est Impossible de chasser Ha\u00efti du C\u0153ur d\u2019un Ha\u00eftien\u00a0\u00bb.<\/p>\n<p>&nbsp;<\/p>\n<p>&nbsp;<\/p>\n<p>Et Jean-Claude est Revenu, au P\u00e9ril de sa Vie, pr\u00eat \u00e0 se soumettre au Verdict de la Justice de son Pays, \u00e0 Servir son Peuple.<\/p>\n<p>Un exemple de Sto\u00efcisme Purificateur qui doit donner \u00e0 r\u00e9fl\u00e9chir.<\/p>\n<p>Si cet exemple fut suivi, il fallait \u00eatre le premier \u00e0 l\u2019oser.<\/p>\n<p>Ce fut pour Ha\u00efti comme un Premier Pas sur la Lune.<\/p>\n<p>&nbsp;<\/p>\n<p>Un Pas par lequel \u00ab\u00a0Un Fils\u00a0\u00bb a Grandi, a Anobli son Pays et son Peuple.<\/p>\n<p>&nbsp;<\/p>\n<p>Que Ce Peuple soit Accessible au Pardon,<\/p>\n<p>Plaise \u00e0 Ha\u00efti de Pardonner \u00e0 Jean-Claude DUVALIER,<\/p>\n<p>&nbsp;<\/p>\n<p>Il le m\u00e9rite, Il n\u2019a pas le C\u0153ur Mauvais, il Aime son Pays.<\/p>\n<p>&nbsp;<\/p>\n<p>&nbsp;<\/p>\n<p>&nbsp;<\/p>\n<p>&nbsp;<\/p>\n<script type=\"text\/javascript\">\n\nvar addthis_config = {\"data_track_clickback\":false,\"data_track_addressbar\":false,\"data_track_textcopy\":false};\n<\/script><script type=\"text\/javascript\" src=\"\/\/s7.addthis.com\/js\/250\/addthis_widget.js#pubid=a457a6d63fb9e6ccabdde4110343bd85\"><\/script>","protected":false},"excerpt":{"rendered":"<p><span style=\"color: #3366ff;\">Ha\u00efti\u00a0! Rappelle-toi et\u2026 Pardonne\u00a0!<\/span>  <\/p>\n<p>   <span style=\"color: #800000;\">Par Eric E.G. NOGARD\u00a0\u00a0\u00a0\u00a0\u00a0\u00a0\u00a0\u00a0\u00a0\u00a0 <\/span><\/p>\n<p>&nbsp;<\/p>\n<p>&nbsp;<\/p>\n<p>&nbsp;<\/p>\n<p>Jean-Claude DUVALIER est appel\u00e9 \u00e0 R\u00e9pondre de ses Crimes devant la Justice de son Pays dont il fut le Pr\u00e9sident.<\/p>\n<p>&nbsp;<\/p>\n<p>Nous ne sommes &hellip;<\/p>\n","protected":false},"author":1,"featured_media":0,"comment_status":"open","ping_status":"open","sticky":false,"template":"","format":"standard","meta":{"footnotes":""},"categories":[1],"tags":[],"class_list":["post-5919","post","type-post","status-publish","format-standard","hentry","category-accueil"],"_links":{"self":[{"href":"http:\/\/www.lecarrefourdesopinions.ca\/index.php?rest_route=\/wp\/v2\/posts\/5919","targetHints":{"allow":["GET"]}}],"collection":[{"href":"http:\/\/www.lecarrefourdesopinions.ca\/index.php?rest_route=\/wp\/v2\/posts"}],"about":[{"href":"http:\/\/www.lecarrefourdesopinions.ca\/index.php?rest_route=\/wp\/v2\/types\/post"}],"author":[{"embeddable":true,"href":"http:\/\/www.lecarrefourdesopinions.ca\/index.php?rest_route=\/wp\/v2\/users\/1"}],"replies":[{"embeddable":true,"href":"http:\/\/www.lecarrefourdesopinions.ca\/index.php?rest_route=%2Fwp%2Fv2%2Fcomments&post=5919"}],"version-history":[{"count":3,"href":"http:\/\/www.lecarrefourdesopinions.ca\/index.php?rest_route=\/wp\/v2\/posts\/5919\/revisions"}],"predecessor-version":[{"id":5990,"href":"http:\/\/www.lecarrefourdesopinions.ca\/index.php?rest_route=\/wp\/v2\/posts\/5919\/revisions\/5990"}],"wp:attachment":[{"href":"http:\/\/www.lecarrefourdesopinions.ca\/index.php?rest_route=%2Fwp%2Fv2%2Fmedia&parent=5919"}],"wp:term":[{"taxonomy":"category","embeddable":true,"href":"http:\/\/www.lecarrefourdesopinions.ca\/index.php?rest_route=%2Fwp%2Fv2%2Fcategories&post=5919"},{"taxonomy":"post_tag","embeddable":true,"href":"http:\/\/www.lecarrefourdesopinions.ca\/index.php?rest_route=%2Fwp%2Fv2%2Ftags&post=5919"}],"curies":[{"name":"wp","href":"https:\/\/api.w.org\/{rel}","templated":true}]}}