{"id":5916,"date":"2011-06-01T08:24:04","date_gmt":"2011-06-01T12:24:04","guid":{"rendered":"http:\/\/www.lecarrefourdesopinions.ca\/?p=5916"},"modified":"2011-06-01T08:24:04","modified_gmt":"2011-06-01T12:24:04","slug":"si-dominique-strauss-khan-etait-condamne","status":"publish","type":"post","link":"http:\/\/www.lecarrefourdesopinions.ca\/?p=5916","title":{"rendered":"Si Dominique STRAUSS-KHAN \u00e9tait Condamn\u00e9."},"content":{"rendered":"<p><span style=\"color: #3366ff;\"><strong><em>Si Dominique STRAUSS-KHAN \u00e9tait Condamn\u00e9.<\/em><\/strong><\/span><strong> <\/strong><\/p>\n<p><img loading=\"lazy\" decoding=\"async\" class=\"alignleft size-thumbnail wp-image-5917\" title=\"photo \u00c9ric Nogard\" src=\"http:\/\/www.lecarrefourdesopinions.ca\/wp-content\/uploads\/2011\/05\/photo-\u00c9ric-Nogard11-134x107.jpg\" alt=\"\" width=\"134\" height=\"107\" \/> <span style=\"color: #800000;\"><em>Par Eric.G. Nogard <\/em><\/span><span style=\"color: #800000;\"><em> <\/em><\/span><\/p>\n<p>&nbsp;<\/p>\n<p>&nbsp;<\/p>\n<p>&nbsp;<\/p>\n<p><span style=\"color: #0000ff;\">\u00ab\u00a0A moins d\u2019\u00eatre malade au regard des Experts, <br \/><\/span><\/p>\n<p><span style=\"color: #0000ff;\">Faire le mal \u00e0 son Prochain est certainement ignoble.<\/span><\/p>\n<p><span style=\"color: #0000ff;\">De R\u00e9parer le Mal fait \u00e0 autrui, on devrait \u00eatre tenu.\u00a0\u00bb<\/span><\/p>\n<p>&nbsp;<\/p>\n<p>&nbsp;<\/p>\n<p>Nous n\u2019avons pas Voix \u00e0 ce Chapitre, nous le savons assez voire mieux que quiconque.<\/p>\n<p>&nbsp;<\/p>\n<p>En revanche, toute Chose Rendue Publique n\u2019est-elle pas Aussi Notre Affaire.<\/p>\n<p>&nbsp;<\/p>\n<p>Notre Affaire, tout comme la V\u00f4tre, l\u2019Affaire de Tout-un-chacun.<\/p>\n<p>&nbsp;<\/p>\n<p>Cosa P\u00f9blica, Cosa de Cada Uno.<\/p>\n<p>&nbsp;<\/p>\n<p>&nbsp;<\/p>\n<p>Dominique STRAUSS-KHAN, s\u2019il \u00e9tait Convaincu d\u2019Offense Sexuelle et Condamn\u00e9.<\/p>\n<p>&nbsp;<\/p>\n<p>Nous ne dirions pas comme FERNANDEL dans un Film dont le Titre nous \u00e9chappe\u00a0:<\/p>\n<p>&nbsp;<\/p>\n<p>\u00ab\u00a0Tout Condamn\u00e9 \u00e0 mort aura la T\u00eate Tranch\u00e9e\u00a0\u00bb.<\/p>\n<p>&nbsp;<\/p>\n<p>Il n\u2019est pas de notre Philosophie de faire tomber les T\u00eates, fussent-elles de Pierre, comme celle de Jos\u00e9phine. Et d\u2019ailleurs, qu\u2019en dirait aussit\u00f4t Monsieur Robert BADINTER, Socialiste, Ministre, Garde des Sceaux des Fran\u00e7ais, sous le R\u00e8gne car il fut Roi, de Fran\u00e7ois MITTERRAND.<\/p>\n<p>&nbsp;<\/p>\n<p>&nbsp;<\/p>\n<p>Si Dominique STRAUSS-KHAN \u00e9tait Convaincu d\u2019Offense Sexuelle et Jet\u00e9 en Prison, nous serions Partisan qu\u2019il Purge sa Ge\u00f4le l\u00e0 o\u00f9 il s\u2019est fait pincer car\u00a0:<\/p>\n<p>&nbsp;<\/p>\n<ul>\n<li>Nulle part ailleurs qu\u2019aux Etats-Unis d\u2019Am\u00e9rique il n\u2019aurait \u00e9t\u00e9 Interpell\u00e9 aussi \u00ab\u00a0Carr\u00e9ment\u00a0\u00bb, m\u00eame en cas d\u2019Assouvissement sous les Projecteurs, du \u00ab\u00a0Rut du Faune\u00a0\u00bb.<\/li>\n<\/ul>\n<p>&nbsp;<\/p>\n<ul>\n<li>Toute par ailleurs, au lieu de l\u2019Interpeller, on l\u2019e\u00fbt Couvert de Lauriers, Ignorant ses Victimes en leur mettant un Double Scotch sur les L\u00e8vres ou leur Coupant et la Langue et les Doigts avant de leur laisser la Libert\u00e9 ou de Parler, ou d\u2019Ecrire.<\/li>\n<\/ul>\n<p>&nbsp;<\/p>\n<ul>\n<li>L\u2019Italie n\u2019a pas r\u00e9clam\u00e9 Al Capone pour lui \u00e9pargner ALCATRAZ pas plus que la Sicile n\u2019a r\u00e9clam\u00e9 que SCARFACE soit rendu \u00e0 Naples\u00a0!<\/li>\n<\/ul>\n<p>&nbsp;<\/p>\n<p>&nbsp;<\/p>\n<p>Que chacun purge sa peine l\u00e0 ou il s\u2019est fait prendre.<\/p>\n<p>&nbsp;<\/p>\n<p>Sauf \u00e0 offrir \u00e0 STRAUSS-KHAN un s\u00e9jour \u00e0 CAPRI ou \u00e0 CORFOU qui lui serve de TAULE et \u00e0 Jeter ses Victimes au Fumier pour les Torts faits \u00e0 eux par le PAN.<\/p>\n<p>&nbsp;<\/p>\n<p>&nbsp;<\/p>\n<p>En Tout Etat de Cause.<\/p>\n<p>&nbsp;<\/p>\n<p>Si comme le laisse entendre A.F.P. du 23\/05\/2011 \u00e0 23\u00a0:38, le Gouvernement Fran\u00e7ais appuyait, au cas o\u00f9 il serait Convaincu d\u2019OFFENSE SEXUELLE et Condamn\u00e9 \u00e0 la Taule, la Demande de Dominique STRAUSS-KHAN de Purger sa Peine en France,<\/p>\n<p>&nbsp;<\/p>\n<p>Tr\u00e8s malheureusement, la France cesserait d\u2019\u00eatre \u00e0 nos Yeux un Pays qui se Respecte.<\/p>\n<p>&nbsp;<\/p>\n<p>En cons\u00e9quence,<\/p>\n<p>&nbsp;<\/p>\n<p>Si Dominique STRAUSS-KHANN est Reconnu Coupable, qu\u2019il Purge sa Peine l\u00e0 o\u00f9 il a Commis son CRIME.<\/p>\n<p>&nbsp;<\/p>\n<p>Prenons Exemple sur les Am\u00e9ricains, leur FAIR PLAY ne s\u2019accommode pas de Mignardises de Nature \u00e0 Ternir, ni leur CONSTITUTION, ni l\u2019Id\u00e9e qu\u2019ils se font d\u2019eux-m\u00eames, pas plus qu\u2019\u00e0 Co\u00fbter le Moindre CENT \u00e0 Uncle SAM\u00a0: Que le Contribuable Fran\u00e7ais se le dise.<\/p>\n<p>&nbsp;<\/p>\n<p>&nbsp;<\/p>\n<p>&nbsp;<\/p>\n<script type=\"text\/javascript\">\n\nvar addthis_config = {\"data_track_clickback\":false,\"data_track_addressbar\":false,\"data_track_textcopy\":false};\n<\/script><script type=\"text\/javascript\" src=\"\/\/s7.addthis.com\/js\/250\/addthis_widget.js#pubid=a457a6d63fb9e6ccabdde4110343bd85\"><\/script>","protected":false},"excerpt":{"rendered":"<p><span style=\"color: #3366ff;\">Si Dominique STRAUSS-KHAN \u00e9tait Condamn\u00e9.<\/span> <\/p>\n<p> <span style=\"color: #800000;\">Par Eric.G. Nogard <\/span><span style=\"color: #800000;\"> <\/span><\/p>\n<p>&nbsp;<\/p>\n<p>&nbsp;<\/p>\n<p>&nbsp;<\/p>\n<p><span style=\"color: #0000ff;\">\u00ab\u00a0A moins d\u2019\u00eatre malade au regard des Experts, <\/span><\/p>\n<p><span style=\"color: #0000ff;\">Faire le mal \u00e0 son Prochain est certainement ignoble.<\/span><\/p>\n<p><span style=\"color: #0000ff;\">De R\u00e9parer le Mal fait \u00e0 autrui, on <\/span>&hellip;<\/p>\n","protected":false},"author":1,"featured_media":0,"comment_status":"open","ping_status":"open","sticky":false,"template":"","format":"standard","meta":{"footnotes":""},"categories":[1],"tags":[],"class_list":["post-5916","post","type-post","status-publish","format-standard","hentry","category-accueil"],"_links":{"self":[{"href":"http:\/\/www.lecarrefourdesopinions.ca\/index.php?rest_route=\/wp\/v2\/posts\/5916","targetHints":{"allow":["GET"]}}],"collection":[{"href":"http:\/\/www.lecarrefourdesopinions.ca\/index.php?rest_route=\/wp\/v2\/posts"}],"about":[{"href":"http:\/\/www.lecarrefourdesopinions.ca\/index.php?rest_route=\/wp\/v2\/types\/post"}],"author":[{"embeddable":true,"href":"http:\/\/www.lecarrefourdesopinions.ca\/index.php?rest_route=\/wp\/v2\/users\/1"}],"replies":[{"embeddable":true,"href":"http:\/\/www.lecarrefourdesopinions.ca\/index.php?rest_route=%2Fwp%2Fv2%2Fcomments&post=5916"}],"version-history":[{"count":2,"href":"http:\/\/www.lecarrefourdesopinions.ca\/index.php?rest_route=\/wp\/v2\/posts\/5916\/revisions"}],"predecessor-version":[{"id":5959,"href":"http:\/\/www.lecarrefourdesopinions.ca\/index.php?rest_route=\/wp\/v2\/posts\/5916\/revisions\/5959"}],"wp:attachment":[{"href":"http:\/\/www.lecarrefourdesopinions.ca\/index.php?rest_route=%2Fwp%2Fv2%2Fmedia&parent=5916"}],"wp:term":[{"taxonomy":"category","embeddable":true,"href":"http:\/\/www.lecarrefourdesopinions.ca\/index.php?rest_route=%2Fwp%2Fv2%2Fcategories&post=5916"},{"taxonomy":"post_tag","embeddable":true,"href":"http:\/\/www.lecarrefourdesopinions.ca\/index.php?rest_route=%2Fwp%2Fv2%2Ftags&post=5916"}],"curies":[{"name":"wp","href":"https:\/\/api.w.org\/{rel}","templated":true}]}}