{"id":5894,"date":"2011-05-25T09:07:38","date_gmt":"2011-05-25T13:07:38","guid":{"rendered":"http:\/\/www.lecarrefourdesopinions.ca\/?p=5894"},"modified":"2011-05-25T09:07:38","modified_gmt":"2011-05-25T13:07:38","slug":"presomption-d%e2%80%99innocence-ou-abus-de-langage","status":"publish","type":"post","link":"http:\/\/www.lecarrefourdesopinions.ca\/?p=5894","title":{"rendered":"Pr\u00e9somption d\u2019Innocence ou Abus de Langage"},"content":{"rendered":"<p><span style=\"color: #3366ff;\"><strong><em>Pr\u00e9somption d\u2019Innocence ou Abus de Langage.<\/em><\/strong><\/span><strong> <\/strong><\/p>\n<p><strong><img loading=\"lazy\" decoding=\"async\" class=\"alignleft size-thumbnail wp-image-5895\" title=\"photo \u00c9ric Nogard\" src=\"http:\/\/www.lecarrefourdesopinions.ca\/wp-content\/uploads\/2011\/05\/photo-\u00c9ric-Nogard9-134x107.jpg\" alt=\"\" width=\"134\" height=\"107\" \/><br \/><\/strong><\/p>\n<p><em><span style=\"color: #800000;\">Eric E.G. NOGARD\u00a0\u00a0\u00a0\u00a0\u00a0\u00a0\u00a0\u00a0\u00a0\u00a0\u00a0\u00a0\u00a0 <br \/><\/span><\/em><\/p>\n<p>&nbsp;<\/p>\n<p>La France est donn\u00e9e en Exemple pour le Raffinement de sa Soci\u00e9t\u00e9, et sa R\u00e9putation dans ce Domaine est donn\u00e9e en Proverbe\u00a0:<\/p>\n<p>&nbsp;<\/p>\n<p>Ne dit-on pas\u00a0:<\/p>\n<p>&nbsp;<\/p>\n<p><em>Le Raffinement Fran\u00e7ais, le Flegme Britannique, le Fair Play Am\u00e9ricain.<\/em><\/p>\n<p>&nbsp;<\/p>\n<p>Et ce n\u2019est pas pour rien, rien de cela n\u2019est Usurp\u00e9.<\/p>\n<p>&nbsp;<\/p>\n<p>&nbsp;<\/p>\n<p>Mais, parler de \u00ab\u00a0Pr\u00e9somption d\u2019Innocence\u00a0\u00bb \u00e0 la Fran\u00e7aise nous appara\u00eet, non pas comme un Coquetterie, mais un Abus de Langage en m\u00eame temps qu\u2019un Affront pour si peu qu\u2019on y pense, en mati\u00e8re Judiciaire.<\/p>\n<p>&nbsp;<\/p>\n<p>&nbsp;<\/p>\n<p>Nos observations sur le sujet son rendues n\u00e9cessaires par le fait que, ceux qui devraient les exprimer s\u2019abstenant de le faire, ce qui se dit \u00e7a et l\u00e0 tourne \u00e0 la Tour de Babel.<\/p>\n<p>&nbsp;<\/p>\n<p><span style=\"color: #800000;\"><br \/><\/span><\/p>\n<p><span style=\"color: #800000;\"><strong><em>La Pr\u00e9somption d\u2019Innocence, qu\u2019est-ce que c\u2019est\u00a0:<\/em><\/strong><\/span><\/p>\n<p>&nbsp;<\/p>\n<p>Tout simplement un Apanage, un Droit, un Privil\u00e8ge, bref, une \u00ab\u00a0Trinit\u00e9\u00a0\u00bb dont jouit tout ressortissant de tout Pays de Droit.<\/p>\n<p>&nbsp;<\/p>\n<p>Une \u00ab\u00a0Trinit\u00e9\u00a0\u00bb, une Supposition pour mieux dire, celle qu\u2019on n\u2019a aucun compte \u00e0 \u00e9claircir avec la Justice.<\/p>\n<p>&nbsp;<\/p>\n<p>Ainsi, tout Pr\u00e9sum\u00e9 Innocent vit en Paix chez-lui, est Libre d\u2019aller et venir o\u00f9 bon lui semble et \u00e0 sa convenance, dans les Limites de la L\u00e9galit\u00e9.<\/p>\n<p>&nbsp;<\/p>\n<p>C\u2019est \u00e7a la Pr\u00e9somption d\u2019Innocence, elle Suppose l\u2019Honn\u00eatet\u00e9.<\/p>\n<p>&nbsp;<\/p>\n<p><span style=\"color: #800000;\"><br \/><\/span><\/p>\n<p><span style=\"color: #800000;\"><strong><em>En revanche, d\u00e8s lors que la Police Vous Interpelle.<\/em><\/strong><\/span><\/p>\n<p>&nbsp;<\/p>\n<p>Vous \u00eates Pr\u00e9sum\u00e9 Coupable d\u00e8s lors que la Police vous Interpelle.<\/p>\n<p>Car la Police ne fait rien \u00e0 la l\u00e9g\u00e8re et c\u2019est tr\u00e8s bien, qu\u2019on lui en rende Hommage.<\/p>\n<p>&nbsp;<\/p>\n<p>La Police est l\u2019Incarnation du Besoin de Transparence au point qu\u2019il est juste de dire qu\u2019une Interpellation Polici\u00e8re implique non seulement l\u2019existence d\u2019un Compte \u00e0 \u00e9claircir, mais la n\u00e9cessit\u00e9 de l\u2019\u00e9claircir, de le rendre Transparent \u00e0 la Soci\u00e9t\u00e9, ce qui suppose qu\u2019on doive s\u2019y pr\u00eater comme au diagnostic de son M\u00e9decin.<\/p>\n<p>&nbsp;<\/p>\n<p>La Police ne R\u00e8gle pas les Comptes. R\u00e9gler les Comptes est une Pr\u00e9rogative du Juge. Et pas de Juge quand les Comptes sont en R\u00e8gle. Quand ils ne le paraissent pas, on est conseill\u00e9 et d\u00e9fendu par son Avocat dans un D\u00e9bat Contradictoire.<\/p>\n<p>&nbsp;<\/p>\n<p>Qu\u2019on perde son Proc\u00e8s\u00a0? comme dirait Goethe, cela vaut mieux qu\u2019un Grand D\u00e9sordre.<\/p>\n<p>&nbsp;<\/p>\n<p><span style=\"color: #800000;\"><br \/><\/span><\/p>\n<p><span style=\"color: #800000;\"><strong><em>Mais comment lever une Pr\u00e9somption de Culpabilit\u00e9.<\/em><\/strong><\/span><\/p>\n<p>&nbsp;<\/p>\n<p>Comment lever une Pr\u00e9somption de Culpabilit\u00e9 sans Preuves ni T\u00e9moins.<\/p>\n<p>&nbsp;<\/p>\n<p>Et Comment R\u00e9unir et des Preuves et des T\u00e9moignages si le Pr\u00e9sum\u00e9 Coupable est prot\u00e9g\u00e9 par un voile plus \u00e9pais que la Burka.<\/p>\n<p>&nbsp;<\/p>\n<p>D\u00e8s lors, il semble PRIMORDIAL que le PREVENU soit pr\u00e9sent\u00e9 comme doit l\u2019\u00eatre Tout Pr\u00e9venu, \u00e0 Visage D\u00e9couvert et sans Danger, donc aux Fers ou Encadr\u00e9, afin que chacun le Reconnaisse, puisse Prouver ou T\u00e9moigner.<\/p>\n<p>&nbsp;<\/p>\n<p><span style=\"color: #800000;\"><strong><em>Etant bien entendu que chacun doit savoir\u00a0:<\/em><\/strong><\/span><\/p>\n<p>&nbsp;<\/p>\n<ul>\n<li>A quoi il s\u2019expose en cas de Faux T\u00e9moignage ou de Fausse Preuve.<\/li>\n<\/ul>\n<p>&nbsp;<\/p>\n<ul>\n<li>Qu\u2019il doit se Taire \u00e0 Tout Jamais s\u2019il manque \u00e0 l\u2019obligation tacite qui lui est faite de Prouver et de T\u00e9moigner en CONSCIENCE au cours de l\u2019Instruction faite au cours de la Pr\u00e9vention.<\/li>\n<\/ul>\n<p>&nbsp;<\/p>\n<p>Il va de soi, bien entendu, que tout T\u00e9moin soit mis sous Protection de la Loi, au m\u00eame titre que le Pr\u00e9venu lui-m\u00eame.<\/p>\n<p>&nbsp;<\/p>\n<p>Les Chefs d\u2019Accusation \u00e9tant signifi\u00e9s, les T\u00e9moignages recueillis et les Preuves Etablies, il appartient au Pr\u00e9venu de se Justifier.<\/p>\n<p>&nbsp;<\/p>\n<p>Et comme le veut la Soci\u00e9t\u00e9, s\u2019il y parvient, il est LIBRE.<\/p>\n<p>&nbsp;<\/p>\n<p>A d\u00e9faut, qu\u2019il soit livr\u00e9 au Juge Conform\u00e9ment \u00e0 la Loi.<\/p>\n<p>&nbsp;<\/p>\n<p>Si dure soit-elle, la Loi doit \u00eatre la Loi.<\/p>\n<p>&nbsp;<\/p>\n<p><span style=\"color: #800000;\"><br \/><\/span><\/p>\n<p><span style=\"color: #800000;\"><strong><em>Le tout est de savoir ce qu\u2019on souhaite et ce qu\u2019on veut pour la Soci\u00e9t\u00e9 \u00e0 laquelle on appartient.<\/em><\/strong><\/span><\/p>\n<p>&nbsp;<\/p>\n<p>Qu\u2019on la Veuille Magouillarde, pourquoi pas\u00a0? Que Vive la Cagoule.<\/p>\n<p>&nbsp;<\/p>\n<p>Qu\u2019on la Veuille Transparente et Honn\u00eate, sans la moindre h\u00e9sitation, je sugg\u00e8re la Police et la Justice Am\u00e9ricaines, n\u2019en d\u00e9plaise \u00e0 Madame GUIGOU \u2013 Affaire DSK sur Europe 1.<\/p>\n<p>&nbsp;<\/p>\n<p>Nous devons reconna\u00eetre que le Voile favorise la fraude,<\/p>\n<p>Et nous devons reconna\u00eetre Ex-aeco et bono,<\/p>\n<p>Que la Fraude Corrompt Tout, m\u00eame le sens des Mots, d\u2019o\u00f9 l\u2019Abus de Langage qui pour nous est une Marque d\u2019Ind\u00e9cence.<\/p>\n<p><img loading=\"lazy\" decoding=\"async\" class=\"alignleft size-large wp-image-5896\" title=\"Accompagner un enfant\" src=\"http:\/\/www.lecarrefourdesopinions.ca\/wp-content\/uploads\/2011\/05\/Accompagner-un-enfant2-704x1023.jpg\" alt=\"\" width=\"450\" height=\"653\" srcset=\"http:\/\/www.lecarrefourdesopinions.ca\/wp-content\/uploads\/2011\/05\/Accompagner-un-enfant2-704x1023.jpg 704w, http:\/\/www.lecarrefourdesopinions.ca\/wp-content\/uploads\/2011\/05\/Accompagner-un-enfant2-206x300.jpg 206w, http:\/\/www.lecarrefourdesopinions.ca\/wp-content\/uploads\/2011\/05\/Accompagner-un-enfant2-400x581.jpg 400w, http:\/\/www.lecarrefourdesopinions.ca\/wp-content\/uploads\/2011\/05\/Accompagner-un-enfant2.jpg 1774w\" sizes=\"auto, (max-width: 450px) 100vw, 450px\" \/><\/p>\n<p>&nbsp;<\/p>\n<p>&nbsp;<\/p>\n<script type=\"text\/javascript\">\n\nvar addthis_config = {\"data_track_clickback\":false,\"data_track_addressbar\":false,\"data_track_textcopy\":false};\n<\/script><script type=\"text\/javascript\" src=\"\/\/s7.addthis.com\/js\/250\/addthis_widget.js#pubid=a457a6d63fb9e6ccabdde4110343bd85\"><\/script>","protected":false},"excerpt":{"rendered":"<p><span style=\"color: #3366ff;\">Pr\u00e9somption d\u2019Innocence ou Abus de Langage.<\/span> <\/p>\n<\/p>\n<p><span style=\"color: #800000;\">Eric E.G. NOGARD\u00a0\u00a0\u00a0\u00a0\u00a0\u00a0\u00a0\u00a0\u00a0\u00a0\u00a0\u00a0\u00a0 <\/span><\/p>\n<p>&nbsp;<\/p>\n<p>La France est donn\u00e9e en Exemple pour le Raffinement de sa Soci\u00e9t\u00e9, et sa R\u00e9putation dans ce Domaine est donn\u00e9e en Proverbe\u00a0:<\/p>\n<p>&nbsp;<\/p>\n<p>Ne dit-on pas\u00a0&hellip;<\/p>\n","protected":false},"author":1,"featured_media":0,"comment_status":"open","ping_status":"open","sticky":false,"template":"","format":"standard","meta":{"footnotes":""},"categories":[1],"tags":[],"class_list":["post-5894","post","type-post","status-publish","format-standard","hentry","category-accueil"],"_links":{"self":[{"href":"http:\/\/www.lecarrefourdesopinions.ca\/index.php?rest_route=\/wp\/v2\/posts\/5894","targetHints":{"allow":["GET"]}}],"collection":[{"href":"http:\/\/www.lecarrefourdesopinions.ca\/index.php?rest_route=\/wp\/v2\/posts"}],"about":[{"href":"http:\/\/www.lecarrefourdesopinions.ca\/index.php?rest_route=\/wp\/v2\/types\/post"}],"author":[{"embeddable":true,"href":"http:\/\/www.lecarrefourdesopinions.ca\/index.php?rest_route=\/wp\/v2\/users\/1"}],"replies":[{"embeddable":true,"href":"http:\/\/www.lecarrefourdesopinions.ca\/index.php?rest_route=%2Fwp%2Fv2%2Fcomments&post=5894"}],"version-history":[{"count":3,"href":"http:\/\/www.lecarrefourdesopinions.ca\/index.php?rest_route=\/wp\/v2\/posts\/5894\/revisions"}],"predecessor-version":[{"id":5911,"href":"http:\/\/www.lecarrefourdesopinions.ca\/index.php?rest_route=\/wp\/v2\/posts\/5894\/revisions\/5911"}],"wp:attachment":[{"href":"http:\/\/www.lecarrefourdesopinions.ca\/index.php?rest_route=%2Fwp%2Fv2%2Fmedia&parent=5894"}],"wp:term":[{"taxonomy":"category","embeddable":true,"href":"http:\/\/www.lecarrefourdesopinions.ca\/index.php?rest_route=%2Fwp%2Fv2%2Fcategories&post=5894"},{"taxonomy":"post_tag","embeddable":true,"href":"http:\/\/www.lecarrefourdesopinions.ca\/index.php?rest_route=%2Fwp%2Fv2%2Ftags&post=5894"}],"curies":[{"name":"wp","href":"https:\/\/api.w.org\/{rel}","templated":true}]}}