{"id":5851,"date":"2011-05-17T19:38:00","date_gmt":"2011-05-17T23:38:00","guid":{"rendered":"http:\/\/www.lecarrefourdesopinions.ca\/?p=5851"},"modified":"2011-05-19T12:58:09","modified_gmt":"2011-05-19T16:58:09","slug":"presentation-du-lycee-st-staszic-a-ostrowiec-sw-en-pologne","status":"publish","type":"post","link":"http:\/\/www.lecarrefourdesopinions.ca\/?p=5851","title":{"rendered":"PR\u00c9SENTATION DU LYC\u00c9E ST-STASZIC \u00c0 OSTROWIEC SW. EN POLOGNE"},"content":{"rendered":"<p><em> <\/em><\/p>\n<p><em><img loading=\"lazy\" decoding=\"async\" class=\"alignleft size-thumbnail wp-image-5857\" title=\"prof Joanna Gibalska\" src=\"http:\/\/www.lecarrefourdesopinions.ca\/wp-content\/uploads\/2011\/05\/prof-Joanna-Gibalska3-134x107.jpg\" alt=\"\" width=\"134\" height=\"107\" \/><\/em><\/p>\n<p>&nbsp;<\/p>\n<h3 style=\"text-align: center;\"><span style=\"color: #000000;\"><span style=\"color: #121711;\">Pr\u00e9sentation du lyc\u00e9e St-Staszic \u00e0 Ostrowiec Sw. en Pologne<\/span><em><br \/><\/em><\/span><\/h3>\n<p>&nbsp;<\/p>\n<p><span style=\"color: #ffffff;\">.<\/span><\/p>\n<p><span style=\"color: #ffffff;\"><span style=\"color: #ffffff;\">.<\/span><\/span><\/p>\n<p><em>Par Joanna Gibalska professeur de fran\u00e7ais en Pologne<\/em><\/p>\n<p style=\"text-align: center;\">\n<p style=\"text-align: center;\">\n<p style=\"text-align: center;\"><em><br \/><\/em><\/p>\n<p style=\"text-align: center;\"><img loading=\"lazy\" decoding=\"async\" class=\"size-full wp-image-5876 aligncenter\" title=\"logo du lyc\u00e9e\" src=\"http:\/\/www.lecarrefourdesopinions.ca\/wp-content\/uploads\/2011\/05\/logo-du-lyc\u00e9e1.jpg\" alt=\"\" width=\"162\" height=\"156\" \/><\/p>\n<p><em> <\/em><\/p>\n<p>Le Lyc\u00e9e N\u00b0 1 St.Staszic \u00e0 Ostrowiec Sw. en Pologne est une \u00e9cole avec \u00a0105 ans de tradition.\u00a0 Nous avons les classes litt\u00e9raires, de sciences naturelles, europ\u00e9ennes, des langues, d\u2019informatique\u00a0 et de math\u00e9matiques. Les \u00e9l\u00e8ves peuvent y choisir plusieurs langues \u00e9trang\u00e8res.<\/p>\n<p>En premi\u00e8re langue l\u2019\u00e9l\u00e8ve peut choisir entre l\u2019anglais et l\u2019allemand\u00a0; et en deuxi\u00e8me langue\u00a0: l\u2019anglais, l\u2019allemand, le russe, le fran\u00e7ais,\u00a0l\u2019espagnol , l\u2019italien et le latin. C\u2019est la plus large possibilit\u00e9 offerte<em> <\/em>dans notre r\u00e9gion<em>.<\/em><\/p>\n<p>&nbsp;<\/p>\n<p>Actuellement, notre lyc\u00e9e compte 573 \u00e9l\u00e8ves dont 59 seulement apprennent le fran\u00e7ais, soit 10,2%. Les \u00e9l\u00e8ves ont 2 ou 3 s\u00e9ances de cours de 45 minutes par semaine. Ce n\u2019est pas beaucoup\u00a0; alors, j\u2019ai organis\u00e9 \u00ab\u00a0le cercle de fran\u00e7ais\u00a0\u00bb- les cours suppl\u00e9mentaires pour ceux qui souhaitent approfondir leur connaissance de cette belle langue de Moli\u00e8re. Le mat\u00e9riel p\u00e9dagogique est simple\u00a0: les manuels de fran\u00e7ais et l\u2019indispensable magn\u00e9tophone.. J\u2019utilise \u00e9galement les nouvelles technologies gr\u00e2ce \u00e0 la salle d\u2019informatique, bien \u00e9quip\u00e9e, que les coll\u00e8gues mettent \u00e0 ma disposition.<\/p>\n<p>Les \u00e9l\u00e8ves qui choisissent d\u2019apprendre ainsi le fran\u00e7ais viennent de diff\u00e9rentes classes, ils sont bien motiv\u00e9s et l\u2019aiment beaucoup. Il est vrai que cette langue n\u2019est pas ais\u00e9e pour les Polonais et que les autres langues romanes comme l\u2019espagnol et l\u2019italien sont r\u00e9put\u00e9es plus faciles et plus \u00e0 la mode aujourd\u2019hui, mais dans notre lyc\u00e9e je fais mon possible pour encourager les \u00e9l\u00e8ves et leur en faciliter l\u2019\u00e9tude .<\/p>\n<p>&nbsp;<\/p>\n<p>Ce concours organis\u00e9 gr\u00e2ce \u00e0 votre magazine a aussi \u00e9t\u00e9 un encouragement pour nos \u00e9l\u00e8ves et les a motiv\u00e9s dans leur travail et nous tenons \u00e0 vous en remercier, ainsi que ma coll\u00e8gue du lyc\u00e9e N\u00b0 II \u00a0professeure Anna Nowicka qui nous a invit\u00e9s \u00e0 y prendre part.<\/p>\n<p>&nbsp;<\/p>\n<p>Cordialement.<\/p>\n<p>&nbsp;<\/p>\n<p>Joanna Gibalska<\/p>\n<p>professeur de fran\u00e7ais<\/p>\n<p>&nbsp;<\/p>\n<script type=\"text\/javascript\">\n\nvar addthis_config = {\"data_track_clickback\":false,\"data_track_addressbar\":false,\"data_track_textcopy\":false};\n<\/script><script type=\"text\/javascript\" src=\"\/\/s7.addthis.com\/js\/250\/addthis_widget.js#pubid=a457a6d63fb9e6ccabdde4110343bd85\"><\/script>","protected":false},"excerpt":{"rendered":"<\/p>\n<p>&nbsp;<\/p>\n<p><span style=\"color: #000000;\"><span style=\"color: #121711;\">Pr\u00e9sentation du lyc\u00e9e St-Staszic \u00e0 Ostrowiec Sw. en Pologne<\/span><\/span><\/p>\n<p>&nbsp;<\/p>\n<p><span style=\"color: #ffffff;\">.<\/span><\/p>\n<p><span style=\"color: #ffffff;\"><span style=\"color: #ffffff;\">.<\/span><\/span><\/p>\n<p>Par Joanna Gibalska professeur de fran\u00e7ais en Pologne<\/p>\n<p style=\"text-align: center;\">\n<p style=\"text-align: center;\">\n<p style=\"text-align: center;\">\n<p style=\"text-align: center;\">\n<\/p>\n<p>Le Lyc\u00e9e N\u00b0 1 St.Staszic \u00e0 Ostrowiec Sw. en Pologne est une \u00e9cole avec \u00a0105 ans &hellip;<\/p>\n","protected":false},"author":1,"featured_media":0,"comment_status":"open","ping_status":"open","sticky":false,"template":"","format":"standard","meta":{"footnotes":""},"categories":[1],"tags":[],"class_list":["post-5851","post","type-post","status-publish","format-standard","hentry","category-accueil"],"_links":{"self":[{"href":"http:\/\/www.lecarrefourdesopinions.ca\/index.php?rest_route=\/wp\/v2\/posts\/5851","targetHints":{"allow":["GET"]}}],"collection":[{"href":"http:\/\/www.lecarrefourdesopinions.ca\/index.php?rest_route=\/wp\/v2\/posts"}],"about":[{"href":"http:\/\/www.lecarrefourdesopinions.ca\/index.php?rest_route=\/wp\/v2\/types\/post"}],"author":[{"embeddable":true,"href":"http:\/\/www.lecarrefourdesopinions.ca\/index.php?rest_route=\/wp\/v2\/users\/1"}],"replies":[{"embeddable":true,"href":"http:\/\/www.lecarrefourdesopinions.ca\/index.php?rest_route=%2Fwp%2Fv2%2Fcomments&post=5851"}],"version-history":[{"count":5,"href":"http:\/\/www.lecarrefourdesopinions.ca\/index.php?rest_route=\/wp\/v2\/posts\/5851\/revisions"}],"predecessor-version":[{"id":5874,"href":"http:\/\/www.lecarrefourdesopinions.ca\/index.php?rest_route=\/wp\/v2\/posts\/5851\/revisions\/5874"}],"wp:attachment":[{"href":"http:\/\/www.lecarrefourdesopinions.ca\/index.php?rest_route=%2Fwp%2Fv2%2Fmedia&parent=5851"}],"wp:term":[{"taxonomy":"category","embeddable":true,"href":"http:\/\/www.lecarrefourdesopinions.ca\/index.php?rest_route=%2Fwp%2Fv2%2Fcategories&post=5851"},{"taxonomy":"post_tag","embeddable":true,"href":"http:\/\/www.lecarrefourdesopinions.ca\/index.php?rest_route=%2Fwp%2Fv2%2Ftags&post=5851"}],"curies":[{"name":"wp","href":"https:\/\/api.w.org\/{rel}","templated":true}]}}