{"id":5829,"date":"2011-05-17T19:33:38","date_gmt":"2011-05-17T23:33:38","guid":{"rendered":"http:\/\/www.lecarrefourdesopinions.ca\/?p=5829"},"modified":"2011-05-17T19:33:38","modified_gmt":"2011-05-17T23:33:38","slug":"que-la-france-se-rassure-mais%e2%80%a6-qu%e2%80%99elle-sache","status":"publish","type":"post","link":"http:\/\/www.lecarrefourdesopinions.ca\/?p=5829","title":{"rendered":"Que la France se rassure mais\u2026 qu\u2019elle sache"},"content":{"rendered":"<p><strong><span style=\"color: #3366ff;\">Que la France se rassure mais\u2026 qu\u2019elle sache<\/span>. <\/strong><\/p>\n<p><img loading=\"lazy\" decoding=\"async\" class=\"alignleft size-thumbnail wp-image-5830\" title=\"photo \u00c9ric Nogard\" src=\"http:\/\/www.lecarrefourdesopinions.ca\/wp-content\/uploads\/2011\/05\/photo-\u00c9ric-Nogard5-134x107.jpg\" alt=\"\" width=\"134\" height=\"107\" \/> <em><span style=\"color: #800000;\"> Par<strong> <\/strong>Eric E.G. NOGARD\u00a0\u00a0\u00a0\u00a0\u00a0 <br \/><\/span><\/em><\/p>\n<p>&nbsp;<\/p>\n<p>&nbsp;<\/p>\n<p>Que la France se rassure, Dominique STRAUSS-KHAN ne la couvre pas de honte, m\u00eame s\u2019il la rend malheureuse.<\/p>\n<p>&nbsp;<\/p>\n<p>Que la maladie soit un malheur, c\u2019est vrai, et m\u00eame parfois un grand malheur, mais jamais une honte.<\/p>\n<p>&nbsp;<\/p>\n<p>Ce qui ne veut pas dire qu\u2019il n\u2019y ait pas de Honte quelque part.<\/p>\n<p>&nbsp;<\/p>\n<p>La Maladie se soigne, la Honte peut se racheter.<\/p>\n<p>La Maladie se soigne \u00e0 condition que le malade y consente et s\u2019y pr\u00eate.<\/p>\n<p>La Honte se rach\u00e8te, c\u2019est affaire de Courage, de Transcendance.<\/p>\n<p>Consentir\u2026 Transcender\u2026 des mots faciles \u00e0 dire.<\/p>\n<p>&nbsp;<\/p>\n<p>&nbsp;<\/p>\n<p>Pour illustrer mon propos, l\u2019Ex-Directeur d\u2019une petite Banque Martiniquaise parrain\u00e9e par une Banque Fran\u00e7aise son Homologue.<\/p>\n<p>&nbsp;<\/p>\n<p>Pour avoir d\u00e9nonc\u00e9 par un refus d\u2019ob\u00e9issance le c\u00f4t\u00e9 pervers de ce Directeur, un Honn\u00eate Employ\u00e9 devint la B\u00eate Noire du Personnel d\u2019Encadrement, mis \u00e0 la Porte, Excommuni\u00e9, Condamn\u00e9 \u00e0 mourir de Faim.<\/p>\n<p>&nbsp;<\/p>\n<p>Peu apr\u00e8s, le bonhomme fut Convaincu d\u2019Escroquerie, s\u00e9v\u00e8rement Condamn\u00e9 et il fut pardonn\u00e9 de ses M\u00e9faits par sa Victime\u00a0: un pervers n\u2019est-il pas un malade, une maladie n\u2019est-elle pas un Malheur plut\u00f4t qu\u2019une Honte.<\/p>\n<p>&nbsp;<\/p>\n<p>Et pour illustrer mon propos, tous ceux qui, en aval, comme en amont de cette soci\u00e9t\u00e9 savaient et pourtant ont favoris\u00e9 la Perversion du Malade pour en tirer profit, sans \u00e9gard ni consid\u00e9ration pour ses victimes\u2026 C\u2019est \u00e7a la HONTE.<\/p>\n<p>&nbsp;<\/p>\n<p>Et cette soci\u00e9t\u00e9 n\u2019a ni compris ni cherch\u00e9 \u00e0 comprendre comment la Martinique a pu se faire frustrer d\u2019une Banque qui \u00e9tait bien \u00e0 elle et qui est aujourd\u2019hui comme Jonas dans le ventre de la Baleine, pour toujours cette fois.<\/p>\n<p>&nbsp;<\/p>\n<p>Et aucune Collectivit\u00e9 n\u2019a investigu\u00e9 ni ne s\u2019est constitu\u00e9e Partie Civile pour comprendre la machination qui a consist\u00e9 \u00e0 laisser faire un pervers et ses adulateurs pour s\u2019approprier l\u2019une des Banques de la Martinique.<\/p>\n<p>&nbsp;<\/p>\n<p>La Honte n\u2019est-elle pas de tirer profit d\u2019un malade en voilant sa maladie aux d\u00e9pens de ses victimes.<\/p>\n<p>&nbsp;<\/p>\n<p>&nbsp;<\/p>\n<p>Pour en venir \u00e0 Dominique STRAUSS-KAHN, tout en ayant le souci de la Pr\u00e9somption d\u2019Innocence dont-il a droit.<\/p>\n<p>&nbsp;<\/p>\n<p>Il est assez douteux que la Police Am\u00e9ricaine agisse \u00e0 la l\u00e9g\u00e8re.<\/p>\n<p>&nbsp;<\/p>\n<p>Selon la rumeur, notre V.I.P. ne serait ni \u00e0 son coup d\u2019essai, ni \u00e0 sa premi\u00e8re victime, par voie de cons\u00e9quence.<\/p>\n<p>&nbsp;<\/p>\n<p>D\u2019ailleurs (est-il possible de dire), on n\u2019attend pas d\u2019\u00eatre \u00e0 la t\u00eate du F.M.I., \u00e0 l\u2019\u00e2ge de 62 ans, pour s\u2019offrir ce genre de Perversion\u00a0: on l\u2019a depuis le ventre de sa M\u00e8re.<\/p>\n<p>&nbsp;<\/p>\n<p>Dominique STRAUSS-KAHN \u00e9tait malade cela se savait, cela se cachait avec soin par les adulateurs dont on sait qu\u2019ils ne sont jamais d\u00e9sint\u00e9ress\u00e9s.<\/p>\n<p>&nbsp;<\/p>\n<p>Et cela se savait, surtout par les victimes qui avaient \u00e0 bien tenir leur langue pour ne pas subir le martyr de mon Employ\u00e9 de Banque dans toute une vie d\u2019exclusion,<\/p>\n<p>&nbsp;<\/p>\n<p><strong>Et c\u2019est \u00e7a la HONTE<\/strong>.<\/p>\n<p>&nbsp;<\/p>\n<p>La Honte est cette complicit\u00e9 qui emp\u00eache le malade de gu\u00e9rir tout en achevant la victime.<\/p>\n<p>&nbsp;<\/p>\n<p>Que la France se le dise\u2026 mais aussi qu\u2019elle sache.<\/p>\n<p>&nbsp;<\/p>\n<p>&nbsp;<\/p>\n<p>Que la France sache enfin que sur son Sol, nombreuses sont les Victimes d\u2019une Soci\u00e9t\u00e9 Corrompue qui la Couvre de Honte en profitant de fa\u00e7on indigne de la Maladie de Gens qui ne conna\u00eetraient pas certains d\u00e9boires s\u2019ils avaient \u00e9t\u00e9 d\u00e9voil\u00e9s et soign\u00e9s.<\/p>\n<p>&nbsp;<\/p>\n<p>Que la France sache que sur son Sol, les Victimes de Gens Hauts Plac\u00e9s mais Pervers sont nombreuses.<\/p>\n<p>&nbsp;<\/p>\n<p>Que la France sache que l\u2019Excommunication de ces Malheureuses Victimes est certes le Fait de Ces Pervers auxquels les Corrompus n\u2019h\u00e9sitent pas \u00e0 pr\u00eater main-forte, tant \u00e0 leur Maladie qu\u2019\u00e0 ses Cons\u00e9quences.<\/p>\n<p>&nbsp;<\/p>\n<p>&nbsp;<\/p>\n<p><span style=\"color: #800000;\"><strong>La Maladie n\u2019est pas une Honte, la Corruption en est Une,<\/strong><\/span><\/p>\n<p><span style=\"color: #800000;\"><strong>Une Honte aux Mille et un Visages.<\/strong><\/span><\/p>\n<p><span style=\"color: #800000;\"><strong>D\u00e9ifier l\u2019Homme en est un\u2026 qu\u2019on y prenne garde.<\/strong><\/span><\/p>\n<p>&nbsp;<\/p>\n<p>&nbsp;<\/p>\n<p>&nbsp;<\/p>\n<p>&nbsp;<\/p>\n<p>&nbsp;<\/p>\n<script type=\"text\/javascript\">\n\nvar addthis_config = {\"data_track_clickback\":false,\"data_track_addressbar\":false,\"data_track_textcopy\":false};\n<\/script><script type=\"text\/javascript\" src=\"\/\/s7.addthis.com\/js\/250\/addthis_widget.js#pubid=a457a6d63fb9e6ccabdde4110343bd85\"><\/script>","protected":false},"excerpt":{"rendered":"<p><span style=\"color: #3366ff;\">Que la France se rassure mais\u2026 qu\u2019elle sache<\/span>. <\/p>\n<p> <span style=\"color: #800000;\"> Par Eric E.G. NOGARD\u00a0\u00a0\u00a0\u00a0\u00a0 <\/span><\/p>\n<p>&nbsp;<\/p>\n<p>&nbsp;<\/p>\n<p>Que la France se rassure, Dominique STRAUSS-KHAN ne la couvre pas de honte, m\u00eame s\u2019il la rend malheureuse.<\/p>\n<p>&nbsp;<\/p>\n<p>Que la maladie &hellip;<\/p>\n","protected":false},"author":1,"featured_media":0,"comment_status":"open","ping_status":"open","sticky":false,"template":"","format":"standard","meta":{"footnotes":""},"categories":[1],"tags":[],"class_list":["post-5829","post","type-post","status-publish","format-standard","hentry","category-accueil"],"_links":{"self":[{"href":"http:\/\/www.lecarrefourdesopinions.ca\/index.php?rest_route=\/wp\/v2\/posts\/5829","targetHints":{"allow":["GET"]}}],"collection":[{"href":"http:\/\/www.lecarrefourdesopinions.ca\/index.php?rest_route=\/wp\/v2\/posts"}],"about":[{"href":"http:\/\/www.lecarrefourdesopinions.ca\/index.php?rest_route=\/wp\/v2\/types\/post"}],"author":[{"embeddable":true,"href":"http:\/\/www.lecarrefourdesopinions.ca\/index.php?rest_route=\/wp\/v2\/users\/1"}],"replies":[{"embeddable":true,"href":"http:\/\/www.lecarrefourdesopinions.ca\/index.php?rest_route=%2Fwp%2Fv2%2Fcomments&post=5829"}],"version-history":[{"count":2,"href":"http:\/\/www.lecarrefourdesopinions.ca\/index.php?rest_route=\/wp\/v2\/posts\/5829\/revisions"}],"predecessor-version":[{"id":5843,"href":"http:\/\/www.lecarrefourdesopinions.ca\/index.php?rest_route=\/wp\/v2\/posts\/5829\/revisions\/5843"}],"wp:attachment":[{"href":"http:\/\/www.lecarrefourdesopinions.ca\/index.php?rest_route=%2Fwp%2Fv2%2Fmedia&parent=5829"}],"wp:term":[{"taxonomy":"category","embeddable":true,"href":"http:\/\/www.lecarrefourdesopinions.ca\/index.php?rest_route=%2Fwp%2Fv2%2Fcategories&post=5829"},{"taxonomy":"post_tag","embeddable":true,"href":"http:\/\/www.lecarrefourdesopinions.ca\/index.php?rest_route=%2Fwp%2Fv2%2Ftags&post=5829"}],"curies":[{"name":"wp","href":"https:\/\/api.w.org\/{rel}","templated":true}]}}