{"id":5694,"date":"2011-05-17T19:40:46","date_gmt":"2011-05-17T23:40:46","guid":{"rendered":"http:\/\/www.lecarrefourdesopinions.ca\/?p=5694"},"modified":"2011-05-19T11:19:44","modified_gmt":"2011-05-19T15:19:44","slug":"concours-quebecois-du-journal-le-carrefour-des-opinions-pour-la-promotion-de-la-langue-francaise-en-pologne","status":"publish","type":"post","link":"http:\/\/www.lecarrefourdesopinions.ca\/?p=5694","title":{"rendered":"CONCOURS QU\u00c9B\u00c9COIS DU JOURNAL LE CARREFOUR DES OPINIONS POUR LA PROMOTION DE LA LANGUE FRAN\u00c7AISE EN POLOGNE"},"content":{"rendered":"<p>Le Carrefour des opinions est tr\u00e8s fier d\u2019avoir particip\u00e9 \u00e0 la promotion de la langue fran\u00e7aise sous la forme d\u2019un concours organis\u00e9 au mois d\u2019avril dernier en collaboration avec des professeurs de lyc\u00e9es d\u2019Ostrowiec, en Pologne, Mesdames Anna Nowicka et Joanna Gibalska.<\/p>\n<div id=\"attachment_5783\" style=\"width: 131px\" class=\"wp-caption alignright\"><img loading=\"lazy\" decoding=\"async\" aria-describedby=\"caption-attachment-5783\" class=\"size-thumbnail wp-image-5783 \" title=\"prof Joanna Gibalska\" src=\"http:\/\/www.lecarrefourdesopinions.ca\/wp-content\/uploads\/2011\/05\/prof-Joanna-Gibalska2-134x107.jpg\" alt=\"\" width=\"121\" height=\"96\" \/><p id=\"caption-attachment-5783\" class=\"wp-caption-text\">Joanna  Gibalska<\/p><\/div>\n<div id=\"attachment_5784\" style=\"width: 131px\" class=\"wp-caption alignright\"><img loading=\"lazy\" decoding=\"async\" aria-describedby=\"caption-attachment-5784\" class=\"size-thumbnail wp-image-5784 \" title=\"Anna Nowicka\" src=\"http:\/\/www.lecarrefourdesopinions.ca\/wp-content\/uploads\/2011\/05\/Anna-Nowicka-134x107.jpg\" alt=\"\" width=\"121\" height=\"96\" \/><p id=\"caption-attachment-5784\" class=\"wp-caption-text\">Anna Nowicka<\/p><\/div>\n<p>.<\/p>\n<p>&nbsp;<\/p>\n<p>&nbsp;<\/p>\n<p style=\"text-align: justify;\">\n<p style=\"text-align: justify;\"><span style=\"color: #ffffff;\">.<\/span><\/p>\n<p style=\"text-align: justify;\"><span style=\"color: #ffffff;\"><span style=\"color: #ffffff;\">.<\/span><\/span><\/p>\n<p style=\"text-align: justify;\"><span style=\"color: #ffffff;\"><span style=\"color: #ffffff;\"><br \/><\/span><\/span><\/p>\n<p style=\"text-align: justify;\">Ce concours qui s\u2019adressait aux \u00e9l\u00e8ves des lyc\u00e9es de cette ville consistait \u00e0 \u00a0choisir un des articles du journal et \u00e0 le r\u00e9sumer.\u00a0 Cette id\u00e9e a entra\u00een\u00e9 la participation enthousiaste d\u2019un grand nombre de jeunes lyc\u00e9ens et lyc\u00e9ennes.<\/p>\n<p style=\"text-align: justify;\"><span style=\"color: #ffffff;\">.<\/span><\/p>\n<p style=\"text-align: justify;\"><span style=\"color: #ffffff;\"><br \/><\/span><\/p>\n<p style=\"text-align: justify;\">La t\u00e2che\u00a0 du jury pour d\u00e9terminer les finalistes fut difficile en raison de la qualit\u00e9 du travail fourni.<\/p>\n<p>Au cours d\u2019une journ\u00e9e \u00abportes ouvertes\u00bb, les r\u00e9sultats ont \u00e9t\u00e9 d\u00e9voil\u00e9s aux participants. <img loading=\"lazy\" decoding=\"async\" class=\"aligncenter size-medium wp-image-5801\" title=\"les officiels\" src=\"http:\/\/www.lecarrefourdesopinions.ca\/wp-content\/uploads\/2011\/05\/les-officiels1-300x200.jpg\" alt=\"\" width=\"300\" height=\"200\" srcset=\"http:\/\/www.lecarrefourdesopinions.ca\/wp-content\/uploads\/2011\/05\/les-officiels1-300x200.jpg 300w, http:\/\/www.lecarrefourdesopinions.ca\/wp-content\/uploads\/2011\/05\/les-officiels1.jpg 357w\" sizes=\"auto, (max-width: 300px) 100vw, 300px\" \/><\/p>\n<p><span style=\"color: #ffffff;\">.<\/span><\/p>\n<p><img loading=\"lazy\" decoding=\"async\" class=\"alignright size-medium wp-image-5804\" title=\"les laur\u00e9ates\" src=\"http:\/\/www.lecarrefourdesopinions.ca\/wp-content\/uploads\/2011\/05\/les-laur\u00e9ates3-300x199.jpg\" alt=\"\" width=\"300\" height=\"199\" srcset=\"http:\/\/www.lecarrefourdesopinions.ca\/wp-content\/uploads\/2011\/05\/les-laur\u00e9ates3-300x199.jpg 300w, http:\/\/www.lecarrefourdesopinions.ca\/wp-content\/uploads\/2011\/05\/les-laur\u00e9ates3.jpg 383w\" sizes=\"auto, (max-width: 300px) 100vw, 300px\" \/><\/p>\n<p>&nbsp;<\/p>\n<p><span style=\"color: #ffffff;\">.<\/span><\/p>\n<p><span style=\"color: #ffffff;\"> <\/span>Six jeunes filles se sont partag\u00e9<\/p>\n<p>les trois\u00a0 premi\u00e8res places.<\/p>\n<p>Le Carrefour des opinions avait pr\u00e9vu<\/p>\n<p>de remettre aux laur\u00e9ates des certificats<\/p>\n<p>et,\u00a0 pour les r\u00e9compenser, de r\u00e9partir entre<\/p>\n<p>les prix d\u00e9cern\u00e9s, une somme de 600$.<\/p>\n<p>&nbsp;<\/p>\n<p>L&rsquo;\u00e9v\u00e8nement a \u00e9t\u00e9 relat\u00e9\u00a0 dans la presse locale<\/p>\n<p>et d\u00e9partementale.<\/p>\n<p>&nbsp;<\/p>\n<p>&nbsp;<\/p>\n<p><span style=\"color: #ffffff;\">.<\/span><\/p>\n<div id=\"attachment_5806\" style=\"width: 144px\" class=\"wp-caption alignright\"><img loading=\"lazy\" decoding=\"async\" aria-describedby=\"caption-attachment-5806\" class=\"size-thumbnail wp-image-5806\" title=\"Wiktoria Czerwonka\" src=\"http:\/\/www.lecarrefourdesopinions.ca\/wp-content\/uploads\/2011\/05\/Wiktoria-Czerwonka2-134x107.jpg\" alt=\"\" width=\"134\" height=\"107\" \/><p id=\"caption-attachment-5806\" class=\"wp-caption-text\">Wiktoria Czerwonka, 1er Prix ex aequo pour \u00abLe fruit du dragon\u00bb<\/p><\/div>\n<div id=\"attachment_5805\" style=\"width: 144px\" class=\"wp-caption alignleft\"><img loading=\"lazy\" decoding=\"async\" aria-describedby=\"caption-attachment-5805\" class=\"size-thumbnail wp-image-5805\" title=\"Karolina Kaptur\" src=\"http:\/\/www.lecarrefourdesopinions.ca\/wp-content\/uploads\/2011\/05\/Karolina-Kaptur-134x107.jpg\" alt=\"\" width=\"134\" height=\"107\" \/><p id=\"caption-attachment-5805\" class=\"wp-caption-text\">Karolina Kaptur 1er Prix ex aequo pour \u00ab 8 mars, journ\u00e9e internationale de la femme et charia\u00bb<\/p><\/div>\n<p><span style=\"color: #ffffff;\"><span style=\"color: #ffffff;\">.<\/span><\/span><\/p>\n<p><span style=\"color: #ffffff;\"><span style=\"color: #ffffff;\"><br \/><\/span><\/span><\/p>\n<p><strong><span style=\"color: #687296;\">Karolina Kaptur et Wictoria Czerwonka<\/span><\/strong> ont re\u00e7u ex aequo le premier prix et une r\u00e9compense de 400 zloty chacune.<\/p>\n<p>&nbsp;<\/p>\n<p>&nbsp;<\/p>\n<p>&nbsp;<\/p>\n<p>&nbsp;<\/p>\n<p><span style=\"color: #ffffff;\">.<\/span><\/p>\n<p><span style=\"color: #ffffff;\"><span style=\"color: #ffffff;\">.<\/span><\/span><\/p>\n<p><span style=\"color: #ffffff;\"><span style=\"color: #ffffff;\"><span style=\"color: #ffffff;\">.<\/span><\/span><\/span><\/p>\n<div id=\"attachment_5807\" style=\"width: 144px\" class=\"wp-caption alignright\"><img loading=\"lazy\" decoding=\"async\" aria-describedby=\"caption-attachment-5807\" class=\"size-thumbnail wp-image-5807\" title=\"Veronika Iljasow\" src=\"http:\/\/www.lecarrefourdesopinions.ca\/wp-content\/uploads\/2011\/05\/Veronika-Iljasow-134x107.jpg\" alt=\"\" width=\"134\" height=\"107\" \/><p id=\"caption-attachment-5807\" class=\"wp-caption-text\">Veronika Iljasow, 2\u00e8me Prix pour \u00abLes oies sauvages\u00bb<\/p><\/div>\n<p><span style=\"color: #ffffff;\"><span style=\"color: #ffffff;\"><span style=\"color: #ffffff;\"><span style=\"color: #ffffff;\">.<\/span><\/span><\/span><\/span><\/p>\n<p><span style=\"color: #ffffff;\"><span style=\"color: #ffffff;\"><span style=\"color: #ffffff;\"><span style=\"color: #ffffff;\"><span style=\"color: #ffffff;\">.<\/span><\/span><\/span><\/span><\/span><\/p>\n<p><span style=\"color: #ffffff;\"><span style=\"color: #ffffff;\"><span style=\"color: #ffffff;\"><span style=\"color: #ffffff;\"><span style=\"color: #ffffff;\"><br \/><\/span><\/span><\/span><\/span><\/span><\/p>\n<p><strong><span style=\"color: #687296;\">V\u00e9ronica Iliasow <\/span><\/strong>a re\u00e7u le deuxi\u00e8me prix d\u2019une valeur de 300 zloty<\/p>\n<p>&nbsp;<\/p>\n<p><span style=\"color: #ffffff;\">.<\/span><\/p>\n<p><span style=\"color: #ffffff;\"><span style=\"color: #ffffff;\">.<\/span><\/span><\/p>\n<p><span style=\"color: #ffffff;\"><span style=\"color: #ffffff;\"><span style=\"color: #ffffff;\">.<\/span><\/span><\/span><\/p>\n<p><span style=\"color: #ffffff;\"><span style=\"color: #ffffff;\"><span style=\"color: #ffffff;\"><span style=\"color: #ffffff;\">.<\/span><\/span><\/span><\/span><\/p>\n<div id=\"attachment_5808\" style=\"width: 144px\" class=\"wp-caption alignleft\"><img loading=\"lazy\" decoding=\"async\" aria-describedby=\"caption-attachment-5808\" class=\"size-thumbnail wp-image-5808\" title=\"Malgorzata Budula\" src=\"http:\/\/www.lecarrefourdesopinions.ca\/wp-content\/uploads\/2011\/05\/Malgorzata-Budula4-134x107.jpg\" alt=\"\" width=\"134\" height=\"107\" \/><p id=\"caption-attachment-5808\" class=\"wp-caption-text\">Malgorzata Budula, 3\u00e8me prix ex aequo pour \u00abLine Boudreau en nomination\u00bb<\/p><\/div>\n<p>&nbsp;<\/p>\n<p><strong><span style=\"color: #687296;\">Margaret Budula,<\/span><\/strong><\/p>\n<div id=\"attachment_5809\" style=\"width: 144px\" class=\"wp-caption alignright\"><strong><span style=\"color: #687296;\"><img loading=\"lazy\" decoding=\"async\" aria-describedby=\"caption-attachment-5809\" class=\"size-thumbnail wp-image-5809 \" title=\"Marlena Wszola\" src=\"http:\/\/www.lecarrefourdesopinions.ca\/wp-content\/uploads\/2011\/05\/Marlena-Wszola2-134x107.jpg\" alt=\"\" width=\"134\" height=\"107\" \/><\/span><\/strong><p id=\"caption-attachment-5809\" class=\"wp-caption-text\">Marlena Wszola, 3\u00e8me Prix ex aequo pour \u00abCatherine Potter, cr\u00e9ation et pr\u00e9sence\u00bb<\/p><\/div>\n<p><strong><span style=\"color: #687296;\">Marlena Wszola et Anna Marczyk<\/span><\/strong><\/p>\n<div id=\"attachment_5812\" style=\"width: 144px\" class=\"wp-caption alignright\"><img loading=\"lazy\" decoding=\"async\" aria-describedby=\"caption-attachment-5812\" class=\"size-thumbnail wp-image-5812\" title=\"Anna marczyk\" src=\"http:\/\/www.lecarrefourdesopinions.ca\/wp-content\/uploads\/2011\/05\/Anna-marczyk1-134x107.jpg\" alt=\"\" width=\"134\" height=\"107\" \/><p id=\"caption-attachment-5812\" class=\"wp-caption-text\">Anna Marczyk, 3\u00e8me Prix ex aequo pour \u00abDes tr\u00e9sors d&#39;art public\u00bb<\/p><\/div>\n<p>ont re\u00e7u ex aequo le troisi\u00e8me prix et\u00a0 une r\u00e9compense de 200 zloty chacune.<\/p>\n<p>&nbsp;<\/p>\n<p>&nbsp;<\/p>\n<p>&nbsp;<\/p>\n<p>&nbsp;<\/p>\n<p>&nbsp;<\/p>\n<p><span style=\"color: #ffffff;\"> <\/span>Le comit\u00e9 de r\u00e9daction a \u00e9t\u00e9 tr\u00e8s favorablement impressionn\u00e9 par la qualit\u00e9 du travail\u00a0: chaque article a \u00e9t\u00e9 analys\u00e9 et compris pour en faire un r\u00e9sum\u00e9 clair et bien \u00e9crit.<span style=\"color: #ffffff;\"><span style=\"color: #ffffff;\"> <\/span><\/span><\/p>\n<p>Le\u00a0 comit\u00e9 de r\u00e9daction et le conseil d\u2019administration du Carrefour des opinions adressent leurs\u00a0 f\u00e9licitations chaleureuses \u00e0 tous les participants et aux finalistes.<\/p>\n<p><span style=\"color: #ffffff;\">.<\/span><\/p>\n<p><span style=\"color: #ffffff;\"><br \/><\/span><\/p>\n<p><span style=\"color: #ffffff;\"><span style=\"color: #ffffff;\"> <\/span><\/span><\/p>\n<p style=\"text-align: center;\"><img loading=\"lazy\" decoding=\"async\" class=\"size-medium wp-image-5826 aligncenter\" title=\"DSC01081\" src=\"http:\/\/www.lecarrefourdesopinions.ca\/wp-content\/uploads\/2011\/05\/DSC01081-225x300.jpg\" alt=\"\" width=\"156\" height=\"207\" srcset=\"http:\/\/www.lecarrefourdesopinions.ca\/wp-content\/uploads\/2011\/05\/DSC01081-225x300.jpg 225w, http:\/\/www.lecarrefourdesopinions.ca\/wp-content\/uploads\/2011\/05\/DSC01081.jpg 259w\" sizes=\"auto, (max-width: 156px) 100vw, 156px\" \/><\/p>\n<p>&nbsp;<\/p>\n<p>Dans l&rsquo;article qui suit, madame Joanna Gibalska nous fait une int\u00e9ressante description du lyc\u00e9e St.Staszic . La langue fran\u00e7aise est bien d\u00e9fendue avec de tels professeurs qui savent motiver et encadrer leurs jeunes \u00e9tudiants.<\/p>\n<p>&nbsp;<\/p>\n<p>&nbsp;<\/p>\n<p>&nbsp;<\/p>\n<p>Au nom du Comit\u00e9 de r\u00e9daction et du Conseil d\u2019administration du Carrefour des opinions<\/p>\n<p>&nbsp;<\/p>\n<p>Abel Claude Arslanian<\/p>\n<p>Pr\u00e9sident du CA<\/p>\n<p>&nbsp;<\/p>\n<p>===============================================================<\/p>\n<script type=\"text\/javascript\">\n\nvar addthis_config = {\"data_track_clickback\":false,\"data_track_addressbar\":false,\"data_track_textcopy\":false};\n<\/script><script type=\"text\/javascript\" src=\"\/\/s7.addthis.com\/js\/250\/addthis_widget.js#pubid=a457a6d63fb9e6ccabdde4110343bd85\"><\/script>","protected":false},"excerpt":{"rendered":"<p>Le Carrefour des opinions est tr\u00e8s fier d\u2019avoir particip\u00e9 \u00e0 la promotion de la langue fran\u00e7aise sous la forme d\u2019un concours organis\u00e9 au mois d\u2019avril dernier en collaboration avec des professeurs de lyc\u00e9es d\u2019Ostrowiec, en Pologne, Mesdames &hellip;<\/p>\n","protected":false},"author":1,"featured_media":0,"comment_status":"open","ping_status":"open","sticky":false,"template":"","format":"standard","meta":{"footnotes":""},"categories":[1],"tags":[],"class_list":["post-5694","post","type-post","status-publish","format-standard","hentry","category-accueil"],"_links":{"self":[{"href":"http:\/\/www.lecarrefourdesopinions.ca\/index.php?rest_route=\/wp\/v2\/posts\/5694","targetHints":{"allow":["GET"]}}],"collection":[{"href":"http:\/\/www.lecarrefourdesopinions.ca\/index.php?rest_route=\/wp\/v2\/posts"}],"about":[{"href":"http:\/\/www.lecarrefourdesopinions.ca\/index.php?rest_route=\/wp\/v2\/types\/post"}],"author":[{"embeddable":true,"href":"http:\/\/www.lecarrefourdesopinions.ca\/index.php?rest_route=\/wp\/v2\/users\/1"}],"replies":[{"embeddable":true,"href":"http:\/\/www.lecarrefourdesopinions.ca\/index.php?rest_route=%2Fwp%2Fv2%2Fcomments&post=5694"}],"version-history":[{"count":5,"href":"http:\/\/www.lecarrefourdesopinions.ca\/index.php?rest_route=\/wp\/v2\/posts\/5694\/revisions"}],"predecessor-version":[{"id":5803,"href":"http:\/\/www.lecarrefourdesopinions.ca\/index.php?rest_route=\/wp\/v2\/posts\/5694\/revisions\/5803"}],"wp:attachment":[{"href":"http:\/\/www.lecarrefourdesopinions.ca\/index.php?rest_route=%2Fwp%2Fv2%2Fmedia&parent=5694"}],"wp:term":[{"taxonomy":"category","embeddable":true,"href":"http:\/\/www.lecarrefourdesopinions.ca\/index.php?rest_route=%2Fwp%2Fv2%2Fcategories&post=5694"},{"taxonomy":"post_tag","embeddable":true,"href":"http:\/\/www.lecarrefourdesopinions.ca\/index.php?rest_route=%2Fwp%2Fv2%2Ftags&post=5694"}],"curies":[{"name":"wp","href":"https:\/\/api.w.org\/{rel}","templated":true}]}}