{"id":5670,"date":"2015-11-02T11:17:21","date_gmt":"2015-11-02T16:17:21","guid":{"rendered":"http:\/\/www.lecarrefourdesopinions.ca\/?p=5670"},"modified":"2015-11-02T11:17:21","modified_gmt":"2015-11-02T16:17:21","slug":"offrir-le-paradis-en-evoquant-lenfer","status":"publish","type":"post","link":"http:\/\/www.lecarrefourdesopinions.ca\/?p=5670","title":{"rendered":"Offrir le Paradis en Evoquant l\u2019Enfer"},"content":{"rendered":"<p><strong><em><span style=\"color: #3366ff;\">Offrir le Paradis en Evoquant l\u2019Enfer<\/span>.<\/em><\/strong><\/p>\n<p><span style=\"color: #800000;\"><em><img loading=\"lazy\" decoding=\"async\" class=\"alignleft size-thumbnail wp-image-5672\" title=\"photo \u00c9ric Nogard\" src=\"http:\/\/www.lecarrefourdesopinions.ca\/wp-content\/uploads\/2011\/05\/photo-\u00c9ric-Nogard2-134x107.jpg\" alt=\"\" width=\"134\" height=\"107\" \/> Par Eric E.G. NOGARD\u00a0\u00a0\u00a0\u00a0\u00a0\u00a0 <br \/><\/em><\/span><\/p>\n<p><strong><br \/><\/strong><\/p>\n<p>&nbsp;<\/p>\n<p>Une Ecole de Touristes du Cours El\u00e9mentaire, en Classe de Plein Air, pour une Le\u00e7on d\u2019Histoire.<\/p>\n<p>&nbsp;<\/p>\n<p>La Ma\u00eetresse qui les Guide, les tenant bien group\u00e9s mais tr\u00e8s peu attentifs les harangue au pied de la Statue \u00e9t\u00eat\u00e9e de l\u2019Imp\u00e9ratrice Jos\u00e9phine, \u00e9pouse de Napol\u00e9on 1<sup>er<\/sup>.<\/p>\n<p>&nbsp;<\/p>\n<p>\u00ab\u00a0<strong><em>\u2026 Certes, l\u2019Esclavage fut aboli en 1848, mais le D\u00e9cret d\u2019Application a tard\u00e9 \u00e0 venir et c\u2019est ainsi que se r\u00e9volt\u00e8rent pour conqu\u00e9rir leur Libert\u00e9\u00a0: les Martiniquais le 22 Mai de cette Ann\u00e9e 1848, le 27 Mai en Guadeloupe et le 10 Juin en Guyane Fran\u00e7aise\u2026<\/em><\/strong> \u00bb<\/p>\n<p><img loading=\"lazy\" decoding=\"async\" class=\"alignleft size-medium wp-image-5673\" title=\"IMG_0333\" src=\"http:\/\/www.lecarrefourdesopinions.ca\/wp-content\/uploads\/2011\/05\/IMG_0333-300x225.jpg\" alt=\"\" width=\"300\" height=\"225\" srcset=\"http:\/\/www.lecarrefourdesopinions.ca\/wp-content\/uploads\/2011\/05\/IMG_0333-300x225.jpg 300w, http:\/\/www.lecarrefourdesopinions.ca\/wp-content\/uploads\/2011\/05\/IMG_0333-1024x768.jpg 1024w, http:\/\/www.lecarrefourdesopinions.ca\/wp-content\/uploads\/2011\/05\/IMG_0333-400x300.jpg 400w\" sizes=\"auto, (max-width: 300px) 100vw, 300px\" \/><\/p>\n<p>&nbsp;<\/p>\n<p>Il est rare \u2013 mais il peut arriver \u2013 que la Classe, au lieu de la Ma\u00eetresse ou du Ma\u00eetre, d\u00e9cide du sujet, objet de la Le\u00e7on.<\/p>\n<p>&nbsp;<\/p>\n<p>Si ces Touristes-\u00e9l\u00e8ves ont demand\u00e9 \u00e0 la Ma\u00eetresse qu\u2019il soit trait\u00e9 de l\u2019Esclavage\u2026 Bravo pour<\/p>\n<p><img loading=\"lazy\" decoding=\"async\" class=\"alignleft size-medium wp-image-5675\" title=\"IMG_0336\" src=\"http:\/\/www.lecarrefourdesopinions.ca\/wp-content\/uploads\/2011\/05\/IMG_03361-225x300.jpg\" alt=\"\" width=\"225\" height=\"300\" srcset=\"http:\/\/www.lecarrefourdesopinions.ca\/wp-content\/uploads\/2011\/05\/IMG_03361-225x300.jpg 225w, http:\/\/www.lecarrefourdesopinions.ca\/wp-content\/uploads\/2011\/05\/IMG_03361-768x1024.jpg 768w, http:\/\/www.lecarrefourdesopinions.ca\/wp-content\/uploads\/2011\/05\/IMG_03361-400x533.jpg 400w\" sizes=\"auto, (max-width: 225px) 100vw, 225px\" \/>Eux, ce Sujet devant \u00eatre pour eux Fondamental comme objet de d\u00e9lectation Historico-Touristique.<\/p>\n<p>&nbsp;<\/p>\n<p>Et Bravo pur les Formateurs de la Ma\u00eetresse, tant pour la Formation en soi que pour leur Connaissance des Esp\u00e9rances du Touriste.<\/p>\n<p>&nbsp;<\/p>\n<p>&nbsp;<\/p>\n<p>Seuls petits Hics\u00a0! Toute Classe comptant son lot de Bonnets d\u2019Ane.<\/p>\n<p>&nbsp;<\/p>\n<p><img loading=\"lazy\" decoding=\"async\" class=\"alignleft size-medium wp-image-5676\" title=\"IMG_0339\" src=\"http:\/\/www.lecarrefourdesopinions.ca\/wp-content\/uploads\/2011\/05\/IMG_0339-225x300.jpg\" alt=\"\" width=\"225\" height=\"300\" srcset=\"http:\/\/www.lecarrefourdesopinions.ca\/wp-content\/uploads\/2011\/05\/IMG_0339-225x300.jpg 225w, http:\/\/www.lecarrefourdesopinions.ca\/wp-content\/uploads\/2011\/05\/IMG_0339-768x1024.jpg 768w, http:\/\/www.lecarrefourdesopinions.ca\/wp-content\/uploads\/2011\/05\/IMG_0339-400x533.jpg 400w\" sizes=\"auto, (max-width: 225px) 100vw, 225px\" \/><\/p>\n<ul>\n<li>Dites\u00a0! Ce Vandalisme sur Jos\u00e9phine remonte \u00e0 quand et peut-on consid\u00e9rer qu\u2019il a l\u2019Approbation de la Population comme celle de ses Elus\u00a0?<\/li>\n<\/ul>\n<p>&nbsp;<\/p>\n<ul>\n<li>Et la main de Victor SCHOELCHER, pourquoi l\u2019avoir coup\u00e9e, n\u2019est-ce pas le Traitement inflig\u00e9 aux Voleurs dans Certaines Civilisations\u00a0?<\/li>\n<\/ul>\n<p>&nbsp;<\/p>\n<ul>\n<li>Dites encore\u00a0! Mise \u00e0 part la T\u00eate de Jos\u00e9phine et la Main de SCHOELCHER qu\u2019avez-vous d\u2019autre \u00e0 nous<\/li>\n<li>faire voir qui parle de l\u2019Esclavage.<\/li>\n<\/ul>\n<p>&nbsp;<\/p>\n<p><img loading=\"lazy\" decoding=\"async\" class=\"alignleft size-medium wp-image-5681\" title=\"IMG_0342\" src=\"http:\/\/www.lecarrefourdesopinions.ca\/wp-content\/uploads\/2011\/05\/IMG_03421-225x300.jpg\" alt=\"\" width=\"225\" height=\"300\" srcset=\"http:\/\/www.lecarrefourdesopinions.ca\/wp-content\/uploads\/2011\/05\/IMG_03421-225x300.jpg 225w, http:\/\/www.lecarrefourdesopinions.ca\/wp-content\/uploads\/2011\/05\/IMG_03421-768x1024.jpg 768w, http:\/\/www.lecarrefourdesopinions.ca\/wp-content\/uploads\/2011\/05\/IMG_03421-400x533.jpg 400w\" sizes=\"auto, (max-width: 225px) 100vw, 225px\" \/><\/p>\n<ul>\n<li>Dites Ma\u00eetresse. De quel Pays de l\u2019Afrique venez-vous \u2013 Vous en particulier \u2013 et parlez-nous dans votre Langue Maternelle\u2026 le Cr\u00e9ole n\u2019\u00e9tant pour vous qu\u2019une Langue d\u2019Adoption et le Fran\u00e7ais une Langue Subie car on vous y a forc\u00e9e.<\/li>\n<\/ul>\n<p>&nbsp;<\/p>\n<ul>\n<li>Ma\u00eetresse\u00a0! Mis \u00e0 part ce que vous en avez appris, quels souvenirs personnels et pr\u00e9cis avez-vous re\u00e7us de vos Parents sur votre Tribu, ses us et ses coutumes.<\/li>\n<\/ul>\n<p>&nbsp;<\/p>\n<ul>\n<li>Ma\u00eetresse votre Grand\u2019 Homme, votre \u00ab\u00a0N\u00e8gre Fondamental\u00a0\u00bb, que serait-il pour Vous, abstraction faite de sa pratique du Fran\u00e7ais.<\/li>\n<\/ul>\n<p>&nbsp;<\/p>\n<p>&nbsp;<\/p>\n<p>Comme quoi, faire de l\u2019Histoire \u00e0 ses El\u00e8ves-Touristes, fort-bien.<\/p>\n<p>Mais Conviendrait-il de leur Enseigner autre chose que ce qu\u2019ils ne savent que trop\u2026 dont-ils ont soup\u00e9 jusque l\u00e0.<\/p>\n<p>&nbsp;<\/p>\n<p>Oublions donc l\u2019Enfer, Parlons de Paradis<\/p>\n<p>Et mieux se portera notre Tourisme.<\/p>\n<p><img loading=\"lazy\" decoding=\"async\" class=\"alignleft size-large wp-image-5678\" title=\"Accompagner un enfant\" src=\"http:\/\/www.lecarrefourdesopinions.ca\/wp-content\/uploads\/2011\/05\/Accompagner-un-enfant-704x1023.jpg\" alt=\"\" width=\"450\" height=\"653\" srcset=\"http:\/\/www.lecarrefourdesopinions.ca\/wp-content\/uploads\/2011\/05\/Accompagner-un-enfant-704x1023.jpg 704w, http:\/\/www.lecarrefourdesopinions.ca\/wp-content\/uploads\/2011\/05\/Accompagner-un-enfant-206x300.jpg 206w, http:\/\/www.lecarrefourdesopinions.ca\/wp-content\/uploads\/2011\/05\/Accompagner-un-enfant-400x581.jpg 400w, http:\/\/www.lecarrefourdesopinions.ca\/wp-content\/uploads\/2011\/05\/Accompagner-un-enfant.jpg 1774w\" sizes=\"auto, (max-width: 450px) 100vw, 450px\" \/><\/p>\n<p>&nbsp;<\/p>\n<p>&nbsp;<\/p>\n<p>&nbsp;<\/p>\n<p>&nbsp;<\/p>\n<script type=\"text\/javascript\">\n\nvar addthis_config = {\"data_track_clickback\":false,\"data_track_addressbar\":false,\"data_track_textcopy\":false};\n<\/script><script type=\"text\/javascript\" src=\"\/\/s7.addthis.com\/js\/250\/addthis_widget.js#pubid=a457a6d63fb9e6ccabdde4110343bd85\"><\/script>","protected":false},"excerpt":{"rendered":"<p><span style=\"color: #3366ff;\">Offrir le Paradis en Evoquant l\u2019Enfer<\/span>.<\/p>\n<p><span style=\"color: #800000;\"> Par Eric E.G. NOGARD\u00a0\u00a0\u00a0\u00a0\u00a0\u00a0 <\/span><\/p>\n<\/p>\n<p>&nbsp;<\/p>\n<p>Une Ecole de Touristes du Cours El\u00e9mentaire, en Classe de Plein Air, pour une Le\u00e7on d\u2019Histoire.<\/p>\n<p>&nbsp;<\/p>\n<p>La Ma\u00eetresse qui les Guide, les tenant bien &hellip;<\/p>\n","protected":false},"author":1,"featured_media":0,"comment_status":"open","ping_status":"open","sticky":false,"template":"","format":"standard","meta":{"footnotes":""},"categories":[1],"tags":[],"class_list":["post-5670","post","type-post","status-publish","format-standard","hentry","category-accueil"],"_links":{"self":[{"href":"http:\/\/www.lecarrefourdesopinions.ca\/index.php?rest_route=\/wp\/v2\/posts\/5670","targetHints":{"allow":["GET"]}}],"collection":[{"href":"http:\/\/www.lecarrefourdesopinions.ca\/index.php?rest_route=\/wp\/v2\/posts"}],"about":[{"href":"http:\/\/www.lecarrefourdesopinions.ca\/index.php?rest_route=\/wp\/v2\/types\/post"}],"author":[{"embeddable":true,"href":"http:\/\/www.lecarrefourdesopinions.ca\/index.php?rest_route=\/wp\/v2\/users\/1"}],"replies":[{"embeddable":true,"href":"http:\/\/www.lecarrefourdesopinions.ca\/index.php?rest_route=%2Fwp%2Fv2%2Fcomments&post=5670"}],"version-history":[{"count":5,"href":"http:\/\/www.lecarrefourdesopinions.ca\/index.php?rest_route=\/wp\/v2\/posts\/5670\/revisions"}],"predecessor-version":[{"id":11823,"href":"http:\/\/www.lecarrefourdesopinions.ca\/index.php?rest_route=\/wp\/v2\/posts\/5670\/revisions\/11823"}],"wp:attachment":[{"href":"http:\/\/www.lecarrefourdesopinions.ca\/index.php?rest_route=%2Fwp%2Fv2%2Fmedia&parent=5670"}],"wp:term":[{"taxonomy":"category","embeddable":true,"href":"http:\/\/www.lecarrefourdesopinions.ca\/index.php?rest_route=%2Fwp%2Fv2%2Fcategories&post=5670"},{"taxonomy":"post_tag","embeddable":true,"href":"http:\/\/www.lecarrefourdesopinions.ca\/index.php?rest_route=%2Fwp%2Fv2%2Ftags&post=5670"}],"curies":[{"name":"wp","href":"https:\/\/api.w.org\/{rel}","templated":true}]}}