{"id":5659,"date":"2011-06-08T13:54:15","date_gmt":"2011-06-08T17:54:15","guid":{"rendered":"http:\/\/www.lecarrefourdesopinions.ca\/?p=5659"},"modified":"2011-06-08T13:54:15","modified_gmt":"2011-06-08T17:54:15","slug":"eau-de-nature-a-culture","status":"publish","type":"post","link":"http:\/\/www.lecarrefourdesopinions.ca\/?p=5659","title":{"rendered":"EAU, DE NATURE \u00c0 CULTURE"},"content":{"rendered":"<p><span style=\"color: #3366ff;\"><strong>EAU, DE NATURE \u00c0 CULTURE<\/strong><\/span><\/p>\n<p><img loading=\"lazy\" decoding=\"async\" class=\"alignleft size-thumbnail wp-image-5660\" title=\"yves Alavo\" src=\"http:\/\/www.lecarrefourdesopinions.ca\/wp-content\/uploads\/2011\/05\/yves-Alavo-112x107.jpg\" alt=\"\" width=\"112\" height=\"107\" \/> <em><span style=\"color: #800000;\">Par Yves Alavos<\/span><\/em><\/p>\n<p style=\"text-align: justify;\">Au c\u0153ur d\u2019avril, au Centre d\u2019histoire de Montr\u00e9al, exactement jeudi 14 avril 2011, s\u2019est jou\u00e9e une aventure culturelle int\u00e9ressante sous la houlette conjointe de <em>H\u00e9ritage Montr\u00e9al<\/em> et la <em>Ville de Montr\u00e9al<\/em> qui pr\u00e9sentaient deux conf\u00e9rences inaugurales sur le th\u00e8me\u00a0: <strong>Le patrimoine culturel de l\u2019eau.<\/strong><\/p>\n<p style=\"text-align: justify;\">\n<p style=\"text-align: justify;\">En 1983, la Conf\u00e9rence g\u00e9n\u00e9rale de l\u2019Organisation des Nations-Unies pour l\u2019\u00e9ducation, les sciences et la culture (UNESCO) d\u00e9signait le 18 avril \u00ab <strong><em>Journ\u00e9e internationale des monuments et des sites<\/em><\/strong> \u00bb suite \u00e0 la proposition de l&rsquo;ICOMOS, le Conseil international des monuments et des sites qui, chaque ann\u00e9e, sugg\u00e8re un th\u00e8me pour la souligner durant une semaine. \u00a0En 2011, l&rsquo;ICOMOS propose le th\u00e8me du Patrimoine culturel de l\u2019eau.<\/p>\n<p style=\"text-align: justify;\">\n<p style=\"text-align: justify;\"><em>L\u2019eau et son patrimoine culturel ici et ailleurs <\/em>la premi\u00e8re conf\u00e9rence courte celle-l\u00e0, pr\u00e9sent\u00e9 par Dinu Bumbaru, directeur des politiques <em>d\u2019H\u00e9ritage Montr\u00e9al<\/em> et pr\u00e9sident d\u2019ICOMOS Canada.\u00a0 Par la suite, pendant une heure et un quart d\u2019heure, ce fut au tour de <strong>Daniel <img loading=\"lazy\" decoding=\"async\" class=\"alignleft size-medium wp-image-5662\" title=\"Montreal 1\" src=\"http:\/\/www.lecarrefourdesopinions.ca\/wp-content\/uploads\/2011\/05\/Montreal-1-300x225.jpg\" alt=\"\" width=\"300\" height=\"225\" srcset=\"http:\/\/www.lecarrefourdesopinions.ca\/wp-content\/uploads\/2011\/05\/Montreal-1-300x225.jpg 300w, http:\/\/www.lecarrefourdesopinions.ca\/wp-content\/uploads\/2011\/05\/Montreal-1-400x300.jpg 400w, http:\/\/www.lecarrefourdesopinions.ca\/wp-content\/uploads\/2011\/05\/Montreal-1.jpg 525w\" sizes=\"auto, (max-width: 300px) 100vw, 300px\" \/>Chartier<\/strong>, architecte paysagiste, Direction des grands parcs et du verdissement \u00e0 la Ville de Montr\u00e9al, sans recours \u00e0 un support papier, juste \u00e0 l\u2019aide de photographies, planches et illustrations, organis\u00e9es et mont\u00e9es en un PP (Power-Point) de vivre pour nous un brillant expos\u00e9 intitul\u00e9\u00a0: <em>Les eaux du mont Royal, un patrimoine m\u00e9connu : eaux calmes, troubles, tourbillonnantes, cach\u00e9es ou r\u00e9v\u00e9l\u00e9es<\/em>.<\/p>\n<p style=\"text-align: justify;\">\n<p style=\"text-align: justify;\">Une mont\u00e9r\u00e9gienne g\u00e9n\u00e9ralement bien drain\u00e9e dont les eaux de surface s\u2019infiltrent dans le sol, ressurgissent, stagnent ou forment des ruisseaux. \u00a0Des r\u00e9servoirs, \u00e0 ciel ouvert ou couverts, ayant favoris\u00e9 la transformation de Montr\u00e9al en m\u00e9tropole salubre. \u00a0Des plans d\u2019eau ornementaux bonifiant des paysages, \u00e0 contempler, \u00e0 vivre. \u00a0Des eaux souterraines ou de surface canalis\u00e9es en un r\u00e9seau favorisant la mise en valeur des patrimoines naturels et culturels et offrant aux promeneurs des paysages revitalis\u00e9s. \u00a0Bref, des histoires d\u2019eau t\u00e9moignant de l\u2019\u00e9volution d\u2019une ville et de sa montagne.\u00a0 En r\u00e9sum\u00e9 <img loading=\"lazy\" decoding=\"async\" class=\"alignright size-medium wp-image-5663\" title=\"Montreal 2\" src=\"http:\/\/www.lecarrefourdesopinions.ca\/wp-content\/uploads\/2011\/05\/Montreal-2-300x161.jpg\" alt=\"\" width=\"300\" height=\"161\" srcset=\"http:\/\/www.lecarrefourdesopinions.ca\/wp-content\/uploads\/2011\/05\/Montreal-2-300x161.jpg 300w, http:\/\/www.lecarrefourdesopinions.ca\/wp-content\/uploads\/2011\/05\/Montreal-2-1024x552.jpg 1024w, http:\/\/www.lecarrefourdesopinions.ca\/wp-content\/uploads\/2011\/05\/Montreal-2-400x215.jpg 400w, http:\/\/www.lecarrefourdesopinions.ca\/wp-content\/uploads\/2011\/05\/Montreal-2.jpg 1091w\" sizes=\"auto, (max-width: 300px) 100vw, 300px\" \/><img loading=\"lazy\" decoding=\"async\" class=\"alignleft size-thumbnail wp-image-5666\" title=\"Mont 4\" src=\"http:\/\/www.lecarrefourdesopinions.ca\/wp-content\/uploads\/2011\/05\/Mont-41-134x107.jpg\" alt=\"\" width=\"134\" height=\"107\" \/>avec les mots de l\u2019auteur, difficile \u00e0 mettre en mots pour lecture, une conf\u00e9rence animation dynamique, stimulante d\u2019aise et tr\u00e8s bien document\u00e9e.\u00a0 Pr\u00e9sentation int\u00e9gr\u00e9e de l\u2019architecture, de la science du paysage, de l\u2019urbanisme, de la planification urbaine int\u00e9gr\u00e9e et aux axes sociaux, culturels et politiques en termes d\u2019orientations et de vision prospective, ainsi fut-elle faite.<\/p>\n<p style=\"text-align: justify;\">\n<p style=\"text-align: justify;\">Durant une heure et quart environ, Daniel Chartier, architecte paysagiste \u00e0 la Ville de Montr\u00e9al, <img loading=\"lazy\" decoding=\"async\" class=\"alignleft size-medium wp-image-5664\" title=\"Mont 3\" src=\"http:\/\/www.lecarrefourdesopinions.ca\/wp-content\/uploads\/2011\/05\/Mont-3-300x158.jpg\" alt=\"\" width=\"300\" height=\"158\" srcset=\"http:\/\/www.lecarrefourdesopinions.ca\/wp-content\/uploads\/2011\/05\/Mont-3-300x158.jpg 300w, http:\/\/www.lecarrefourdesopinions.ca\/wp-content\/uploads\/2011\/05\/Mont-3-1024x542.jpg 1024w, http:\/\/www.lecarrefourdesopinions.ca\/wp-content\/uploads\/2011\/05\/Mont-3-400x211.jpg 400w, http:\/\/www.lecarrefourdesopinions.ca\/wp-content\/uploads\/2011\/05\/Mont-3.jpg 1099w\" sizes=\"auto, (max-width: 300px) 100vw, 300px\" \/>comme dit plus haut, a pr\u00e9sent\u00e9 un panorama de pr\u00e8s de deux cents images montrant la riche histoire des eaux de la montagne. M. Daniel Chartier a pris le temps de faire revivre certains patrimoines naturels de la montagne, g\u00e9omorphologie et hydrologie particuli\u00e8rement, avant de montrer diff\u00e9rentes fa\u00e7ons dont l\u2019homme a tir\u00e9 parti de ces caract\u00e9ristiques depuis un si\u00e8cle et\u00a0demi. \u00a0La pr\u00e9sentation a \u00e9t\u00e9 l\u2019occasion de mettre en \u00e9vidence la d\u00e9marche poursuivie depuis deux d\u00e9cennies par la <strong><em>Direction des grands parcs et du verdissement de la Ville de <img loading=\"lazy\" decoding=\"async\" class=\"alignleft size-medium wp-image-5668\" title=\"Mont 5\" src=\"http:\/\/www.lecarrefourdesopinions.ca\/wp-content\/uploads\/2011\/05\/Mont-51-300x165.jpg\" alt=\"\" width=\"300\" height=\"165\" srcset=\"http:\/\/www.lecarrefourdesopinions.ca\/wp-content\/uploads\/2011\/05\/Mont-51-300x165.jpg 300w, http:\/\/www.lecarrefourdesopinions.ca\/wp-content\/uploads\/2011\/05\/Mont-51-1024x564.jpg 1024w, http:\/\/www.lecarrefourdesopinions.ca\/wp-content\/uploads\/2011\/05\/Mont-51-400x220.jpg 400w, http:\/\/www.lecarrefourdesopinions.ca\/wp-content\/uploads\/2011\/05\/Mont-51.jpg 1055w\" sizes=\"auto, (max-width: 300px) 100vw, 300px\" \/>Montr\u00e9al<\/em><\/strong> visant \u00e0 r\u00e9v\u00e9ler et mettre en valeur l\u2019eau de fa\u00e7on compl\u00e9mentaire avec les autres patrimoines de la montagne. \u00a0Aujourd\u2019hui, ces milieux naturels, ces am\u00e9nagements, de jadis ou plus r\u00e9cents, contribuent aux paysages et aux patrimoines et incitent \u00e0 la d\u00e9couverte contemplative ou active de la montagne.<\/p>\n<p style=\"text-align: justify;\">\n<p style=\"text-align: justify;\"><strong><br \/><\/strong><\/p>\n<p style=\"text-align: justify;\">\n<script type=\"text\/javascript\">\n\nvar addthis_config = {\"data_track_clickback\":false,\"data_track_addressbar\":false,\"data_track_textcopy\":false};\n<\/script><script type=\"text\/javascript\" src=\"\/\/s7.addthis.com\/js\/250\/addthis_widget.js#pubid=a457a6d63fb9e6ccabdde4110343bd85\"><\/script>","protected":false},"excerpt":{"rendered":"<p><span style=\"color: #3366ff;\">EAU, DE NATURE \u00c0 CULTURE<\/span><\/p>\n<p> <span style=\"color: #800000;\">Par Yves Alavos<\/span><\/p>\n<p style=\"text-align: justify;\">Au c\u0153ur d\u2019avril, au Centre d\u2019histoire de Montr\u00e9al, exactement jeudi 14 avril 2011, s\u2019est jou\u00e9e une aventure culturelle int\u00e9ressante sous la houlette conjointe de H\u00e9ritage Montr\u00e9al et la Ville &hellip;<\/p>\n","protected":false},"author":1,"featured_media":0,"comment_status":"open","ping_status":"open","sticky":false,"template":"","format":"standard","meta":{"footnotes":""},"categories":[1],"tags":[],"class_list":["post-5659","post","type-post","status-publish","format-standard","hentry","category-accueil"],"_links":{"self":[{"href":"http:\/\/www.lecarrefourdesopinions.ca\/index.php?rest_route=\/wp\/v2\/posts\/5659","targetHints":{"allow":["GET"]}}],"collection":[{"href":"http:\/\/www.lecarrefourdesopinions.ca\/index.php?rest_route=\/wp\/v2\/posts"}],"about":[{"href":"http:\/\/www.lecarrefourdesopinions.ca\/index.php?rest_route=\/wp\/v2\/types\/post"}],"author":[{"embeddable":true,"href":"http:\/\/www.lecarrefourdesopinions.ca\/index.php?rest_route=\/wp\/v2\/users\/1"}],"replies":[{"embeddable":true,"href":"http:\/\/www.lecarrefourdesopinions.ca\/index.php?rest_route=%2Fwp%2Fv2%2Fcomments&post=5659"}],"version-history":[{"count":3,"href":"http:\/\/www.lecarrefourdesopinions.ca\/index.php?rest_route=\/wp\/v2\/posts\/5659\/revisions"}],"predecessor-version":[{"id":5989,"href":"http:\/\/www.lecarrefourdesopinions.ca\/index.php?rest_route=\/wp\/v2\/posts\/5659\/revisions\/5989"}],"wp:attachment":[{"href":"http:\/\/www.lecarrefourdesopinions.ca\/index.php?rest_route=%2Fwp%2Fv2%2Fmedia&parent=5659"}],"wp:term":[{"taxonomy":"category","embeddable":true,"href":"http:\/\/www.lecarrefourdesopinions.ca\/index.php?rest_route=%2Fwp%2Fv2%2Fcategories&post=5659"},{"taxonomy":"post_tag","embeddable":true,"href":"http:\/\/www.lecarrefourdesopinions.ca\/index.php?rest_route=%2Fwp%2Fv2%2Ftags&post=5659"}],"curies":[{"name":"wp","href":"https:\/\/api.w.org\/{rel}","templated":true}]}}