{"id":5643,"date":"2011-05-11T08:57:54","date_gmt":"2011-05-11T12:57:54","guid":{"rendered":"http:\/\/www.lecarrefourdesopinions.ca\/?p=5643"},"modified":"2011-05-12T19:24:03","modified_gmt":"2011-05-12T23:24:03","slug":"la-petite-maison-blanche","status":"publish","type":"post","link":"http:\/\/www.lecarrefourdesopinions.ca\/?p=5643","title":{"rendered":"LA PETITE MAISON BLANCHE"},"content":{"rendered":"<p><span style=\"color: #3366ff;\"> <span style=\"color: #000000;\"><span style=\"color: #ffffff;\">&#8230;.<\/span><\/span><\/span><span style=\"color: #800000;\"><em><img loading=\"lazy\" decoding=\"async\" class=\"alignleft size-thumbnail wp-image-5644\" title=\"Veronika Iljasow 3\" src=\"http:\/\/www.lecarrefourdesopinions.ca\/wp-content\/uploads\/2011\/05\/Veronika-Iljasow-3-134x107.jpg\" alt=\"\" width=\"134\" height=\"107\" \/><\/em><\/span><span style=\"color: #3366ff;\"><span style=\"color: #000000;\"><span style=\"color: #ffffff;\">&#8230;&#8230;&#8230;&#8230;&#8230;.<\/span><\/span><\/span><\/p>\n<p>&nbsp;<\/p>\n<p>&nbsp;<\/p>\n<p><span style=\"color: #3366ff;\"><span style=\"color: #000000;\"><span style=\"color: #ffffff;\">. <\/span>LA PETITE MAISON BLANCHE<\/span> <\/span><span style=\"color: #800000;\"> <\/span><span style=\"color: #3366ff;\"> <span style=\"color: #ffffff;\">.<\/span><\/span><\/p>\n<h3><span style=\"color: #3366ff;\"><span style=\"color: #ffffff;\">.L<span style=\"color: #000000;\"> <\/span><\/span><\/span><\/h3>\n<p><span style=\"color: #3366ff;\"><span style=\"color: #ffffff;\">.<\/span><\/span><\/p>\n<p><span style=\"color: #800000;\"><em>par Weronika Iljasow, \u00e9l\u00e8ve du lyc\u00e9e No I St.Staszic \u00e0 Ostrowiec Sw. en Pologne<\/em><\/span><\/p>\n<p>&nbsp;<\/p>\n<p>&nbsp;<\/p>\n<p>&nbsp;<\/p>\n<p>&nbsp;<\/p>\n<p style=\"text-align: center;\"><span style=\"color: #ffffff;\"> <\/span><span style=\"color: #ffffff;\">&#8230;&#8230;&#8230;<span style=\"color: #ffffff;\">&#8230;&#8230;&#8230;<\/span><\/span><span style=\"color: #ffffff;\">&#8230;&#8230;.<\/span><span style=\"color: #ffffff;\">&#8230;&#8230;<\/span>La petite maison blanche<\/p>\n<p style=\"text-align: center;\"><span style=\"color: #ffffff;\"> <\/span><span style=\"color: #ffffff;\">&#8230;&#8230;&#8230;&#8230;&#8230;..<span style=\"color: #ffffff;\"> <\/span>&#8230;&#8230;..<span style=\"color: #ffffff;\">&#8230;&#8230;<\/span><\/span>Sous le ciel qui est rouge<\/p>\n<p style=\"text-align: center;\"><span style=\"color: #ffffff;\"> <\/span><\/p>\n<p style=\"text-align: center;\"><img loading=\"lazy\" decoding=\"async\" class=\"alignleft size-thumbnail wp-image-5650\" title=\"orchid\u00e9e blanche\" src=\"http:\/\/www.lecarrefourdesopinions.ca\/wp-content\/uploads\/2011\/05\/orchid\u00e9e-blanche-134x107.jpg\" alt=\"\" width=\"134\" height=\"107\" \/><\/p>\n<p style=\"text-align: center;\">Et les arbres, pommes douces<\/p>\n<p style=\"text-align: center;\"><span style=\"color: #ffffff;\"> <\/span> Les oiseaux et l\u2019air frais<span style=\"color: #ffffff;\">.<\/span><\/p>\n<p style=\"text-align: center;\"><span style=\"color: #ffffff;\"><br \/><\/span><\/p>\n<p style=\"text-align: center;\"><span style=\"color: #ffffff;\"> <\/span><span style=\"color: #ffffff;\"> .<\/span>La petite maison blanche<\/p>\n<p style=\"text-align: center;\"><span style=\"color: #ffffff;\"><span style=\"color: #ffffff;\"> <\/span><\/span> O\u00f9 j\u2019ai laiss\u00e9 mon enfance<\/p>\n<p style=\"text-align: center;\"><span style=\"color: #ffffff;\"> <\/span> O\u00f9 j\u2019ai laiss\u00e9 ma m\u00e9fiance<\/p>\n<p style=\"text-align: center;\"><span style=\"color: #ffffff;\"> <\/span>O\u00f9 les ennuis sont l\u00e9gers<\/p>\n<p style=\"text-align: center;\"><span style=\"color: #ffffff;\">.<\/span><\/p>\n<p style=\"text-align: center;\"><span style=\"color: #ffffff;\"><br \/><\/span><\/p>\n<p style=\"text-align: left;\">\n<p style=\"text-align: left;\">\n<p style=\"text-align: center;\"><img loading=\"lazy\" decoding=\"async\" class=\"alignleft size-thumbnail wp-image-5648\" title=\"la maison blanche\" src=\"http:\/\/www.lecarrefourdesopinions.ca\/wp-content\/uploads\/2011\/05\/la-maison-blanche-134x107.jpg\" alt=\"\" width=\"134\" height=\"107\" \/><span style=\"color: #ffffff;\"> <\/span><span style=\"color: #ffffff;\"><\/span>J\u2019ai grandi sous le soleil<\/p>\n<p style=\"text-align: center;\"><span style=\"color: #ffffff;\"> <\/span>Entre le vert, entre la nature<\/p>\n<p style=\"text-align: center;\"><span style=\"color: #ffffff;\"> <\/span>Et maintenant je suis envahie<\/p>\n<p style=\"text-align: center;\"><span style=\"color: #ffffff;\"> <\/span>Par le gris, par la froidure<span style=\"color: #ffffff;\">.<\/span><\/p>\n<p style=\"text-align: center;\"><span style=\"color: #ffffff;\"><br \/><\/span><\/p>\n<p style=\"text-align: center;\">\n<p style=\"text-align: center;\"><span style=\"color: #ffffff;\"> <\/span>La petite maison blanche<\/p>\n<p style=\"text-align: center;\"><span style=\"color: #ffffff;\"> <\/span>Si vieille, si fr\u00eale, si bien ch\u00e8re<\/p>\n<p style=\"text-align: center;\"><span style=\"color: #ffffff;\"> <\/span>mes souvenirs sur la terre<\/p>\n<p style=\"text-align: center;\"><span style=\"color: #ffffff;\"> <\/span><span style=\"color: #ffffff;\">&#8230;&#8230;&#8230;&#8230;&#8230;&#8230;&#8230;&#8230;&#8230;..<\/span><span style=\"color: #ffffff;\">&#8230;.<span style=\"color: #ffffff;\">..<\/span><\/span>les plus belles sont l\u00e0-bas<\/p>\n<p style=\"text-align: center;\"><span style=\"color: #ffffff;\">.<\/span><\/p>\n<p style=\"text-align: center;\"><span style=\"color: #ffffff;\"><br \/><\/span><\/p>\n<p style=\"text-align: center;\">\n<p style=\"text-align: center;\"><span style=\"color: #ffffff;\"> <\/span><span style=\"color: #ffffff;\">.<\/span><span style=\"color: #ffffff;\">&#8230;&#8230;&#8230;&#8230;&#8230;<span style=\"color: #ffffff;\">&#8230;&#8230;&#8230;.<\/span><\/span><span style=\"color: #ffffff;\">&#8230;&#8230;.<\/span>La petite maison blanche<\/p>\n<p style=\"text-align: center;\"><span style=\"color: #ffffff;\"> <\/span><span style=\"color: #ffffff;\">&#8230;&#8230;&#8230;&#8230;..<span style=\"color: #ffffff;\">&#8230;&#8230;&#8230;.<\/span>.<span style=\"color: #ffffff;\">&#8230;&#8230;.<\/span><\/span>Sans p\u00e8re, mais si heureuse<\/p>\n<p style=\"text-align: center;\"><span style=\"color: #ffffff;\"> <\/span><span style=\"color: #ffffff;\">&#8230;&#8230;&#8230;&#8230;&#8230;<\/span><span style=\"color: #ffffff;\">&#8230;&#8230;&#8230;.<span style=\"color: #ffffff;\">&#8230;&#8230;.<\/span><\/span>D\u00e9j\u00e0 seulement la lumi\u00e8re<\/p>\n<p style=\"text-align: center;\"><span style=\"color: #ffffff;\"> <\/span><span style=\"color: #ffffff;\">&#8230;&#8230;&#8230;&#8230;&#8230;<\/span><span style=\"color: #ffffff;\">&#8230;&#8230;&#8230;.<\/span><span style=\"color: #ffffff;\">&#8230;&#8230;..<\/span>Me souvient cette tendresse<\/p>\n<p style=\"text-align: left;\"><span style=\"color: #ffffff;\">.<\/span><\/p>\n<p style=\"text-align: left;\"><span style=\"color: #ffffff;\"><br \/><\/span><\/p>\n<p style=\"text-align: left;\">\n<p style=\"text-align: left;\">\n<p style=\"text-align: left;\">\n<p style=\"text-align: center;\"><img loading=\"lazy\" decoding=\"async\" class=\"alignleft size-thumbnail wp-image-5649\" title=\"une rose\" src=\"http:\/\/www.lecarrefourdesopinions.ca\/wp-content\/uploads\/2011\/05\/une-rose-134x107.jpg\" alt=\"\" width=\"134\" height=\"107\" \/>Je veux pleurer quand je pense<\/p>\n<p style=\"text-align: center;\"><span style=\"color: #ffffff;\"> <\/span>De cette beaut\u00e9 de l\u2019enfance<\/p>\n<p style=\"text-align: center;\"><span style=\"color: #ffffff;\">.<\/span>Aujourd\u2019hui j\u2019ai de la route<\/p>\n<p style=\"text-align: center;\"><span style=\"color: #ffffff;\"> <\/span>Pour demain, le nouveau jour<\/p>\n<p style=\"text-align: center;\"><span style=\"color: #ffffff;\">.<\/span><\/p>\n<p style=\"text-align: center;\">\n<p style=\"text-align: center;\">\n<p style=\"text-align: center;\"><span style=\"color: #ffffff;\"> <\/span>Oh\u00a0! Mon Dieu\u00a0! Ma pri\u00e8re<\/p>\n<p style=\"text-align: center;\"><span style=\"color: #ffffff;\"> <\/span>Chaque jour parle de l\u2019avenir<\/p>\n<p style=\"text-align: center;\"><span style=\"color: #ffffff;\"> <\/span>Aujourd\u2019hui je prie pour ne pas<\/p>\n<p style=\"text-align: center;\"><span style=\"color: #ffffff;\"> <\/span><span style=\"color: #ffffff;\">&#8230;&#8230;&#8230;.<\/span><span style=\"color: #ffffff;\">&#8230;&#8230;&#8230;&#8230;&#8230;..<\/span>perdre mes souvenirs<\/p>\n<p style=\"text-align: center;\"><span style=\"color: #ffffff;\">.<\/span><\/p>\n<p style=\"text-align: center;\"><span style=\"color: #ffffff;\"><br \/><\/span><\/p>\n<p style=\"text-align: center;\">\n<p style=\"text-align: center;\"><span style=\"color: #ffffff;\"> <\/span><span style=\"color: #ffffff;\">&#8230;&#8230;&#8230;&#8230;&#8230;.<\/span><span style=\"color: #ffffff;\">&#8230;&#8230;&#8230;&#8230;&#8230;<\/span>Ma petite maison blanche<\/p>\n<p style=\"text-align: center;\"><span style=\"color: #ffffff;\"> <\/span><span style=\"color: #ffffff;\">&#8230;&#8230;&#8230;&#8230;&#8230;.<\/span><span style=\"color: #ffffff;\">&#8230;&#8230;&#8230;&#8230;&#8230;<\/span>Est morte en quittant l\u2019enfant<\/p>\n<p style=\"text-align: center;\"><span style=\"color: #ffffff;\"> <\/span><span style=\"color: #ffffff;\">&#8230;&#8230;&#8230;&#8230;&#8230;&#8230;&#8230;&#8230;&#8230;&#8230;<\/span>Ce jour-l\u00e0, je l\u2019ai perdue<\/p>\n<p style=\"text-align: center;\"><span style=\"color: #ffffff;\"> <\/span><span style=\"color: #ffffff;\">&#8230;&#8230;&#8230;&#8230;..<span style=\"color: #ffffff;\">&#8230;&#8230;&#8230;&#8230;&#8230;..<\/span><\/span>Ma petite maison blanche<\/p>\n<p style=\"text-align: center;\">\n<p style=\"text-align: left;\">\n<p style=\"text-align: left;\"><em> <span style=\"color: #ffffff;\">.<\/span><\/em><\/p>\n<p><em><span style=\"color: #ffffff;\"> <\/span>.<\/em><\/p>\n<p><em>Weronika Iljasow, \u00e9l\u00e8ve du lyc\u00e9e d\u2019enseignement g\u00e9n\u00e9ral No I St.Staszic \u00e0 Ostrowiec Sw. en Pologne, \u00a0 adore le fran\u00e7ais et surtout chanter les chansons de Dalida. Elle est tr\u00e8s sensible et chante tr\u00e8s bien .<\/em><\/p>\n<p><em>Elle \u00e9crit des po\u00e8mes en polonais, sa langue maternelle, mais \u00e9galement en fran\u00e7ais et en allemand. La petite maison blanche est l&rsquo;un de ces po\u00e8mes qui t\u00e9moignent de sa grande sensibilit\u00e9. <\/em><\/p>\n<p>&nbsp;<\/p>\n<p><em>==============================================================================<br \/><\/em><\/p>\n<script type=\"text\/javascript\">\n\nvar addthis_config = {\"data_track_clickback\":false,\"data_track_addressbar\":false,\"data_track_textcopy\":false};\n<\/script><script type=\"text\/javascript\" src=\"\/\/s7.addthis.com\/js\/250\/addthis_widget.js#pubid=a457a6d63fb9e6ccabdde4110343bd85\"><\/script>","protected":false},"excerpt":{"rendered":"<p><span style=\"color: #3366ff;\"> <span style=\"color: #000000;\"><span style=\"color: #ffffff;\">&#8230;.<\/span><\/span><\/span><span style=\"color: #800000;\"><\/span><span style=\"color: #3366ff;\"><span style=\"color: #000000;\"><span style=\"color: #ffffff;\">&#8230;&#8230;&#8230;&#8230;&#8230;.<\/span><\/span><\/span><\/p>\n<p>&nbsp;<\/p>\n<p>&nbsp;<\/p>\n<p><span style=\"color: #3366ff;\"><span style=\"color: #000000;\"><span style=\"color: #ffffff;\">. <\/span>LA PETITE MAISON BLANCHE<\/span> <\/span><span style=\"color: #800000;\"> <\/span><span style=\"color: #3366ff;\"> <span style=\"color: #ffffff;\">.<\/span><\/span><\/p>\n<p><span style=\"color: #3366ff;\"><span style=\"color: #ffffff;\">.L<span style=\"color: #000000;\"> <\/span><\/span><\/span><\/p>\n<p><span style=\"color: #3366ff;\"><span style=\"color: #ffffff;\">.<\/span><\/span><\/p>\n<p><span style=\"color: #800000;\">par Weronika Iljasow, \u00e9l\u00e8ve du lyc\u00e9e No I St.Staszic \u00e0 Ostrowiec Sw. en Pologne<\/span><\/p>\n<p>&nbsp;<\/p>\n<p>&nbsp;<\/p>\n<p>&nbsp;<\/p>\n<p>&nbsp;<\/p>\n<p style=\"text-align: center;\"><span style=\"color: #ffffff;\"> <\/span><span style=\"color: #ffffff;\">&#8230;&#8230;&#8230;<span style=\"color: #ffffff;\">&#8230;&#8230;&#8230;<\/span><\/span><span style=\"color: #ffffff;\">&#8230;&#8230;.<\/span><span style=\"color: #ffffff;\">&#8230;&#8230;<\/span>La petite maison &hellip;<\/p>\n","protected":false},"author":1,"featured_media":0,"comment_status":"open","ping_status":"open","sticky":false,"template":"","format":"standard","meta":{"footnotes":""},"categories":[1],"tags":[],"class_list":["post-5643","post","type-post","status-publish","format-standard","hentry","category-accueil"],"_links":{"self":[{"href":"http:\/\/www.lecarrefourdesopinions.ca\/index.php?rest_route=\/wp\/v2\/posts\/5643","targetHints":{"allow":["GET"]}}],"collection":[{"href":"http:\/\/www.lecarrefourdesopinions.ca\/index.php?rest_route=\/wp\/v2\/posts"}],"about":[{"href":"http:\/\/www.lecarrefourdesopinions.ca\/index.php?rest_route=\/wp\/v2\/types\/post"}],"author":[{"embeddable":true,"href":"http:\/\/www.lecarrefourdesopinions.ca\/index.php?rest_route=\/wp\/v2\/users\/1"}],"replies":[{"embeddable":true,"href":"http:\/\/www.lecarrefourdesopinions.ca\/index.php?rest_route=%2Fwp%2Fv2%2Fcomments&post=5643"}],"version-history":[{"count":5,"href":"http:\/\/www.lecarrefourdesopinions.ca\/index.php?rest_route=\/wp\/v2\/posts\/5643\/revisions"}],"predecessor-version":[{"id":5657,"href":"http:\/\/www.lecarrefourdesopinions.ca\/index.php?rest_route=\/wp\/v2\/posts\/5643\/revisions\/5657"}],"wp:attachment":[{"href":"http:\/\/www.lecarrefourdesopinions.ca\/index.php?rest_route=%2Fwp%2Fv2%2Fmedia&parent=5643"}],"wp:term":[{"taxonomy":"category","embeddable":true,"href":"http:\/\/www.lecarrefourdesopinions.ca\/index.php?rest_route=%2Fwp%2Fv2%2Fcategories&post=5643"},{"taxonomy":"post_tag","embeddable":true,"href":"http:\/\/www.lecarrefourdesopinions.ca\/index.php?rest_route=%2Fwp%2Fv2%2Ftags&post=5643"}],"curies":[{"name":"wp","href":"https:\/\/api.w.org\/{rel}","templated":true}]}}