{"id":5634,"date":"2011-05-11T09:04:51","date_gmt":"2011-05-11T13:04:51","guid":{"rendered":"http:\/\/www.lecarrefourdesopinions.ca\/?p=5634"},"modified":"2011-05-11T09:04:51","modified_gmt":"2011-05-11T13:04:51","slug":"docteur-je-me-sens-mal","status":"publish","type":"post","link":"http:\/\/www.lecarrefourdesopinions.ca\/?p=5634","title":{"rendered":"Docteur ! Je me sens mal."},"content":{"rendered":"<p><span style=\"color: #3366ff;\"><em><strong>Docteur\u00a0! Je me sens mal.<\/strong><\/em><\/span><\/p>\n<p>&nbsp;<\/p>\n<p><img loading=\"lazy\" decoding=\"async\" class=\"alignleft size-thumbnail wp-image-5635\" title=\"photo \u00c9ric Nogard\" src=\"http:\/\/www.lecarrefourdesopinions.ca\/wp-content\/uploads\/2011\/05\/photo-\u00c9ric-Nogard-134x107.jpg\" alt=\"\" width=\"134\" height=\"107\" \/> <em> <span style=\"color: #800000;\">Par Eric E.G. NOGARD <\/span> <br \/><\/em><\/p>\n<p>&nbsp;<\/p>\n<p><em><strong>Docteur Knock est en Consultation avec une certaine Population.<\/strong><\/em><\/p>\n<p><em><strong>Si nous collions l\u2019oreille au trou de sa serrure\u00a0!.. Ecoutons.<\/strong><\/em><\/p>\n<p>&nbsp;<\/p>\n<ul>\n<li>Docteur je me sens mal et cela de plus en plus\u00a0!..<\/li>\n<\/ul>\n<p>Pourtant, rien n\u2019a \u00e9t\u00e9 n\u00e9glig\u00e9 de ce que m\u2019a recommand\u00e9 mon Ti-Bondi\u00e9\u00a0!<\/p>\n<p>Ma culture, ma dignit\u00e9, ma langue, ma peau, mes racines, tout, tout, tout.<\/p>\n<p>Rien de tout cela n\u2019a \u00e9t\u00e9 n\u00e9glig\u00e9 et je ne vois pas ce que j\u2019en ai tir\u00e9.<\/p>\n<p>&nbsp;<\/p>\n<p>En revanche, lui, maintenant qu\u2019il est P\u00e9p\u00e8re au Panth\u00e9on, rien ne va lui manquer\u00a0: d\u00e9j\u00e0 que son D\u00e9tour au Pays Natal lui a bien profit\u00e9, son \u00ab\u00a0Retour au Pays Natal\u00a0\u00bb ne tra\u00eenera pas sur les Rayons et ses Fistons retir\u00e9s \u00ab\u00a0\u00e0 Paris\u00a0\u00bb s\u2019en frotteront les mains.<\/p>\n<p>&nbsp;<\/p>\n<p>Quant \u00e0 moi, j\u2019en serai quitte pour trouver de quoi lui payer, \u00e0 mon Ti-Bondi\u00e9, un MONUMENT qui fasse \u00ab\u00a0rentrer la queue\u00a0\u00bb aux SEPT MERVEILLES de l\u2019Ancien Monde, et qui \u00ab\u00a0redressera les bretelles\u00a0\u00bb \u00e0 tout ce qu\u2019a pu imaginer ou concevoir le Nouveau Monde.<\/p>\n<p>&nbsp;<\/p>\n<p>&nbsp;<\/p>\n<p>Il est vrai qu\u2019il fut dit quelque part \u00ab\u00a0Rira bien qui rira le dernier\u00a0\u00bb, mais, faute d\u2019avoir \u00e9t\u00e9 dite par mon Ti-Bondi\u00e9, que pouvait \u00e0 mon sens valoir cette mise en garde.<\/p>\n<p>&nbsp;<\/p>\n<p>C\u2019est vrai Docteur. Ma culture est florissante et d\u00e9borde d\u2019artistes, de productions comme de diversit\u00e9, je m\u2019en frotte le nombril, tellement ma dignit\u00e9 en impose au reste de l\u2019Univers, ma peau est la plus \u00e9blouissante, m\u00eame si celle du cabri vaut mieux pour la confection des tambours, mes racines sont des plus Nobles car rien ne vaut l\u2019Afrique\u2026<\/p>\n<p>&nbsp;<\/p>\n<p>Je devrais m\u2019en r\u00e9jouir, Docteur, mais je me sens Tiou pou T\u00eate, expliquez-moi\u2026<\/p>\n<p>&nbsp;<\/p>\n<p>&nbsp;<\/p>\n<p><em><strong>Oh\u00a0! Rien de bien grave, ma Fille. Juste des troubles juv\u00e9niles qui, sans doute ne sont qu\u2019imaginaires. Quoi que parfois\u2026 les maladies d\u2019Amour\u00a0!..<\/strong><\/em><\/p>\n<p><em><strong> <\/strong><\/em><\/p>\n<p><em><strong>Voyons \u00e7a de plus pr\u00e8s\u2026 D\u00e9shabillez-vous\u2026 mettez-vous l\u00e0\u00a0!..<\/strong><\/em><\/p>\n<p><em><strong> <\/strong><\/em><\/p>\n<p><em><strong> <\/strong><\/em><\/p>\n<p><em><strong>Hum\u00a0! Pour ce qui est de vos risques li\u00e9s aux ph\u00e9nom\u00e8nes g\u00e9ologiques d\u2019origine interne\u2026<\/strong><\/em><\/p>\n<p><em><strong> <\/strong><\/em><\/p>\n<p><em><strong>Il y en a en effet. N\u2019\u00eates-vous pas parfois secou\u00e9e par des Tremblements de Terre (c\u2019est \u00e7a les S\u00e9ismes)\u2026 ou ravag\u00e9e par l\u2019\u00e9ruption d\u2019un Volcan (c\u2019est \u00e7a le Volcanisme)\u2026 voire submerg\u00e9e par une Vague d\u00e9vastatrice (c\u2019est \u00e7a le Tsunami)\u2026 <\/strong><\/em><\/p>\n<p><em><strong> <\/strong><\/em><\/p>\n<p><em><strong>Votre Ti Bon Dieu ne vous en parlait pas comme des choses aussi importantes \u00e0 envisager que votre culture, votre dignit\u00e9, votre langue, votre peau et vos racines\u00a0?<\/strong><\/em><\/p>\n<p>&nbsp;<\/p>\n<ul>\n<li>Euh\u00a0!.. je ne me rappelle pas\u00a0!..<\/li>\n<\/ul>\n<p>&nbsp;<\/p>\n<p>&nbsp;<\/p>\n<p><em><strong>Hum, hum\u00a0! Pour ce qui est de vos risques li\u00e9s aux ph\u00e9nom\u00e8nes g\u00e9ologiques d\u2019origine externe. Il y en a aussi. <\/strong><\/em><\/p>\n<p><em><strong> <\/strong><\/em><\/p>\n<p><em><strong>Vos c\u00f4tes n\u2019ont-elles jamais souffert des turbulences de la mer (\u00e7a peut \u00eatre d\u00fb \u00e0 la lune, c\u2019est alors la mar\u00e9e, ou au vent, c\u2019est alors la temp\u00eate)\u2026 avez-vous parfois souffert de la violence du vent (Cyclone, typhon, hurricane)\u2026 ou de l\u2019abondance des eaux de pluie et ses cons\u00e9quences telles d\u00e9vastations des eaux de ruissellement, d\u00e9bordement des cours d\u2019eau, inondation de vos plaines, de vos villes\u2026 <\/strong><\/em><\/p>\n<p><em><strong> <\/strong><\/em><\/p>\n<p><em><strong>Vos Car\u00eames sont-ils parfois assez rigoureux pour assoiffer et affamer b\u00eates, plantes et gens. <\/strong><\/em><\/p>\n<p><em><strong> <\/strong><\/em><\/p>\n<p><em><strong>Et votre Petit Bon-Dieu ne vous en a pas parl\u00e9 comme de choses \u00e0 apprendre \u00e0 pr\u00e9voir et \u00e0 obvier avec autant de pr\u00e9occupation et d\u2019imagination que les soins \u00e0 apporter \u00e0 votre culture, votre dignit\u00e9, votre langue, votre peau et vos racines\u00a0?<\/strong><\/em><\/p>\n<p>&nbsp;<\/p>\n<ul>\n<li>Euh\u00a0!.. Il s\u2019est occup\u00e9 dit-on de \u00ab\u00a0Sa\u00a0\u00bb Ville Capitale, n\u2019\u00e9tait-ce pas assez\u00a0?<\/li>\n<\/ul>\n<p>&nbsp;<\/p>\n<p>&nbsp;<\/p>\n<p><em><strong>Hum, hum, hum\u00a0! Pour ce qui est de vos risques li\u00e9s \u00e0 vos parasites externes d\u2019origine animale, ils ne font pas d\u00e9faut\u00a0! Amibes, amibo\u00efdes, acariens, insectes, rats\u2026 \u00e7a vous d\u00e9vore tout, aucune r\u00e9serve alimentaire ne peut leur survivre plus de quinze jours et plus on est malpropre, davantage \u00e7a prolif\u00e8re\u2026 sans compter les parasites d\u2019origine v\u00e9g\u00e9tale\u00a0!..<\/strong><\/em><\/p>\n<p><em><strong> <\/strong><\/em><\/p>\n<p><em><strong>Votre Petit Bon-Dieu vous en a certainement parl\u00e9 et mise en garde, de sa bouche ou de sa plume tout autant qu\u2019il l\u2019a fait de votre culture, votre dignit\u00e9, votre langue, votre peau et vos racines.<\/strong><\/em><\/p>\n<p>&nbsp;<\/p>\n<ul>\n<li>Peuh\u2026 que sais-je.<\/li>\n<\/ul>\n<p>&nbsp;<\/p>\n<p>&nbsp;<\/p>\n<p><em><strong>Soit. Vos troubles sont peut-\u00eatre li\u00e9s \u00e0 l\u2019usage intempestif de substances chimiques trop peu exp\u00e9riment\u00e9es pour que les effets secondaires soient tous connus et ma\u00eetris\u00e9s. Mais comment faire autrement.<\/strong><\/em><\/p>\n<p><em><strong> <\/strong><\/em><\/p>\n<p><em><strong>Comme vous le savez, toute n\u00e9gligence en hygi\u00e8ne publique ou priv\u00e9e fait l\u2019affaire des parasites et d\u00e8s lors il faut choisir entre ne rien avoir \u00e0 manger ou risquer pour les combattre des substances chimiques dangereuses\u00a0! Le DDT autrefois, le chlord\u00e9cone hier encore\u2026 les microbes se vaccinent eux aussi\u00a0!<\/strong><\/em><\/p>\n<p><em><strong> <\/strong><\/em><\/p>\n<p><em><strong>Votre Petit Bon-Dieu vous a certainement \u00e9duqu\u00e9e \u00e0 cela.<\/strong><\/em><\/p>\n<p>&nbsp;<\/p>\n<ul>\n<li>Dites donc\u2026 c\u2019\u00e9tait pas son m\u00e9tier\u00a0!..<\/li>\n<li>En sa qualit\u00e9 de Ti Bon-Di\u00e9\u2026 il avait des Ap\u00f4tres\u00a0!.. des Lieu-tenants\u00a0!..<\/li>\n<\/ul>\n<p>&nbsp;<\/p>\n<p>&nbsp;<\/p>\n<p><em><strong>Enfin, vos troubles doivent s\u2019expliquer par vos pr\u00e9occupations subconscientes tr\u00e8s justifi\u00e9es relatives \u00e0 votre rapport Besoins de Bouche et d\u2019Equipement d\u2019une part, et Production Propre pour y satisfaire, d\u2019autre part.<\/strong><\/em><\/p>\n<p><em><strong> <\/strong><\/em><\/p>\n<p><em><strong>Certes, la Noblesse et la Saintet\u00e9 de votre Petit Bon-Dieu sont hors de cause.<\/strong><\/em><\/p>\n<p><em><strong> <\/strong><\/em><\/p>\n<p><em><strong><img loading=\"lazy\" decoding=\"async\" class=\"alignleft size-full wp-image-5636\" title=\"nostalgie\" src=\"http:\/\/www.lecarrefourdesopinions.ca\/wp-content\/uploads\/2011\/05\/nostalgie.jpg\" alt=\"\" width=\"91\" height=\"73\" \/>Comment pourrait-il en \u00eatre autrement\u00a0: la culture, la dignit\u00e9, la langue, la peau et les racines, quoi de plus important.<\/strong><\/em><\/p>\n<p><em><strong> <\/strong><\/em><\/p>\n<p><em><strong>Mais h\u00e9las pour vous, votre Petit Bon-Dieu est bien au Panth\u00e9on avec ses Po\u00e8mes,<\/strong><\/em><\/p>\n<p><em><strong>Et vous, tout prosa\u00efquement, vous voil\u00e0 dans le P\u00e9trin, Ch\u00e8re Population.<\/strong><\/em><\/p>\n<p>&nbsp;<\/p>\n<ul>\n<li>Euh\u00a0! J\u2019avais pas vu \u00e7a comme \u00e7a Doc\u00a0!..<\/li>\n<\/ul>\n<p>&nbsp;<\/p>\n<p><em><strong> <\/strong><\/em><\/p>\n<p><span style=\"color: #800000;\"><em><strong>Eh bien ma Ch\u00e8re, vous souffrez de C\u00e9sairite Chronique.<\/strong><\/em><\/span><\/p>\n<p><span style=\"color: #800000;\"><em><strong>Cela vous porte sur la vue, sur le sens et sur l\u2019imagination.<\/strong><\/em><\/span><\/p>\n<p><span style=\"color: #800000;\"><em><strong>Pas de rem\u00e8de \u00e0 cela, \u00e7a gu\u00e9rira avec le temps, esp\u00e9rons le.<\/strong><\/em><\/span><\/p>\n<p><span style=\"color: #800000;\"><em><strong>Allez\u00a0! Vous ne me devez rien. Vous \u00eates \u00e0 100%,<\/strong><\/em><\/span><\/p>\n<p><span style=\"color: #800000;\"><em><strong>C\u2019est la S\u00e9cu qui paie.<\/strong><\/em><\/span><\/p>\n<p>&nbsp;<\/p>\n<p>&nbsp;<\/p>\n<p><em><strong>Bizarre\u2026 bizarre\u2026 on dirait une voix connue\u2026<\/strong><\/em><\/p>\n<script type=\"text\/javascript\">\n\nvar addthis_config = {\"data_track_clickback\":false,\"data_track_addressbar\":false,\"data_track_textcopy\":false};\n<\/script><script type=\"text\/javascript\" src=\"\/\/s7.addthis.com\/js\/250\/addthis_widget.js#pubid=a457a6d63fb9e6ccabdde4110343bd85\"><\/script>","protected":false},"excerpt":{"rendered":"<p><span style=\"color: #3366ff;\">Docteur\u00a0! Je me sens mal.<\/span><\/p>\n<p>&nbsp;<\/p>\n<p>  <span style=\"color: #800000;\">Par Eric E.G. NOGARD <\/span> <\/p>\n<p>&nbsp;<\/p>\n<p>Docteur Knock est en Consultation avec une certaine Population.<\/p>\n<p>Si nous collions l\u2019oreille au trou de sa serrure\u00a0!.. Ecoutons.<\/p>\n<p>&nbsp;<\/p>\n<li>Docteur je me sens &hellip;<\/li>\n","protected":false},"author":1,"featured_media":0,"comment_status":"open","ping_status":"open","sticky":false,"template":"","format":"standard","meta":{"footnotes":""},"categories":[1],"tags":[],"class_list":["post-5634","post","type-post","status-publish","format-standard","hentry","category-accueil"],"_links":{"self":[{"href":"http:\/\/www.lecarrefourdesopinions.ca\/index.php?rest_route=\/wp\/v2\/posts\/5634","targetHints":{"allow":["GET"]}}],"collection":[{"href":"http:\/\/www.lecarrefourdesopinions.ca\/index.php?rest_route=\/wp\/v2\/posts"}],"about":[{"href":"http:\/\/www.lecarrefourdesopinions.ca\/index.php?rest_route=\/wp\/v2\/types\/post"}],"author":[{"embeddable":true,"href":"http:\/\/www.lecarrefourdesopinions.ca\/index.php?rest_route=\/wp\/v2\/users\/1"}],"replies":[{"embeddable":true,"href":"http:\/\/www.lecarrefourdesopinions.ca\/index.php?rest_route=%2Fwp%2Fv2%2Fcomments&post=5634"}],"version-history":[{"count":3,"href":"http:\/\/www.lecarrefourdesopinions.ca\/index.php?rest_route=\/wp\/v2\/posts\/5634\/revisions"}],"predecessor-version":[{"id":5654,"href":"http:\/\/www.lecarrefourdesopinions.ca\/index.php?rest_route=\/wp\/v2\/posts\/5634\/revisions\/5654"}],"wp:attachment":[{"href":"http:\/\/www.lecarrefourdesopinions.ca\/index.php?rest_route=%2Fwp%2Fv2%2Fmedia&parent=5634"}],"wp:term":[{"taxonomy":"category","embeddable":true,"href":"http:\/\/www.lecarrefourdesopinions.ca\/index.php?rest_route=%2Fwp%2Fv2%2Fcategories&post=5634"},{"taxonomy":"post_tag","embeddable":true,"href":"http:\/\/www.lecarrefourdesopinions.ca\/index.php?rest_route=%2Fwp%2Fv2%2Ftags&post=5634"}],"curies":[{"name":"wp","href":"https:\/\/api.w.org\/{rel}","templated":true}]}}