{"id":5631,"date":"2011-05-11T08:58:36","date_gmt":"2011-05-11T12:58:36","guid":{"rendered":"http:\/\/www.lecarrefourdesopinions.ca\/?p=5631"},"modified":"2011-05-11T08:58:36","modified_gmt":"2011-05-11T12:58:36","slug":"le-son-de-l%e2%80%99europe-de-l%e2%80%99est","status":"publish","type":"post","link":"http:\/\/www.lecarrefourdesopinions.ca\/?p=5631","title":{"rendered":"Le son de l\u2019Europe de l\u2019Est"},"content":{"rendered":"<p><strong>Le son de l\u2019Europe de l\u2019Est<\/strong><strong> <\/strong><\/p>\n<p><strong>L&rsquo;Association La Muse- H\u00e9ritage musical \u00a0\u00a0\u00a0\u00a0\u00a0\u00a0\u00a0\u00a0\u00a0\u00a0\u00a0\u00a0\u00a0 COMMUNIQU\u00c9 <\/strong><\/p>\n<p><strong><img loading=\"lazy\" decoding=\"async\" class=\"alignleft size-full wp-image-5632\" title=\"Association\" src=\"http:\/\/www.lecarrefourdesopinions.ca\/wp-content\/uploads\/2011\/05\/Association.jpg\" alt=\"\" width=\"88\" height=\"94\" \/><br \/><\/strong><\/p>\n<p><strong><em>Une merveilleuse musique classique d\u2019inspiration folklorique<\/em><\/strong><\/p>\n<p>&nbsp;<\/p>\n<p>&nbsp;<\/p>\n<p>Anim\u00e9s par l\u2019envie de faire partager l\u2019\u00e9motion et le plaisir de sons m\u00e9lodieux, nous vous proposons un voyage musical \u00e0 travers diff\u00e9rentes cultures. Cette soir\u00e9e enchanteresse vous permettra de vivre des instants de bonheur en vous laissant emporter par la magie de la musique. Elle vous permettra de mieux conna\u00eetre de merveilleux classiques de la musique roumaine d\u2019inspiration folklorique.<\/p>\n<p>&nbsp;<\/p>\n<p><strong>C\u2019est donc avec enthousiasme que l\u2019association La Muse H\u00e9ritage Musical vous pr\u00e9sente, le 15\u00a0mai prochain \u00e0 16\u00a0h, \u00e0 la salle du Ges\u00f9, un prestigieux \u00e9v\u00e9nement<\/strong> : <strong>LE SON DE L\u2019EUROPE DE L\u2019EST.<\/strong> Cette soir\u00e9e riche en d\u00e9couvertes historiques et artistiques comprendra un concert, une exposition, un expos\u00e9 multim\u00e9dia et, apr\u00e8s le spectacle, un cocktail.<\/p>\n<p>&nbsp;<\/p>\n<p>Le concert pr\u00e9sentera trois compositeurs roumains\u00a0: le romantique Iacob Muresianu (1857-1917) et les modernes Iuliu Muresianu (1900-1956) et George Enescu (1881-1955). Leur musique, parfois nostalgique, parfois dansante, est enracin\u00e9e dans la richesse harmonique du folklore roumain. Quant aux interpr\u00e8tes qui participeront au concert, ils sont de divers horizons culturels\u00a0: la soprano canadienne Brigitte Holleran, le t\u00e9nor mexicain Jaime Sandoval, les pianistes roumaines Ruxandra Oancea et Monica Hurdubei, la violoniste d\u2019origine azerba\u00efdjanaise Aysel Taghi-Zada et le ch\u0153ur La Muse, qui int\u00e8gre des choristes roumains et canadiens. \u00c0 eux tous, ils vous promettent une exp\u00e9rience musicale in\u00e9dite. En \u00e9coutant des airs pleins d\u2019enchantement et des pi\u00e8ces pour piano et ch\u0153ur d\u2019une merveilleuse harmonie, vous serez transport\u00e9s dans un voyage intemporel, rempli de joie, qui vous fera d\u00e9couvrir de nouveaux univers. Ce voyage musical entre les pays et les cultures vous fera vivre une exp\u00e9rience inoubliable, riche en moments touchants et de pur bonheur musical.<\/p>\n<p>&nbsp;<\/p>\n<p>&nbsp;<\/p>\n<p>Site du Ges\u00f9<\/p>\n<p><strong><a href=\"http:\/\/www.legesu.com\/spectacles\/musique-classique-roumaine\/\">http:\/\/www.legesu.com\/spectacles\/musique-classique-roumaine\/<\/a><\/strong><\/p>\n<p><strong> <\/strong><\/p>\n<p>Site de l\u2019Association La Muse H\u00e9ritage Musical<\/p>\n<p><strong><a href=\"http:\/\/www.la-muse.org\/?page_id=650\">http:\/\/www.la-muse.org\/?page_id=650<\/a><\/strong><\/p>\n<p><strong> <\/strong><\/p>\n<p><strong> <\/strong><\/p>\n<p><strong>Ioana GERMAN<\/strong><\/p>\n<p>&nbsp;<\/p>\n<p>Pr\u00e9sidente de l\u2019Association<\/p>\n<p><strong>LA MUSE  H\u00c9RITAGE<\/strong><strong> MUSICAL<\/strong><\/p>\n<p>4061, rue Saint-Denis, Montr\u00e9al\u00a0 H2W 2M7<\/p>\n<p><a href=\"mailto:ioanagerman@la-muse.org\">ioanagerman@la-muse.org<\/a><\/p>\n<p><strong>514-344-1572<\/strong><\/p>\n<script type=\"text\/javascript\">\n\nvar addthis_config = {\"data_track_clickback\":false,\"data_track_addressbar\":false,\"data_track_textcopy\":false};\n<\/script><script type=\"text\/javascript\" src=\"\/\/s7.addthis.com\/js\/250\/addthis_widget.js#pubid=a457a6d63fb9e6ccabdde4110343bd85\"><\/script>","protected":false},"excerpt":{"rendered":"<p>Le son de l\u2019Europe de l\u2019Est <\/p>\n<p>L&rsquo;Association La Muse- H\u00e9ritage musical \u00a0\u00a0\u00a0\u00a0\u00a0\u00a0\u00a0\u00a0\u00a0\u00a0\u00a0\u00a0\u00a0 COMMUNIQU\u00c9 <\/p>\n<\/p>\n<p>Une merveilleuse musique classique d\u2019inspiration folklorique<\/p>\n<p>&nbsp;<\/p>\n<p>&nbsp;<\/p>\n<p>Anim\u00e9s par l\u2019envie de faire partager l\u2019\u00e9motion et le plaisir de sons m\u00e9lodieux, nous vous proposons un &hellip;<\/p>\n","protected":false},"author":1,"featured_media":0,"comment_status":"open","ping_status":"open","sticky":false,"template":"","format":"standard","meta":{"footnotes":""},"categories":[1],"tags":[],"class_list":["post-5631","post","type-post","status-publish","format-standard","hentry","category-accueil"],"_links":{"self":[{"href":"http:\/\/www.lecarrefourdesopinions.ca\/index.php?rest_route=\/wp\/v2\/posts\/5631","targetHints":{"allow":["GET"]}}],"collection":[{"href":"http:\/\/www.lecarrefourdesopinions.ca\/index.php?rest_route=\/wp\/v2\/posts"}],"about":[{"href":"http:\/\/www.lecarrefourdesopinions.ca\/index.php?rest_route=\/wp\/v2\/types\/post"}],"author":[{"embeddable":true,"href":"http:\/\/www.lecarrefourdesopinions.ca\/index.php?rest_route=\/wp\/v2\/users\/1"}],"replies":[{"embeddable":true,"href":"http:\/\/www.lecarrefourdesopinions.ca\/index.php?rest_route=%2Fwp%2Fv2%2Fcomments&post=5631"}],"version-history":[{"count":2,"href":"http:\/\/www.lecarrefourdesopinions.ca\/index.php?rest_route=\/wp\/v2\/posts\/5631\/revisions"}],"predecessor-version":[{"id":5653,"href":"http:\/\/www.lecarrefourdesopinions.ca\/index.php?rest_route=\/wp\/v2\/posts\/5631\/revisions\/5653"}],"wp:attachment":[{"href":"http:\/\/www.lecarrefourdesopinions.ca\/index.php?rest_route=%2Fwp%2Fv2%2Fmedia&parent=5631"}],"wp:term":[{"taxonomy":"category","embeddable":true,"href":"http:\/\/www.lecarrefourdesopinions.ca\/index.php?rest_route=%2Fwp%2Fv2%2Fcategories&post=5631"},{"taxonomy":"post_tag","embeddable":true,"href":"http:\/\/www.lecarrefourdesopinions.ca\/index.php?rest_route=%2Fwp%2Fv2%2Ftags&post=5631"}],"curies":[{"name":"wp","href":"https:\/\/api.w.org\/{rel}","templated":true}]}}