{"id":5543,"date":"2011-05-01T09:46:24","date_gmt":"2011-05-01T13:46:24","guid":{"rendered":"http:\/\/www.lecarrefourdesopinions.ca\/?p=5543"},"modified":"2011-05-04T15:02:40","modified_gmt":"2011-05-04T19:02:40","slug":"levee-du-drapeau-le-30-avril-2011-a-brossard","status":"publish","type":"post","link":"http:\/\/www.lecarrefourdesopinions.ca\/?p=5543","title":{"rendered":"LEV\u00c9E DU DRAPEAU LE 30 AVRIL 2011 \u00c0 BROSSARD"},"content":{"rendered":"<p>Abel Claude Arslanian<\/p>\n<p>&nbsp;<\/p>\n<h3>LEV\u00c9E DU DRAPEAU LE 30 AVRIL 2011 \u00c0 BROSSARD<\/h3>\n<p>&nbsp;<\/p>\n<p style=\"text-align: justify;\">Pour comm\u00e9morer le 30 avril 1975, date \u00e0 laquelle\u00a0 la ville de Sa\u00efgon tombe aux mains des nord-vietnamiens, une grande c\u00e9r\u00e9monie de lev\u00e9e du drapeau a \u00e9t\u00e9 organis\u00e9e par Me Lam Chan Tho, \u00e0 l\u2019H\u00f4tel de ville de Brossard (Qu\u00e9bec).<\/p>\n<p style=\"text-align: justify;\">En cette matin\u00e9e du 30 avril 2011, le drapeau jaune ray\u00e9\u00a0 de trois bandes rouges a \u00e9t\u00e9 hiss\u00e9 \u00e0 l\u2019un des m\u00e2ts de l\u2019H\u00f4tel de ville. Cet \u00e9v\u00e9nement solennel voulait souligner la m\u00e9moire des h\u00e9ros du Sud Vietnam, morts durant la guerre du Vietnam qui opposa le Nord et le Sud de 1954 \u00e0 1975.<\/p>\n<p><img loading=\"lazy\" decoding=\"async\" class=\"alignleft size-thumbnail wp-image-5577\" title=\"lev\u00e9e de drapeau Vietnam 30 avril 022\" src=\"http:\/\/www.lecarrefourdesopinions.ca\/wp-content\/uploads\/2011\/05\/lev\u00e9e-de-drapeau-Vietnam-30-avril-0223-134x107.jpg\" alt=\"\" width=\"134\" height=\"107\" \/> <span style=\"color: #ffffff;\">&#8230;.. <span style=\"color: #ffffff;\">&#8230;.<\/span><\/span><img loading=\"lazy\" decoding=\"async\" class=\"aligncenter size-thumbnail wp-image-5579\" title=\"lev\u00e9e de drapeau Vietnam 30 avril 024\" src=\"http:\/\/www.lecarrefourdesopinions.ca\/wp-content\/uploads\/2011\/05\/lev\u00e9e-de-drapeau-Vietnam-30-avril-0244-134x107.jpg\" alt=\"\" width=\"134\" height=\"107\" \/><img loading=\"lazy\" decoding=\"async\" class=\"alignright size-thumbnail wp-image-5583\" title=\"lev\u00e9e de drapeau Vietnam 30 avril 041\" src=\"http:\/\/www.lecarrefourdesopinions.ca\/wp-content\/uploads\/2011\/05\/lev\u00e9e-de-drapeau-Vietnam-30-avril-0414-134x107.jpg\" alt=\"\" width=\"134\" height=\"107\" \/><\/p>\n<p><span style=\"color: #ffffff;\">.\u00a0 . \u00a0 \u00a0\u00a0 &#8230;.<\/span><\/p>\n<p>&nbsp;<\/p>\n<p>&nbsp;<\/p>\n<p><img loading=\"lazy\" decoding=\"async\" class=\"aligncenter size-thumbnail wp-image-5622\" title=\"Drap-5215H\" src=\"http:\/\/www.lecarrefourdesopinions.ca\/wp-content\/uploads\/2011\/05\/Drap-5215H-134x107.jpg\" alt=\"\" width=\"134\" height=\"107\" \/><span style=\"color: #ffffff;\">&#8230;..<img loading=\"lazy\" decoding=\"async\" class=\"alignright size-thumbnail wp-image-5623\" title=\"Drap-5224H\" src=\"http:\/\/www.lecarrefourdesopinions.ca\/wp-content\/uploads\/2011\/05\/Drap-5224H-134x107.jpg\" alt=\"\" width=\"134\" height=\"107\" \/><\/span><span style=\"color: #ffffff;\">&#8230;..<\/span><\/p>\n<p style=\"text-align: justify;\"><span style=\"color: #ffffff;\">.<\/span><\/p>\n<p style=\"text-align: justify;\">\n<p style=\"text-align: justify;\">\n<p style=\"text-align: justify;\"><img loading=\"lazy\" decoding=\"async\" class=\"alignleft size-medium wp-image-5629\" title=\"Drap-5221H\" src=\"http:\/\/www.lecarrefourdesopinions.ca\/wp-content\/uploads\/2011\/05\/Drap-5221H1-300x200.jpg\" alt=\"\" width=\"300\" height=\"200\" srcset=\"http:\/\/www.lecarrefourdesopinions.ca\/wp-content\/uploads\/2011\/05\/Drap-5221H1-300x200.jpg 300w, http:\/\/www.lecarrefourdesopinions.ca\/wp-content\/uploads\/2011\/05\/Drap-5221H1-400x266.jpg 400w, http:\/\/www.lecarrefourdesopinions.ca\/wp-content\/uploads\/2011\/05\/Drap-5221H1.jpg 1024w\" sizes=\"auto, (max-width: 300px) 100vw, 300px\" \/><span style=\"color: #ffffff;\">.<\/span><\/p>\n<p style=\"text-align: justify;\"><span style=\"color: #ffffff;\"> <\/span><span style=\"color: #ffffff;\">.<\/span><\/p>\n<p style=\"text-align: justify;\"><span style=\"color: #ffffff;\"><br \/><\/span><\/p>\n<p style=\"text-align: justify;\">La communaut\u00e9 vietnamienne du Qu\u00e9bec a particip\u00e9 activement et en grand nombre \u00e0 la c\u00e9r\u00e9monie de ce 36<sup>\u00e8me<\/sup> anniversaire,\u00a0 entour\u00e9e de plusieurs personnalit\u00e9s officielles ainsi que des amis de la communaut\u00e9.<\/p>\n<p style=\"text-align: justify;\"><span style=\"color: #ffffff;\">.<\/span><\/p>\n<p style=\"text-align: justify;\"><span style=\"color: #ffffff;\">.<\/span><\/p>\n<p style=\"text-align: justify;\"><span style=\"color: #ffffff;\"><br \/><\/span><\/p>\n<p style=\"text-align: justify;\">\n<p><span style=\"color: #ffffff;\">.<\/span><\/p>\n<p><span style=\"color: #ffffff;\">&#8230;&#8230;&#8230;&#8230;&#8230;..<\/span><\/p>\n<p><span style=\"color: #ffffff;\">.<\/span><\/p>\n<p><img loading=\"lazy\" decoding=\"async\" class=\"aligncenter size-medium wp-image-5628\" title=\"Drap-5268H\" src=\"http:\/\/www.lecarrefourdesopinions.ca\/wp-content\/uploads\/2011\/05\/Drap-5268H2-300x200.jpg\" alt=\"\" width=\"300\" height=\"200\" srcset=\"http:\/\/www.lecarrefourdesopinions.ca\/wp-content\/uploads\/2011\/05\/Drap-5268H2-300x200.jpg 300w, http:\/\/www.lecarrefourdesopinions.ca\/wp-content\/uploads\/2011\/05\/Drap-5268H2-400x266.jpg 400w, http:\/\/www.lecarrefourdesopinions.ca\/wp-content\/uploads\/2011\/05\/Drap-5268H2.jpg 1024w\" sizes=\"auto, (max-width: 300px) 100vw, 300px\" \/><\/p>\n<p><span style=\"color: #ffffff;\"><br \/><\/span><\/p>\n<p><span style=\"color: #ffffff;\">.<\/span><\/p>\n<p><span style=\"color: #ffffff;\"><br \/><\/span><\/p>\n<p style=\"text-align: justify;\"><span style=\"color: #ffffff;\"><span style=\"color: #ffffff;\">.<\/span><\/span><\/p>\n<p style=\"text-align: justify;\"><span style=\"color: #ffffff;\"><span style=\"color: #ffffff;\">.<\/span><\/span><\/p>\n<p style=\"text-align: justify;\"><span style=\"color: #ffffff;\"><span style=\"color: #ffffff;\"><br \/><\/span><\/span><\/p>\n<p style=\"text-align: justify;\">Plusieurs discours ont \u00e9t\u00e9 prononc\u00e9s.<\/p>\n<p style=\"text-align: justify;\"><img loading=\"lazy\" decoding=\"async\" class=\"alignleft size-thumbnail wp-image-5627\" title=\"Drap-5243H\" src=\"http:\/\/www.lecarrefourdesopinions.ca\/wp-content\/uploads\/2011\/05\/Drap-5243H-134x107.jpg\" alt=\"\" width=\"134\" height=\"107\" \/>Me Lam Chan Tho, pour sa part, a relat\u00e9 les tristes circonstances de cette date\u00a0 pour le Sud-Vietnam rappelant l\u2019entr\u00e9e des troupes du Nord-Vietnam et du Vi\u00eat-Cong\u00a0\u00a0 dans Sa\u00efgon, avec les cons\u00e9quences sur la d\u00e9mocratie et le respect des droits humains au Vietnam. R\u00e9unification pour certains, occupation pour d\u2019autres, la chute de Sa\u00efgon mettait un terme \u00e0 une longue guerre conduisant, 14 mois plus tard, \u00e0 la r\u00e9unification, par la force, du pays. La chute ( pour les partisans du Sud)\u00a0 ou la lib\u00e9ration ( pour les partisans du Nord) de Sa\u00efgon sera concr\u00e9tis\u00e9e par le changement de son nom en H\u00f4-Chi-Minh-Ville.<img loading=\"lazy\" decoding=\"async\" class=\"alignright size-medium wp-image-5598\" title=\"lev\u00e9e de drapeau Vietnam 30 avril 040\" src=\"http:\/\/www.lecarrefourdesopinions.ca\/wp-content\/uploads\/2011\/05\/lev\u00e9e-de-drapeau-Vietnam-30-avril-040-300x225.jpg\" alt=\"\" width=\"300\" height=\"225\" srcset=\"http:\/\/www.lecarrefourdesopinions.ca\/wp-content\/uploads\/2011\/05\/lev\u00e9e-de-drapeau-Vietnam-30-avril-040-300x225.jpg 300w, http:\/\/www.lecarrefourdesopinions.ca\/wp-content\/uploads\/2011\/05\/lev\u00e9e-de-drapeau-Vietnam-30-avril-040-1024x768.jpg 1024w, http:\/\/www.lecarrefourdesopinions.ca\/wp-content\/uploads\/2011\/05\/lev\u00e9e-de-drapeau-Vietnam-30-avril-040-400x300.jpg 400w\" sizes=\"auto, (max-width: 300px) 100vw, 300px\" \/><\/p>\n<p style=\"text-align: justify;\">Une belle r\u00e9ception \u00e0 l\u2019H\u00f4tel de ville de Brossard a cl\u00f4tur\u00e9 cette c\u00e9r\u00e9monie de comm\u00e9moration.<\/p>\n<p style=\"text-align: justify;\"><span style=\"color: #ffffff;\">.<\/span><\/p>\n<p style=\"text-align: justify;\"><span style=\"color: #ffffff;\"><span style=\"color: #ffffff;\">.<\/span><\/span><\/p>\n<p style=\"text-align: justify;\"><span style=\"color: #ffffff;\"><span style=\"color: #ffffff;\">.<\/span><\/span><\/p>\n<p style=\"text-align: justify;\"><span style=\"color: #ffffff;\"><span style=\"color: #ffffff;\">.<\/span><\/span><\/p>\n<p style=\"text-align: justify;\"><span style=\"color: #ffffff;\"><span style=\"color: #ffffff;\"><br \/><\/span><\/span><\/p>\n<p><span style=\"color: #ffffff;\">&#8230;&#8230;&#8230;&#8230;&#8230;&#8230;&#8230;&#8230;&#8230;&#8230;.<\/span><span style=\"color: #ffffff;\">&#8230;&#8230;&#8230;&#8230;.<\/span><\/p>\n<p>&nbsp;<\/p>\n<p><span style=\"color: #000000;\">=====================================================<\/span>=================<\/p>\n<p>&nbsp;<\/p>\n<p>&nbsp;<\/p>\n<script type=\"text\/javascript\">\n\nvar addthis_config = {\"data_track_clickback\":false,\"data_track_addressbar\":false,\"data_track_textcopy\":false};\n<\/script><script type=\"text\/javascript\" src=\"\/\/s7.addthis.com\/js\/250\/addthis_widget.js#pubid=a457a6d63fb9e6ccabdde4110343bd85\"><\/script>","protected":false},"excerpt":{"rendered":"<p>Abel Claude Arslanian<\/p>\n<p>&nbsp;<\/p>\n<p>LEV\u00c9E DU DRAPEAU LE 30 AVRIL 2011 \u00c0 BROSSARD<\/p>\n<p>&nbsp;<\/p>\n<p style=\"text-align: justify;\">Pour comm\u00e9morer le 30 avril 1975, date \u00e0 laquelle\u00a0 la ville de Sa\u00efgon tombe aux mains des nord-vietnamiens, une grande c\u00e9r\u00e9monie de lev\u00e9e &hellip;<\/p>\n","protected":false},"author":1,"featured_media":0,"comment_status":"open","ping_status":"open","sticky":false,"template":"","format":"standard","meta":{"footnotes":""},"categories":[1],"tags":[],"class_list":["post-5543","post","type-post","status-publish","format-standard","hentry","category-accueil"],"_links":{"self":[{"href":"http:\/\/www.lecarrefourdesopinions.ca\/index.php?rest_route=\/wp\/v2\/posts\/5543","targetHints":{"allow":["GET"]}}],"collection":[{"href":"http:\/\/www.lecarrefourdesopinions.ca\/index.php?rest_route=\/wp\/v2\/posts"}],"about":[{"href":"http:\/\/www.lecarrefourdesopinions.ca\/index.php?rest_route=\/wp\/v2\/types\/post"}],"author":[{"embeddable":true,"href":"http:\/\/www.lecarrefourdesopinions.ca\/index.php?rest_route=\/wp\/v2\/users\/1"}],"replies":[{"embeddable":true,"href":"http:\/\/www.lecarrefourdesopinions.ca\/index.php?rest_route=%2Fwp%2Fv2%2Fcomments&post=5543"}],"version-history":[{"count":5,"href":"http:\/\/www.lecarrefourdesopinions.ca\/index.php?rest_route=\/wp\/v2\/posts\/5543\/revisions"}],"predecessor-version":[{"id":5617,"href":"http:\/\/www.lecarrefourdesopinions.ca\/index.php?rest_route=\/wp\/v2\/posts\/5543\/revisions\/5617"}],"wp:attachment":[{"href":"http:\/\/www.lecarrefourdesopinions.ca\/index.php?rest_route=%2Fwp%2Fv2%2Fmedia&parent=5543"}],"wp:term":[{"taxonomy":"category","embeddable":true,"href":"http:\/\/www.lecarrefourdesopinions.ca\/index.php?rest_route=%2Fwp%2Fv2%2Fcategories&post=5543"},{"taxonomy":"post_tag","embeddable":true,"href":"http:\/\/www.lecarrefourdesopinions.ca\/index.php?rest_route=%2Fwp%2Fv2%2Ftags&post=5543"}],"curies":[{"name":"wp","href":"https:\/\/api.w.org\/{rel}","templated":true}]}}