{"id":5537,"date":"2011-05-04T12:01:28","date_gmt":"2011-05-04T16:01:28","guid":{"rendered":"http:\/\/www.lecarrefourdesopinions.ca\/?p=5537"},"modified":"2011-05-04T12:01:28","modified_gmt":"2011-05-04T16:01:28","slug":"exces-du-pouvoir-par-la-gauche-et-la-droite-1","status":"publish","type":"post","link":"http:\/\/www.lecarrefourdesopinions.ca\/?p=5537","title":{"rendered":"Exc\u00e8s du pouvoir par la gauche et la droite (1)"},"content":{"rendered":"<p><span style=\"color: #3366ff;\"><strong>Exc\u00e8s du pouvoir par la gauche et la droite (1)<\/strong><\/span><\/p>\n<p><em><img loading=\"lazy\" decoding=\"async\" class=\"alignleft size-thumbnail wp-image-5538\" title=\"photo Michel Frankland 2\" src=\"http:\/\/www.lecarrefourdesopinions.ca\/wp-content\/uploads\/2011\/05\/photo-Michel-Frankland-2-134x107.jpg\" alt=\"\" width=\"134\" height=\"107\" \/> <span style=\"color: #800000;\">Par Michel Frankland <\/span> <br \/><\/em><\/p>\n<p style=\"text-align: justify;\"><strong>Nous avons \u00e9t\u00e9 confront\u00e9s, avec l\u2019\u00e9lection\u00a0 f\u00e9d\u00e9rale du 2 mai 2011, avec la notion de gauche et de droite. Comment con\u00e7oivent le pouvoir\u00a0? Quels exc\u00e8s de pouvoir les aguichent\u00a0?<\/strong><\/p>\n<p style=\"text-align: justify;\">Pour l\u2019essentiel, la gauche per\u00e7oit le pouvoir\u00a0 comme une mobilisation populaire. Elle veut mobiliser les citoyens et devenir un champion pour \u00a0la justice, l\u2019\u00e9galit\u00e9. Le slogan de la R\u00e9volution fran\u00e7aise est de la m\u00eame eau\u00a0: <strong>\u00abLibert\u00e9, \u00e9galit\u00e9, fraternit\u00e9.\u00bb<\/strong> Le peuple au pouvoir\u00a0! Autant la gauche part d\u2019en bas, du petit peuple dont elle d\u00e9sire \u00eatre la voix\u00a0 (et la voie), autant la droite veut g\u00e9rer le pays par la qualit\u00e9 des administrateurs.\u00a0 Pour la droite, cent moutons ne font pas un lion. La droite part d\u2019en haut.\u00a0 Elle sera donc plus naturellement sensible \u00e0 l\u2019influx mon\u00e9taire \u00e0 sa campagne<strong>.\u00a0 La gauche ramassera un million avec \u00a050\u00a0000 dons de 20 $\u00a0; la droite investira du temps pour rencontrer des gens influents\u00a0: il en r\u00e9sultera 500 dons de 2000 $.\u00a0 Bref, la gauche table sur la quantit\u00e9 des dons\u00a0; la droite, sur la qualit\u00e9 des montants. Obama et Mc Caine, en simplifiant quelque peu,\u00a0 ont repr\u00e9sent\u00e9 \u00a0ces deux attitudes lors du scrutin am\u00e9ricain de 2008. <\/strong><\/p>\n<p style=\"text-align: justify;\">On objectera le mouvement populaire du Front National. Voil\u00e0 un mouvement de droite qui adopte vraisemblablement les modes de financement de la gauche.\u00a0 En fait, il s\u2019agit d\u2019un probl\u00e8me circonscrit\u00a0: Le peuple fran\u00e7ais se per\u00e7oit envahi par des groupes qui s\u2019av\u00e8rent r\u00e9barbatifs \u00e0 l\u2019assimilation. C\u2019est donc un r\u00e9flexe d\u2019\u00e9tat de guerre qui motive une part substantielle de l\u2019engouement populaire pour le parti de Marine Le Pen. \u00a0La situation diff\u00e8re du fonctionnement en \u00e9tat de paix.<\/p>\n<p style=\"text-align: justify;\">J\u2019ai signal\u00e9, dans un article sur la gauche, que cette attitude politique ne pose jamais\u00a0 s\u00e9rieusement\u00a0 la question\u00a0 du co\u00fbt de son programme. La gauche ne se pr\u00e9occupe gu\u00e8re, dans les faits, de gestion financi\u00e8re. C\u2019est pourquoi les partis de gauche, une fois au pouvoir, sont \u00a0plus que les autres sujets aux d\u00e9ficits consid\u00e9rables.\u00a0 La gestion prudente connote davantage la droite.\u00a0 L\u2019\u00e9lection f\u00e9d\u00e9rale de 2011 en fournit un bon exemple. Les personnes qui en mettent beaucoup du c\u00f4t\u00e9 d\u2019une gestion mesur\u00e9e\u00a0 se sentent davantage en syntonie avec le Parti Conservateur\u00a0; celles qui trouvent qu\u2019il convient de mettre l\u2019accent sur les familles et les conditions de vie, en mettant\u00a0 moins d\u2019emphase sur \u00a0les co\u00fbts et la r\u00e9duction de la dette,\u00a0 voteront plus naturellement pour l\u2019un des partis de gauche.<\/p>\n<p style=\"text-align: justify;\">D\u2019o\u00f9 deux exc\u00e8s. La gauche ne tient pas assez compte de l\u2019argent\u00a0; la droite le v\u00e9n\u00e8re.\u00a0 La gauche ne saisit pas naturellement\u00a0 (sauf dans ses feuillets \u00e9lectoraux) que l\u2019argent concr\u00e9tise les grandes choses de la vie\u00a0: l\u2019amour, le bien-\u00eatre n\u00e9cessaire \u00e0 l\u2019\u00e9panouissement,\u00a0 la paix, la s\u00e9curit\u00e9.\u00a0Le travail. Enfin, les grands axes de la vie. Le film Elvira Madigan l\u2019illustre.\u00a0 Voil\u00e0 deux jeunes amoureux, beaux, rayonnants de vie, de tendresses.\u00a0 Ils partent \u00e0 l\u2019aventure, circonstance romantique typique. Mais bient\u00f4t, ils manquent d\u2019argent. Ils n\u2019ont\u00a0 plus rien \u00e0 manger.\u00a0 Pas un sou pour louer une chambre. Et l\u2019in\u00e9vitable se produit\u00a0: tensions, chicanes,\u00a0 s\u00e9paration. On ne vit pas d\u2019amour et d\u2019eau\u00a0 claire. En fait, les gens de gauche, dans leur vie personnelle,\u00a0 g\u00e8rent\u00a0 assez souvent leurs finances personnelles d\u2019une mani\u00e8re d\u00e9cente. Mais cette prudence ne se traduit pas en politique.<\/p>\n<p style=\"text-align: justify;\">Parce que la gauche con\u00e7oit la politique comme un id\u00e9al.\u00a0 Que le peuple ait tout ce qu\u2019il faut\u00a0! La vie r\u00e9ussie ne doit pas \u00eatre seulement le privil\u00e8ge des riches. Il y a dans la gauche une m\u00e9fiance naturelle du succ\u00e8s financier des riches.\u00a0 Ils ont s\u00fbrement d\u00fb voler pour r\u00e9ussir aussi bien\u00a0! \u00c0 telle enseigne que les programmes de la gauche contiennent souvent un article qui affirme qu\u2019il faut taxer les riches davantage. L\u2019\u00c9tat\u00a0 est per\u00e7u par la gauche comme le Grand Pourvoyeur.\u00a0 Le d\u00e9ficit\u00a0? C\u2019est plein de comptables\u00a0 au gouvernement. Ils arrangeront\u00a0 \u00e7a\u00a0!<\/p>\n<p style=\"text-align: justify;\">Le deuxi\u00e8me volet, au prochain num\u00e9ro, terminera l\u2019analyse de la gauche et traitera des exc\u00e8s de pouvoir de la droite<\/p>\n<p><strong>Michel Frankland<\/strong><br \/> site de bridge jug\u00e9 incontournable par les experts<br \/> <a href=\"http:\/\/pages.videotron.ca\/lepeuple\/\"><strong>http:\/\/pages.videotron.ca\/lepeuple\/<\/strong><\/a><\/p>\n<p>____________________________________________________________<\/p>\n<p><strong>Christine Schwab<\/strong><br \/> psychologue comp\u00e9tente et extr\u00eamement honn\u00eate avec ses clients<br \/> (pas de prolongation inutile de traitement)<br \/> <a href=\"http:\/\/www.cschwab.net\/\"><strong>www.cschwab.net<\/strong><\/a><\/p>\n<p>____________________________________________________________<\/p>\n<p><strong>Henri Cohen<\/strong><br \/> Un expert en pollution domestique et industrielle,<br \/> <a href=\"http:\/\/www.coblair.com\/\"><strong>www.coblair.com<\/strong><\/a><\/p>\n<p style=\"text-align: justify;\">\n<script type=\"text\/javascript\">\n\nvar addthis_config = {\"data_track_clickback\":false,\"data_track_addressbar\":false,\"data_track_textcopy\":false};\n<\/script><script type=\"text\/javascript\" src=\"\/\/s7.addthis.com\/js\/250\/addthis_widget.js#pubid=a457a6d63fb9e6ccabdde4110343bd85\"><\/script>","protected":false},"excerpt":{"rendered":"<p><span style=\"color: #3366ff;\">Exc\u00e8s du pouvoir par la gauche et la droite (1)<\/span><\/p>\n<p> <span style=\"color: #800000;\">Par Michel Frankland <\/span> <\/p>\n<p style=\"text-align: justify;\">Nous avons \u00e9t\u00e9 confront\u00e9s, avec l\u2019\u00e9lection\u00a0 f\u00e9d\u00e9rale du 2 mai 2011, avec la notion de gauche et de droite. Comment con\u00e7oivent le pouvoir\u00a0? &hellip;<\/p>\n","protected":false},"author":1,"featured_media":0,"comment_status":"open","ping_status":"open","sticky":false,"template":"","format":"standard","meta":{"footnotes":""},"categories":[1],"tags":[],"class_list":["post-5537","post","type-post","status-publish","format-standard","hentry","category-accueil"],"_links":{"self":[{"href":"http:\/\/www.lecarrefourdesopinions.ca\/index.php?rest_route=\/wp\/v2\/posts\/5537","targetHints":{"allow":["GET"]}}],"collection":[{"href":"http:\/\/www.lecarrefourdesopinions.ca\/index.php?rest_route=\/wp\/v2\/posts"}],"about":[{"href":"http:\/\/www.lecarrefourdesopinions.ca\/index.php?rest_route=\/wp\/v2\/types\/post"}],"author":[{"embeddable":true,"href":"http:\/\/www.lecarrefourdesopinions.ca\/index.php?rest_route=\/wp\/v2\/users\/1"}],"replies":[{"embeddable":true,"href":"http:\/\/www.lecarrefourdesopinions.ca\/index.php?rest_route=%2Fwp%2Fv2%2Fcomments&post=5537"}],"version-history":[{"count":2,"href":"http:\/\/www.lecarrefourdesopinions.ca\/index.php?rest_route=\/wp\/v2\/posts\/5537\/revisions"}],"predecessor-version":[{"id":5621,"href":"http:\/\/www.lecarrefourdesopinions.ca\/index.php?rest_route=\/wp\/v2\/posts\/5537\/revisions\/5621"}],"wp:attachment":[{"href":"http:\/\/www.lecarrefourdesopinions.ca\/index.php?rest_route=%2Fwp%2Fv2%2Fmedia&parent=5537"}],"wp:term":[{"taxonomy":"category","embeddable":true,"href":"http:\/\/www.lecarrefourdesopinions.ca\/index.php?rest_route=%2Fwp%2Fv2%2Fcategories&post=5537"},{"taxonomy":"post_tag","embeddable":true,"href":"http:\/\/www.lecarrefourdesopinions.ca\/index.php?rest_route=%2Fwp%2Fv2%2Ftags&post=5537"}],"curies":[{"name":"wp","href":"https:\/\/api.w.org\/{rel}","templated":true}]}}