{"id":5529,"date":"2011-05-11T09:05:25","date_gmt":"2011-05-11T13:05:25","guid":{"rendered":"http:\/\/www.lecarrefourdesopinions.ca\/?p=5529"},"modified":"2011-05-11T09:05:25","modified_gmt":"2011-05-11T13:05:25","slug":"montreal-ville-unesco-de-design-deja-5-ans","status":"publish","type":"post","link":"http:\/\/www.lecarrefourdesopinions.ca\/?p=5529","title":{"rendered":"Montr\u00e9al Ville UNESCO de design,  d\u00e9j\u00e0 5 ans!"},"content":{"rendered":"<p><strong><span style=\"color: #3366ff;\">Montr\u00e9al Ville UNESCO de design,\u00a0 d\u00e9j\u00e0 5 ans!<\/span> <\/strong><\/p>\n<p><strong> <\/strong><\/p>\n<p><em><img loading=\"lazy\" decoding=\"async\" class=\"alignleft size-thumbnail wp-image-5533\" title=\"yves Alavo\" src=\"http:\/\/www.lecarrefourdesopinions.ca\/wp-content\/uploads\/2011\/04\/yves-Alavo6-112x107.jpg\" alt=\"\" width=\"112\" height=\"107\" \/> <span style=\"color: #800000;\">Par Yves Alavo <\/span> <br \/><\/em><\/p>\n<p>&nbsp;<\/p>\n<p>Une pl\u00e9iade d\u2019activit\u00e9s qui mettent \u00e0 l\u2019honneur les designers montr\u00e9alais.\u00a0 Plus de 25 000 designers dessinent la ville qui nous entoure et font Montr\u00e9al Ville UNESCO de design. \u00a0Pour souligner le 5e anniversaire de cette d\u00e9signation, Montr\u00e9al rend hommage \u00e0 celles et ceux qui fa\u00e7onnent la ville et notre quotidien.<\/p>\n<p>&nbsp;<\/p>\n<p>La responsable de la culture, du patrimoine, du design et de la condition f\u00e9minine au comit\u00e9 ex\u00e9cutif, Mme Helen Fotopulos a pr\u00e9sent\u00e9 le bilan de l&rsquo;action municipale en design et a d\u00e9voil\u00e9 la programmation des activit\u00e9s entourant les c\u00e9l\u00e9brations de Montr\u00e9al Ville UNESCO de <img loading=\"lazy\" decoding=\"async\" class=\"alignleft size-medium wp-image-5531\" title=\"Lancement_5e_anniversaire_VilleDesign\" src=\"http:\/\/www.lecarrefourdesopinions.ca\/wp-content\/uploads\/2011\/04\/Lancement_5e_anniversaire_VilleDesign-300x208.jpg\" alt=\"\" width=\"300\" height=\"208\" srcset=\"http:\/\/www.lecarrefourdesopinions.ca\/wp-content\/uploads\/2011\/04\/Lancement_5e_anniversaire_VilleDesign-300x208.jpg 300w, http:\/\/www.lecarrefourdesopinions.ca\/wp-content\/uploads\/2011\/04\/Lancement_5e_anniversaire_VilleDesign-1024x710.jpg 1024w, http:\/\/www.lecarrefourdesopinions.ca\/wp-content\/uploads\/2011\/04\/Lancement_5e_anniversaire_VilleDesign-400x277.jpg 400w\" sizes=\"auto, (max-width: 300px) 100vw, 300px\" \/>design, qui se tiendront de mai 2011 \u00e0 mai 2012. \u00a0\u00ab <em>\u00catre une Ville UNESCO de design, c&rsquo;est un projet collectif qui se fait avec tous ceux qui con\u00e7oivent, qui r\u00e9alisent et qui vivent \u00e0 Montr\u00e9al.\u00a0 Cinq ans plus tard, il y a de quoi se r\u00e9jouir des retomb\u00e9es attribuables \u00e0 cette \u00abd\u00e9signation\u00bb.\u00a0 Elle aura permis d&rsquo;acc\u00e9l\u00e9rer le d\u00e9veloppement du design montr\u00e9alais et celui de la m\u00e9tropole, en g\u00e9n\u00e9ral<\/em> \u00bb, a d\u00e9clar\u00e9 Mme Fotopulos.\u00a0 Une ann\u00e9e enti\u00e8re (mai 2011 \u00e0 mai 2012) pour mettre en valeur la cr\u00e9ativit\u00e9 de nos designers et faire le pont entre les diff\u00e9rentes disciplines, dont l\u2019architecture, l\u2019architecture de paysage et les arts visuels, qui nourrissent le p\u00f4le du design dans sa totalit\u00e9.<\/p>\n<p>&nbsp;<\/p>\n<p>&nbsp;<\/p>\n<p><span style=\"text-decoration: underline;\">Des retomb\u00e9es concr\u00e8tes <\/span><\/p>\n<p>&nbsp;<\/p>\n<p>Depuis 2006, plus de 6 M$ ont \u00e9t\u00e9 investis pour financer la tenue de concours de design et d&rsquo;architecture, pour promouvoir les talents montr\u00e9alais et les r\u00e9alisations exemplaires. \u00a0Gr\u00e2ce \u00e0 la mise sur pied du chantier Montr\u00e9al Ville UNESCO de design, issu d&rsquo;un partenariat unique entre la Ville de Montr\u00e9al, la Chaire UNESCO en paysage et environnement de l&rsquo;Universit\u00e9 de Montr\u00e9al, le minist\u00e8re de la Culture, des Communications et de la Condition f\u00e9minine, le minist\u00e8re des Affaires municipales, des R\u00e9gions et de l&rsquo;Occupation du territoire et la <strong>Conf\u00e9rence r\u00e9gionale des \u00e9lus de Montr\u00e9al<\/strong>, les appels \u00e0 la cr\u00e9ation se sont multipli\u00e9s au cours des derni\u00e8res ann\u00e9es : quatre ateliers de design urbain, trois concours d&rsquo;id\u00e9es et 15 concours de projets ont \u00e9t\u00e9 lanc\u00e9s depuis cinq ans.\u00a0 Autant de projets de biblioth\u00e8ques, d\u2019abribus, de bac de recyclage, de complexe sportif, du plan\u00e9tarium et de places publiques qui, une fois compl\u00e9t\u00e9s, ajouteront \u00e0 la beaut\u00e9 du quotidien des Montr\u00e9alais.<\/p>\n<p>&nbsp;<\/p>\n<p><span style=\"color: #800000;\"><strong><span style=\"text-decoration: underline;\">Montr\u00e9al aime le design <\/span><\/strong><\/span><\/p>\n<p>&nbsp;<\/p>\n<p>Les c\u00e9l\u00e9brations s&rsquo;articulent autour de trois moments forts : juin, octobre-novembre 2011 et mai 2012.<\/p>\n<p>&nbsp;<\/p>\n<p>Dans la foul\u00e9e du <em>Salon international du design d&rsquo;int\u00e9rieur de Montr\u00e9al<\/em> (26 au 28 mai 2011), le coup d&rsquo;envoi se fera avec l&rsquo;\u00e9v\u00e9nement <em>Portes Ouvertes Design Montr\u00e9al<\/em>, projet r\u00e9alis\u00e9 dans le cadre de l&rsquo;Entente sur le d\u00e9veloppement culturel, qui f\u00eatera aussi ses cinq ans. \u00a0Au total, 75 agences, projets et lieux montr\u00e9alais de diffusion du design seront ouverts gratuitement au public les 4 et 5 juin prochain. Ce sera l&rsquo;occasion de d\u00e9couvrir les designers derri\u00e8re les r\u00e9alisations qui nous entourent.<\/p>\n<p>&nbsp;<\/p>\n<p>Le 4 juin, \u00e0 compter de 22 h, le festival MUTEK ajoute \u00e0 sa programmation une soir\u00e9e gratuite \u00e0 la <em>Soci\u00e9t\u00e9 des arts technologiques<\/em>, <em>DESIGNER MIX<\/em>, une f\u00eate hybride qui pr\u00e9sente l&rsquo;esprit de Buenos Aires, Berlin et Montr\u00e9al, trois villes UNESCO de design o\u00f9 convergent les cr\u00e9ateurs de toutes les disciplines qui naviguent all\u00e8grement entre les m\u00e9tropoles, transportant dans leurs bagages leurs id\u00e9es, leurs images et leurs sons.<\/p>\n<p>&nbsp;<\/p>\n<p>Inaugur\u00e9e en primeur le <strong><em>1er juin, dans le cadre de la soir\u00e9e-b\u00e9n\u00e9fice CARR\u00c9MENT DESIGN<\/em><\/strong>, l&rsquo;exposition <em>CODE Affiches<\/em>, pr\u00e9sent\u00e9e du 2 au 26 juin au Centre de design de l&rsquo;UQAM, rassemble les 70 concepts prim\u00e9s \u00e0 l&rsquo;issu d&rsquo;un concours visant \u00e0 exprimer le code g\u00e9n\u00e9tique d&rsquo;une ville. \u00a0Ce concours, une initiative de Montr\u00e9al, fut tenu par les villes UNESCO de design.<\/p>\n<p>&nbsp;<\/p>\n<p>Du 4 juin au 30 septembre, le design sera \u00e0 l&rsquo;honneur \u00e0 la Place Ville Marie, lieu phare de la modernit\u00e9 montr\u00e9alaise con\u00e7u par le c\u00e9l\u00e8bre architecte I. M. Pei, o\u00f9 circulent pr\u00e8s de 250 000 visiteurs par semaine. \u00a0L&rsquo;exposition estivale <strong><em>Une ville<\/em><\/strong> si souvent cit\u00e9e y pr\u00e9sente le talent des designers montr\u00e9alais et les projets qui ont fait leur succ\u00e8s.<\/p>\n<p>&nbsp;<\/p>\n<p>Le 4 octobre 2011, se tiendra le colloque <em>Les politiques des villes de design<\/em>, organis\u00e9 par les Villes de Montr\u00e9al et de Saint-\u00c9tienne (France) dans le cadre des 24<sup>es<\/sup> Entretiens Jacques-Cartier. \u00a0Fruit d&rsquo;un partenariat avec la Chambre de commerce du Montr\u00e9al m\u00e9tropolitain, le Palais des congr\u00e8s de Montr\u00e9al, URBA 2015 et Mission Design, ce forum public propose une rencontre entre des maires de villes europ\u00e9ennes et asiatiques et des \u00e9lus du Qu\u00e9bec autour des strat\u00e9gies de d\u00e9veloppement des villes par le design.<\/p>\n<p>&nbsp;<\/p>\n<p>Du 20 novembre au 4 d\u00e9cembre 2011, la <strong>Chaire UNESCO en paysage et environnement de l&rsquo;Universit\u00e9 de Montr\u00e9al<\/strong> organisera un <strong>WAT<\/strong> (workshop atelier \/ terrain) \u00e0 propos d&rsquo;un site embl\u00e9matique de Montr\u00e9al. \u00a0Plus de 20 institutions universitaires en provenance de cinq r\u00e9gions du monde sont attendues \u00e0 ce <em>WAT Montr\u00e9al<\/em> afin de proposer des solutions \u00e0 des probl\u00e8mes d&rsquo;am\u00e9nagement urbain qui comportent de grands enjeux sociaux, culturels et environnementaux. Finalement, la Ville accueillera l&rsquo;assembl\u00e9e g\u00e9n\u00e9rale annuelle du <em>R\u00e9seau des villes cr\u00e9atives de l&rsquo;UNESCO<\/em> en mai 2012, en marge du sommet de la cr\u00e9ativit\u00e9 C2MTL.<\/p>\n<p>&nbsp;<\/p>\n<p><span style=\"text-decoration: underline;\">Des c\u00e9l\u00e9brations \u00e0 la port\u00e9e de tous <\/span><\/p>\n<p>&nbsp;<\/p>\n<p>Plusieurs acteurs des milieux culturels des\u00a0 affaires seront de la f\u00eate. \u00a0La Chambre de commerce du Montr\u00e9al m\u00e9tropolitain organise tout au long de l&rsquo;ann\u00e9e une s\u00e9rie de conf\u00e9rences sur la cr\u00e9ativit\u00e9 et l&rsquo;innovation en affaires qui d\u00e9bute par le <em>Forum strat\u00e9gique sur l&rsquo;industrie de la mode et du v\u00eatement, <\/em>le 1er juin. \u00a0Pour Michel Leblanc, pr\u00e9sident et chef de la direction : \u00ab <em>Dans une ville reconnue pour sa cr\u00e9ativit\u00e9, le design repr\u00e9sente un potentiel d&rsquo;affaires important. \u00a0Nous sommes fiers de c\u00e9l\u00e9brer les designers montr\u00e9alais qui sont derri\u00e8re les succ\u00e8s de nos entreprises<\/em>. \u00bb<\/p>\n<p>&nbsp;<\/p>\n<p>Jean-Paul L&rsquo;Allier, ancien maire de la ville de Qu\u00e9bec et actuel pr\u00e9sident du conseil d&rsquo;administration de <em>Mission Design<\/em>, a pour sa part soulign\u00e9 : \u00ab <em>La richesse des activit\u00e9s propos\u00e9es pour cette ann\u00e9e montre le r\u00f4le \u00f4 combien important de l&rsquo;industrie du design dans l&rsquo;\u00e9conomie, non seulement pour les grandes villes, mais pour le Qu\u00e9bec tout entier. \u00a0Pour que le design fasse de plus en plus partie de nos vies, l&rsquo;engagement des villes est indispensable et celui de \u00a0Montr\u00e9al en est un tr\u00e8s bon exemple<\/em>. \u00bb<\/p>\n<p>&nbsp;<\/p>\n<p>M. Simon Brault, pr\u00e9sident de <em>Culture Montr\u00e9al<\/em>, a profit\u00e9 de l&rsquo;occasion pour inviter le milieu de la culture \u00e0 marquer d&rsquo;une action sp\u00e9cifique ces c\u00e9l\u00e9brations. \u00ab <em>Le design et l&rsquo;architecture contribuent \u00e0 l&rsquo;identit\u00e9 culturelle d&rsquo;une ville.\u00a0 La d\u00e9signation \u00ab Ville UNESCO de design \u00bb accord\u00e9e \u00e0 Montr\u00e9al favorise le rayonnement national et international de la cr\u00e9ation montr\u00e9alaise. Ce cinqui\u00e8me anniversaire est l&rsquo;occasion de renforcer l&rsquo;id\u00e9e que le design doit \u00eatre pris en compte dans toutes les sph\u00e8res d&rsquo;activit\u00e9s qui tissent la vie de Montr\u00e9al, et encore plus dans le domaine des arts et de la culture. <\/em>\u00bb<\/p>\n<p>&nbsp;<\/p>\n<p>Le <em>Bureau du design<\/em> avec sa directrice, Mme Marie Jos\u00e9e Lacroix, comme la <em>Conf\u00e9rence r\u00e9gionale des \u00e9lus de Montr\u00e9al<\/em>, dont la DG est <img loading=\"lazy\" decoding=\"async\" class=\"alignleft size-full wp-image-5530\" title=\"Marie-Jose\u0301e Lacroixjpg\" src=\"http:\/\/www.lecarrefourdesopinions.ca\/wp-content\/uploads\/2011\/04\/Marie-Jose\u0301e-Lacroixjpg.jpg\" alt=\"\" width=\"92\" height=\"97\" \/>Mme Marie-Claire Dumas, sont des partenaires essentiels de ces c\u00e9l\u00e9brations, deux entit\u00e9s dynamiques en termes d\u2019innovation, de cr\u00e9ativit\u00e9 et de concertation sur l\u2019\u00eele de Montr\u00e9al, au Qu\u00e9bec et dans le monde, par leur rayonnement.\u00a0 Deux modes de gestion et de gouvernance ax\u00e9s sur la comp\u00e9tence et la concertation qui m\u00e9ritent une attention plus constante des m\u00e9dias \u00e9lectroniques car ce sont les remparts les plus performants de la d\u00e9mocratie participative et respectueuse de l\u2019imputabilit\u00e9 dans la sph\u00e8re municipale.\u00a0 Avec ces deux institutions, la <em>Chambre de commerce du Montr\u00e9al m\u00e9tropolitain<\/em> et <em>Culture Montr\u00e9al<\/em>, apportent les deux dimensions qui situent l\u2019univers du design aux confluents de l\u2019\u00e9conomie et de la culture.\u00a0 Ce 5<sup>e<\/sup> anniversaire est vraiment un moment pivot qui devrait permettre de donner toute sa dimension au design dans l\u2019espace urbain comme structure de planification sociale, facteur d\u2019expression esth\u00e9tique, moteur d\u2019action politique et environnementale. \u00a0Levier de la d\u00e9mocratie le design, oui, car ces institutions agissent aussi via les vecteurs de l\u2019accessibilit\u00e9 et de l\u2019\u00e9quit\u00e9 dans un environnement de plus en plus caract\u00e9ris\u00e9 par la diversit\u00e9 constitutive et cr\u00e9atrice des citoyennes et des citoyens de la m\u00e9tropole culturelle du Canada.<\/p>\n<p><strong>Design : Claude Mauffette Design Industriel<\/strong><\/p>\n<p>&nbsp;<\/p>\n<p>Le bec-verseur-a\u00e9rateur \u00e0 vin Aroma de Trudeau, a \u00e9t\u00e9 con\u00e7u par le designer industriel montr\u00e9alais Claude Mauffette, en 2010.\u00a0 Inspir\u00e9 du principe Venturi, ce nouveau produit permet l\u2019oxyg\u00e9nation du vin directement \u00e0 la sortie de la bouteille fra\u00eechement ouverte. Des recherches ont d\u00e9montr\u00e9 que son utilisation \u00e9quivaut \u00e0 un s\u00e9jour en carafe de 30 minutes. Il permet d\u2019appr\u00e9cier les vins jeunes, sans attente. Le bec-verseur-a\u00e9rateur se fixe facilement sur la bouteille et aspire l\u2019air ambiant \u00e0 sa sortie, provoquant une multitude de bulles qui oxyg\u00e8nent le vin, tout en cr\u00e9ant un spectacle visuel et sonore,<\/p>\n<p>qui agr\u00e9mente la d\u00e9gustation.<\/p>\n<p>&nbsp;<\/p>\n<p>Le produit est moul\u00e9 par injection en utilisant une r\u00e9sine nouvellement d\u00e9velopp\u00e9e : Tritan, qui est exempte de BPA.<\/p>\n<p><img loading=\"lazy\" decoding=\"async\" class=\"alignleft size-full wp-image-5535\" title=\"A\u00e9rateur \u00e0 vin cr\u00e9ation de Claude Mauffette 1\" src=\"http:\/\/www.lecarrefourdesopinions.ca\/wp-content\/uploads\/2011\/04\/A\u00e9rateur-\u00e0-vin-cr\u00e9ation-de-Claude-Mauffette-1.jpg\" alt=\"\" width=\"510\" height=\"484\" srcset=\"http:\/\/www.lecarrefourdesopinions.ca\/wp-content\/uploads\/2011\/04\/A\u00e9rateur-\u00e0-vin-cr\u00e9ation-de-Claude-Mauffette-1.jpg 510w, http:\/\/www.lecarrefourdesopinions.ca\/wp-content\/uploads\/2011\/04\/A\u00e9rateur-\u00e0-vin-cr\u00e9ation-de-Claude-Mauffette-1-300x284.jpg 300w, http:\/\/www.lecarrefourdesopinions.ca\/wp-content\/uploads\/2011\/04\/A\u00e9rateur-\u00e0-vin-cr\u00e9ation-de-Claude-Mauffette-1-400x379.jpg 400w\" sizes=\"auto, (max-width: 510px) 100vw, 510px\" \/><\/p>\n<p>Claude Mauffette<\/p>\n<p>&nbsp;<\/p>\n<p>Claude Mauffette design industriel<\/p>\n<p>514 &#8211; 939 &#8211; 2494<\/p>\n<p><a href=\"mailto:contact@claudemauffette.com\">contact@claudemauffette.com<\/a><\/p>\n<p><a href=\"http:\/\/www.claudemauffette.com\/\">www.claudemauffette.com<\/a><\/p>\n<p>&nbsp;<\/p>\n<p><strong><br \/><\/strong><\/p>\n<p>&nbsp;<\/p>\n<p><strong><span style=\"text-decoration: underline;\"> <\/span><\/strong><\/p>\n<p><strong><span style=\"text-decoration: underline;\"> <\/span><\/strong><\/p>\n<p><strong><span style=\"text-decoration: underline;\">Sources\u00a0:<\/span><\/strong><\/p>\n<p><strong><span style=\"text-decoration: underline;\"> <\/span><\/strong><\/p>\n<p>St\u00e9phanie Jecrois<\/p>\n<p>Charg\u00e9e de projets | Bureau du design | Ville de Montr\u00e9al<\/p>\n<p><strong><span style=\"text-decoration: underline;\"> <\/span><\/strong><\/p>\n<p>Pour conna\u00eetre la programmation d\u00e9taill\u00e9e des activit\u00e9s entourant les c\u00e9l\u00e9brations du cinqui\u00e8me anniversaire de Montr\u00e9al Ville UNESCO de design,<\/p>\n<p>Consultez le site\u00a0: <a href=\"http:\/\/www.mtlunescodesign.com\/\">www.mtlunescodesign.com<\/a><\/p>\n<p>&nbsp;<\/p>\n<p>Pour de plus amples renseignements, composez le 514 285-4545<\/p>\n<p>Visitez\u00a0: <a href=\"http:\/\/www.lavitrine.com\/\">www.lavitrine.com<\/a><\/p>\n<p>Consultez le site\u00a0: <a href=\"http:\/\/www.portesouvertesdesignmontreal.com\/\">www.portesouvertesdesignmontreal.com<\/a><\/p>\n<p>&nbsp;<\/p>\n<p>Marie-Jos\u00e9e Lacroix<\/p>\n<p>Directrice<\/p>\n<p><strong>Bureau du design | Ville de Montr\u00e9al |<\/strong><\/p>\n<p>303, rue Notre-Dame Est, 6e \u00e9tage, Montr\u00e9al Qu\u00e9bec) H2Y 3Y8<\/p>\n<p>514 872-2179 | mlacroixs@ville.montreal.qc.ca | designmontreal.com | mtlunescodesign.com |<\/p>\n<p>&nbsp;<\/p>\n<p>Les sites \u00e0 suivre\u00a0:<\/p>\n<p>facebook.com\/designmontreal<\/p>\n<p>twitter.com\/designmontreal<\/p>\n<p><a href=\"http:\/\/mtlunescodesign.com\/\">http:\/\/mtlunescodesign.com\/<\/a><\/p>\n<p><img loading=\"lazy\" decoding=\"async\" class=\"alignleft size-large wp-image-5532\" title=\"Accompagner un enfant\" src=\"http:\/\/www.lecarrefourdesopinions.ca\/wp-content\/uploads\/2011\/04\/Accompagner-un-enfant5-704x1023.jpg\" alt=\"\" width=\"450\" height=\"653\" srcset=\"http:\/\/www.lecarrefourdesopinions.ca\/wp-content\/uploads\/2011\/04\/Accompagner-un-enfant5-704x1023.jpg 704w, http:\/\/www.lecarrefourdesopinions.ca\/wp-content\/uploads\/2011\/04\/Accompagner-un-enfant5-206x300.jpg 206w, http:\/\/www.lecarrefourdesopinions.ca\/wp-content\/uploads\/2011\/04\/Accompagner-un-enfant5-400x581.jpg 400w, http:\/\/www.lecarrefourdesopinions.ca\/wp-content\/uploads\/2011\/04\/Accompagner-un-enfant5.jpg 1774w\" sizes=\"auto, (max-width: 450px) 100vw, 450px\" \/><\/p>\n<p>&nbsp;<\/p>\n<p>&nbsp;<\/p>\n<script type=\"text\/javascript\">\n\nvar addthis_config = {\"data_track_clickback\":false,\"data_track_addressbar\":false,\"data_track_textcopy\":false};\n<\/script><script type=\"text\/javascript\" src=\"\/\/s7.addthis.com\/js\/250\/addthis_widget.js#pubid=a457a6d63fb9e6ccabdde4110343bd85\"><\/script>","protected":false},"excerpt":{"rendered":"<p><span style=\"color: #3366ff;\">Montr\u00e9al Ville UNESCO de design,\u00a0 d\u00e9j\u00e0 5 ans!<\/span> <\/p>\n<\/p>\n<p> <span style=\"color: #800000;\">Par Yves Alavo <\/span> <\/p>\n<p>&nbsp;<\/p>\n<p>Une pl\u00e9iade d\u2019activit\u00e9s qui mettent \u00e0 l\u2019honneur les designers montr\u00e9alais.\u00a0 Plus de 25 000 designers dessinent la ville qui nous entoure et font Montr\u00e9al Ville &hellip;<\/p>\n","protected":false},"author":1,"featured_media":0,"comment_status":"open","ping_status":"open","sticky":false,"template":"","format":"standard","meta":{"footnotes":""},"categories":[1],"tags":[],"class_list":["post-5529","post","type-post","status-publish","format-standard","hentry","category-accueil"],"_links":{"self":[{"href":"http:\/\/www.lecarrefourdesopinions.ca\/index.php?rest_route=\/wp\/v2\/posts\/5529","targetHints":{"allow":["GET"]}}],"collection":[{"href":"http:\/\/www.lecarrefourdesopinions.ca\/index.php?rest_route=\/wp\/v2\/posts"}],"about":[{"href":"http:\/\/www.lecarrefourdesopinions.ca\/index.php?rest_route=\/wp\/v2\/types\/post"}],"author":[{"embeddable":true,"href":"http:\/\/www.lecarrefourdesopinions.ca\/index.php?rest_route=\/wp\/v2\/users\/1"}],"replies":[{"embeddable":true,"href":"http:\/\/www.lecarrefourdesopinions.ca\/index.php?rest_route=%2Fwp%2Fv2%2Fcomments&post=5529"}],"version-history":[{"count":3,"href":"http:\/\/www.lecarrefourdesopinions.ca\/index.php?rest_route=\/wp\/v2\/posts\/5529\/revisions"}],"predecessor-version":[{"id":5655,"href":"http:\/\/www.lecarrefourdesopinions.ca\/index.php?rest_route=\/wp\/v2\/posts\/5529\/revisions\/5655"}],"wp:attachment":[{"href":"http:\/\/www.lecarrefourdesopinions.ca\/index.php?rest_route=%2Fwp%2Fv2%2Fmedia&parent=5529"}],"wp:term":[{"taxonomy":"category","embeddable":true,"href":"http:\/\/www.lecarrefourdesopinions.ca\/index.php?rest_route=%2Fwp%2Fv2%2Fcategories&post=5529"},{"taxonomy":"post_tag","embeddable":true,"href":"http:\/\/www.lecarrefourdesopinions.ca\/index.php?rest_route=%2Fwp%2Fv2%2Ftags&post=5529"}],"curies":[{"name":"wp","href":"https:\/\/api.w.org\/{rel}","templated":true}]}}