{"id":5500,"date":"2011-04-27T09:32:07","date_gmt":"2011-04-27T13:32:07","guid":{"rendered":"http:\/\/www.lecarrefourdesopinions.ca\/?p=5500"},"modified":"2011-04-27T09:32:07","modified_gmt":"2011-04-27T13:32:07","slug":"mes-filles-bessan-mayar-aya-noor","status":"publish","type":"post","link":"http:\/\/www.lecarrefourdesopinions.ca\/?p=5500","title":{"rendered":"Mes filles : Bessan, Mayar, Aya, Noor."},"content":{"rendered":"<p><span style=\"color: #3366ff;\"><strong>Mes filles : Bessan, Mayar, Aya, Noor.<\/strong><\/span><\/p>\n<p><span style=\"color: #3366ff;\"><span style=\"color: #800000;\"><em><img loading=\"lazy\" decoding=\"async\" class=\"alignleft size-thumbnail wp-image-5511\" title=\"J.P.Kozminski\" src=\"http:\/\/www.lecarrefourdesopinions.ca\/wp-content\/uploads\/2011\/04\/J.P.Kozminski3-134x107.jpg\" alt=\"\" width=\"134\" height=\"107\" \/> Par Jean-Paul Kozminski <\/em><\/span><strong><br \/><\/strong><\/span><\/p>\n<p>Le r\u00eave\u00a0: sur cette plage du Costa-Rica `Playa Carillo`, marcher sur la mer \u00e0 mar\u00e9e basse. Le sable y est si doux que les pieds ressentent la douceur d\u2019un tapis persan. Au loin, les collines brumeuses, encadrent la baie de couleurs pastel. Mes poumons aspirent les odeurs de mer, de feuilles, de fleurs. Je marche au soleil, Th\u00e9r\u00e8se \u00e0 mes c\u00f4t\u00e9s. Communion sans mots.<\/p>\n<p>Mes yeux se dirigent vers une plaque plus sombre. De loin, il me semble d\u00e9chiffrer des noms, une date. Je m\u2019approche. C\u2019est bien \u00e7a\u00a0: des noms d\u2019enfants?, une date. Inscrits avec soins, dessin\u00e9s avec tendresse. Je re\u00e7ois un petit choc au niveau du c\u0153ur\u00a0: Gaza, 16 janvier 2009, 15h30 heure locale, un char isra\u00e9lien fait feu. Dans l\u2019appartement du Docteur Izzeldin Abuelaish, gisent, d\u00e9capit\u00e9es, meurtries, bras, mains arrach\u00e9es, cervelle \u00e9clat\u00e9e, Bessan, Mayar, Aya, ses filles et Noor, sa ni\u00e8ce.<\/p>\n<p>Il y a quelques jours, Docteur Izzeldin Abuelaish et ses enfants \u00e9taient sur la plage de Gaza, esp\u00e9rant un monde normal o\u00f9 l\u2019eau et <img loading=\"lazy\" decoding=\"async\" class=\"alignleft size-medium wp-image-5504\" title=\"Dr Izzaldin 2\" src=\"http:\/\/www.lecarrefourdesopinions.ca\/wp-content\/uploads\/2011\/04\/Dr-Izzaldin-2-282x300.jpg\" alt=\"\" width=\"282\" height=\"300\" srcset=\"http:\/\/www.lecarrefourdesopinions.ca\/wp-content\/uploads\/2011\/04\/Dr-Izzaldin-2-282x300.jpg 282w, http:\/\/www.lecarrefourdesopinions.ca\/wp-content\/uploads\/2011\/04\/Dr-Izzaldin-2.jpg 283w\" sizes=\"auto, (max-width: 282px) 100vw, 282px\" \/>la\u00a0nourriture ne seraient pas rationn\u00e9s \u00e0 la moindre calorie, o\u00f9 il y a une circulation libre de tous les citoyens, o\u00f9 les filles et les gars peuvent \u00e9tudier et d\u00e9velopper les dons re\u00e7us \u00e0 la naissance. Elles avaient \u00e9crits leur nom sur le sable. Elles voulaient\u00a0 que la mer garde leurs confidences. Elles savaient qu\u2019un jour, leurs r\u00eaves pouvaient se r\u00e9aliser. C\u2019est leur p\u00e8re qui donnait cette confiance, lui qui, envers et contre tout, parvint \u00e0 obtenir ses dipl\u00f4mes de m\u00e9decins et est reconnu de par le monde, comme un grand sp\u00e9cialiste de l\u2019infertilit\u00e9.<\/p>\n<p>Son livre \u00ab\u00a0I shall not hate\u00a0\u00bb publi\u00e9 chez \u00abVintage Canada\u00bb, d\u00e9crit son parcours et ces terribles \u00e9v\u00e8nements. Je dis \u00abterribles\u00bb. Comment penser qu\u2019un canonnier, connaissant la demeure de cette famille innocente, puisse vouloir les assassiner?\u00a0 Car l\u2019arm\u00e9e, \u00e9videmment, couvre presque toujours ses crimes. De temps en temps un exemple passe en cour martiale et la mort continue.<\/p>\n<p>J\u2019\u00e9tais donc l\u00e0, devant le nom de ces enfants que je ne connais pas. Pas plus que je connaissais le nom de Bessan, Maya, Aya et Noor. Tuer des enfants. Au nom de quoi, de qui?<\/p>\n<p>Je me souviens avoir lu une r\u00e9flexion d\u2019Abba Eban (diplomate et grand homme d\u2019\u00e9tat isra\u00e9lien). Il disait que le \u00abprobl\u00e8me\u00bb palestinien-isra\u00e9lien \u00e9tait simple. Tellement simple que des enfants pouvait le r\u00e9soudre (\u00e0 condition de ne pas les d\u00e9sint\u00e9grer sous une pluie d\u2019obus). Deux peuples revendiquent le m\u00eame territoire. Il faut donc cr\u00e9er deux \u00c9tats adjacents. \u00c9vident mon cher Watson, isn\u2019t it? Et bien non! pas pour ces rabbins, mollahs, et pr\u00eatres messianiques. Ces hyst\u00e9riques s\u2019autorisant un pouvoir divin et exclusif (chercher l\u2019erreur) n\u2019esp\u00e8rent qu\u2019une chose\u00a0: L\u2019Apocalypse. La simple r\u00e9alit\u00e9 est disparue derri\u00e8re un nuage d\u2019encens et de discours tous plus abscons les uns que les autres. Et ils refusent cette simple r\u00e9alit\u00e9\u00a0: b\u00e2tir des ponts et non des murs. Permettre \u00e0 l\u2019Autre de venir me toucher la main, de croiser mon regard.<\/p>\n<p>Docteur Izzeldin Abuelaish refuse d\u2019accueillir la haine dans son coeur. Il trouve cette force int\u00e9rieure, dans sa foi dans l\u2019humain, dans le Coran. Comme quoi, la beaut\u00e9, le sens du vrai et du beau sera toujours dans l\u2019\u0153il et le c\u0153ur de celui qui regarde, de celui qui \u00e9coute, qui soigne, qui respecte son fr\u00e8re.<\/p>\n<p>Mes filles sont mortes. La mer a effac\u00e9 leurs noms. Mais elle garde leurs secrets, leurs confidences, leurs espoirs. La mer, aujourd\u2019hui, sur cette magnifique plage de Carillo du Costa-Rica, les a transport\u00e9s jusqu\u2019\u00e0 nous. Avec force.<\/p>\n<p>Un jour, face \u00e0 l\u2019Oc\u00e9an, vous aussi, sans doute, recevrez ce message de tendresse et d\u2019affection port\u00e9 par tous les enfants, nos enfants.<\/p>\n<p>&nbsp;<\/p>\n<p>P.S\u00a0: <span style=\"color: #800000;\"><strong>Docteur Abuelaish est professeur associ\u00e9 \u00e0 l\u2019\u00c9cole de sant\u00e9 publique\u00a0 Dalla Lana \u00e0 Toronto. Voir le site. www.daugtersforlife.com<\/strong><\/span><\/p>\n<p><span style=\"color: #800000;\"><strong><img loading=\"lazy\" decoding=\"async\" class=\"alignleft size-large wp-image-5505\" title=\"Accompagner un enfant\" src=\"http:\/\/www.lecarrefourdesopinions.ca\/wp-content\/uploads\/2011\/04\/Accompagner-un-enfant4-704x1023.jpg\" alt=\"\" width=\"450\" height=\"653\" srcset=\"http:\/\/www.lecarrefourdesopinions.ca\/wp-content\/uploads\/2011\/04\/Accompagner-un-enfant4-704x1023.jpg 704w, http:\/\/www.lecarrefourdesopinions.ca\/wp-content\/uploads\/2011\/04\/Accompagner-un-enfant4-206x300.jpg 206w, http:\/\/www.lecarrefourdesopinions.ca\/wp-content\/uploads\/2011\/04\/Accompagner-un-enfant4-400x581.jpg 400w, http:\/\/www.lecarrefourdesopinions.ca\/wp-content\/uploads\/2011\/04\/Accompagner-un-enfant4.jpg 1774w\" sizes=\"auto, (max-width: 450px) 100vw, 450px\" \/><br \/><\/strong><\/span><\/p>\n<p>&nbsp;<\/p>\n<script type=\"text\/javascript\">\n\nvar addthis_config = {\"data_track_clickback\":false,\"data_track_addressbar\":false,\"data_track_textcopy\":false};\n<\/script><script type=\"text\/javascript\" src=\"\/\/s7.addthis.com\/js\/250\/addthis_widget.js#pubid=a457a6d63fb9e6ccabdde4110343bd85\"><\/script>","protected":false},"excerpt":{"rendered":"<p><span style=\"color: #3366ff;\">Mes filles : Bessan, Mayar, Aya, Noor.<\/span><\/p>\n<p><span style=\"color: #3366ff;\"><span style=\"color: #800000;\"> Par Jean-Paul Kozminski <\/span><\/span><\/p>\n<p>Le r\u00eave\u00a0: sur cette plage du Costa-Rica `Playa Carillo`, marcher sur la mer \u00e0 mar\u00e9e basse. Le sable y est si doux que les pieds ressentent &hellip;<\/p>\n","protected":false},"author":1,"featured_media":0,"comment_status":"open","ping_status":"open","sticky":false,"template":"","format":"standard","meta":{"footnotes":""},"categories":[1],"tags":[],"class_list":["post-5500","post","type-post","status-publish","format-standard","hentry","category-accueil"],"_links":{"self":[{"href":"http:\/\/www.lecarrefourdesopinions.ca\/index.php?rest_route=\/wp\/v2\/posts\/5500","targetHints":{"allow":["GET"]}}],"collection":[{"href":"http:\/\/www.lecarrefourdesopinions.ca\/index.php?rest_route=\/wp\/v2\/posts"}],"about":[{"href":"http:\/\/www.lecarrefourdesopinions.ca\/index.php?rest_route=\/wp\/v2\/types\/post"}],"author":[{"embeddable":true,"href":"http:\/\/www.lecarrefourdesopinions.ca\/index.php?rest_route=\/wp\/v2\/users\/1"}],"replies":[{"embeddable":true,"href":"http:\/\/www.lecarrefourdesopinions.ca\/index.php?rest_route=%2Fwp%2Fv2%2Fcomments&post=5500"}],"version-history":[{"count":4,"href":"http:\/\/www.lecarrefourdesopinions.ca\/index.php?rest_route=\/wp\/v2\/posts\/5500\/revisions"}],"predecessor-version":[{"id":5513,"href":"http:\/\/www.lecarrefourdesopinions.ca\/index.php?rest_route=\/wp\/v2\/posts\/5500\/revisions\/5513"}],"wp:attachment":[{"href":"http:\/\/www.lecarrefourdesopinions.ca\/index.php?rest_route=%2Fwp%2Fv2%2Fmedia&parent=5500"}],"wp:term":[{"taxonomy":"category","embeddable":true,"href":"http:\/\/www.lecarrefourdesopinions.ca\/index.php?rest_route=%2Fwp%2Fv2%2Fcategories&post=5500"},{"taxonomy":"post_tag","embeddable":true,"href":"http:\/\/www.lecarrefourdesopinions.ca\/index.php?rest_route=%2Fwp%2Fv2%2Ftags&post=5500"}],"curies":[{"name":"wp","href":"https:\/\/api.w.org\/{rel}","templated":true}]}}