{"id":5481,"date":"2011-04-27T09:30:26","date_gmt":"2011-04-27T13:30:26","guid":{"rendered":"http:\/\/www.lecarrefourdesopinions.ca\/?p=5481"},"modified":"2011-04-27T09:30:26","modified_gmt":"2011-04-27T13:30:26","slug":"quel-discours-ou-quel-reportage","status":"publish","type":"post","link":"http:\/\/www.lecarrefourdesopinions.ca\/?p=5481","title":{"rendered":"Quel Discours ou Quel Reportage."},"content":{"rendered":"<p><span style=\"color: #3366ff;\"><em><strong>Quel Discours ou Quel Reportage.<\/strong><\/em><\/span><\/p>\n<p><img loading=\"lazy\" decoding=\"async\" class=\"alignleft size-thumbnail wp-image-5483\" title=\"photo \u00c9ric Nogard\" src=\"http:\/\/www.lecarrefourdesopinions.ca\/wp-content\/uploads\/2011\/04\/photo-\u00c9ric-Nogard7-134x107.jpg\" alt=\"\" width=\"134\" height=\"107\" \/><\/p>\n<p><strong> <\/strong><\/p>\n<p><span style=\"color: #800000;\"><em>Par Eric E.G. NOGARD\u00a0\u00a0\u00a0\u00a0\u00a0 <br \/><\/em><\/span><\/p>\n<p>&nbsp;<\/p>\n<p><span style=\"color: #3366ff;\"><em><strong>L\u00e9o ELIZABETH, que nous ne connaissons pas, serait un Historien-Orateur Comp\u00e9tent et Talentueux, nous l\u2019admettons.<\/strong><\/em><\/span><\/p>\n<p>&nbsp;<\/p>\n<p>Aussi, nous sommes-nous int\u00e9ress\u00e9s au Reportage France-Antilles-Martinique du 20 Avril 2011 \u2013 consacr\u00e9 sous le Titre \u00ab\u00a0Les Antillo-Guyanais de la Seconde Guerre Mondiale\u00a0\u00bb, \u00e0 sa Conf\u00e9rence tenue en l\u2019H\u00f4tel de Ville de la Ville de SCHOELCHER.<\/p>\n<p>&nbsp;<\/p>\n<p>Dans ce Reportage, il est rappel\u00e9 que L\u00e9o ELIZABETH est Pr\u00e9sident de la Soci\u00e9t\u00e9 d\u2019Histoire de la Martinique, Association Fond\u00e9e en 1955, ce qui autorise \u00e0 penser qu\u2019il n\u2019en est certainement pas le Fondateur, il est vrai que la  Valeur n\u2019attend pas toujours le nombre des ann\u00e9es, n\u2019est-ce pas.<\/p>\n<p>&nbsp;<\/p>\n<p>De ce Reportage de France-Antilles-Martinique, il nous est difficile de d\u00e9gager la Clart\u00e9, la P\u00e9dagogie, la Dialectique voire la Rh\u00e9torique et peut-\u00eatre quoi encore\u2026 qui caract\u00e9risent le Professeur, l\u2019Orateur, l\u2019Historien.<\/p>\n<p>&nbsp;<\/p>\n<p>Or, comment pourrions-nous dire \u00ab\u00a0Tel Reportage, tel Discours\u00a0\u00bb.<\/p>\n<p>&nbsp;<\/p>\n<p>Comme quoi, que la V\u00e9nus d\u2019Is n\u2019aille pas se faire portraiturer par un quelconque Barbouilleur.<\/p>\n<p>Sauf, si l\u2019on pr\u00e9f\u00e8re, \u00e0 d\u00e9conseiller \u00e0 l\u2019Apprenti Sorcier, la transmutation du plomb en m\u00e9tal jaune, son coup serait r\u00e2t\u00e9.<\/p>\n<p>&nbsp;<\/p>\n<p><img loading=\"lazy\" decoding=\"async\" class=\"alignleft size-medium wp-image-5495\" title=\"fleur fan\u00e9e pour le souvenir\" src=\"http:\/\/www.lecarrefourdesopinions.ca\/wp-content\/uploads\/2011\/04\/fleur-fan\u00e9e-pour-le-souvenir-211x300.jpg\" alt=\"\" width=\"211\" height=\"300\" srcset=\"http:\/\/www.lecarrefourdesopinions.ca\/wp-content\/uploads\/2011\/04\/fleur-fan\u00e9e-pour-le-souvenir-211x300.jpg 211w, http:\/\/www.lecarrefourdesopinions.ca\/wp-content\/uploads\/2011\/04\/fleur-fan\u00e9e-pour-le-souvenir-400x568.jpg 400w, http:\/\/www.lecarrefourdesopinions.ca\/wp-content\/uploads\/2011\/04\/fleur-fan\u00e9e-pour-le-souvenir.jpg 454w\" sizes=\"auto, (max-width: 211px) 100vw, 211px\" \/>Alors, qu\u2019avons-nous cru devoir tirer de ce Reportage\u00a0?<\/p>\n<p>&nbsp;<\/p>\n<p>Juste le Souvenir (sous toute r\u00e9serve) de ce qui nous a \u00e9t\u00e9 dit des \u00ab\u00a0\u00e0 c\u00f4t\u00e9\u00a0\u00bb du Conflit Franco-allemand de 1939-1945.<\/p>\n<p>Conflit au Cours duquel Philippe PETAIN, Chef d\u2019Etat de la France Vaincue et Adolphe HITLER, le F\u00fchrer Allemand se sont illustr\u00e9s, chacun \u00e0 sa fa\u00e7on.<\/p>\n<p>&nbsp;<\/p>\n<p><em><strong>Pour \u00eatre bref\u00a0:<\/strong><\/em><\/p>\n<p>&nbsp;<\/p>\n<ul>\n<li>L\u2019Allemagne Hitl\u00e9rienne a vaincu la France, fait de nombreux Prisonniers de Guerre Fran\u00e7ais et s\u2019est trouv\u00e9e devant la quadrature du cercle, au regard de son aptitude \u00e0 \u00ab\u00a0nourrir\u00a0\u00bb tant de Prisonniers quand elle-m\u00eame crevait de faim.<\/li>\n<\/ul>\n<p>&nbsp;<\/p>\n<ul>\n<li>Se fondant sur ses Ambitions d\u2019H\u00e9g\u00e9monie Europ\u00e9enne comme sur ses Vues relatives \u00e0 la Race Aryenne ainsi qu\u2019\u00e0 sa Purification Ethnique, l\u2019Allemagne Hitl\u00e9rienne a envisag\u00e9 et entrepris d\u2019Eliminer les Bouches en Surnombre\u2026 par Cat\u00e9gories oserons nous dire.<\/li>\n<\/ul>\n<p>D\u2019abord les Juifs, et puis\u2026 et puis.<\/p>\n<p>&nbsp;<\/p>\n<ul>\n<li>De son C\u00f4t\u00e9, la France Vaincue, celle de PETAIN, celle de VICHY,<\/li>\n<\/ul>\n<p>&nbsp;<\/p>\n<p>De son C\u00f4t\u00e9, la France m\u00eame Vaincue n\u2019a pas failli \u00e0 son Humanisme dans toute la mesure ou le Vaincu peut avoir raison du Vainqueur.<\/p>\n<p>&nbsp;<\/p>\n<p>Se fondant sur le Principe que Tout Fran\u00e7ais l\u2019\u00e9tait \u00e0 part enti\u00e8re, nonobstant sa Couleur, sa Confession ou son Origine.<\/p>\n<p>&nbsp;<\/p>\n<p><img loading=\"lazy\" decoding=\"async\" class=\"alignleft size-thumbnail wp-image-5498\" title=\"logo 2\" src=\"http:\/\/www.lecarrefourdesopinions.ca\/wp-content\/uploads\/2011\/04\/logo-21-134x107.jpg\" alt=\"\" width=\"134\" height=\"107\" \/>Se fondant sur la Convention de la Soci\u00e9t\u00e9 des Nations relative \u00e0 la Guerre et notamment au Traitement des Prisonniers de Guerre, PETAIN s\u2019est oppos\u00e9 \u00e0 toute discrimination dans le Traitement des Combattants faits Prisonniers sous les Couleurs de la France, comme sous celles de tout autre Pays Alli\u00e9.<\/p>\n<p>&nbsp;<\/p>\n<p>Rappelons que Philippe PETAIN, Mar\u00e9chal de France, fut Vainqueur des Allemands dans le Conflit Arm\u00e9 de 1914-1918, et auteur de ces mots \u00ab\u00a0A Verdun, on ne passe pas.\u00a0\u00bb<\/p>\n<p>&nbsp;<\/p>\n<p>&nbsp;<\/p>\n<p>Et, il convient qu\u2019on le sache, beaucoup de Noirs, de Juifs, etc\u2026 se sont battus sous d\u2019autres Drapeaux, aux c\u00f4t\u00e9s de la France, pour que Vive la Libert\u00e9.<\/p>\n<p>&nbsp;<\/p>\n<p><img loading=\"lazy\" decoding=\"async\" class=\"alignleft size-thumbnail wp-image-5497\" title=\"logo 2\" src=\"http:\/\/www.lecarrefourdesopinions.ca\/wp-content\/uploads\/2011\/04\/logo-2-134x107.jpg\" alt=\"\" width=\"134\" height=\"107\" \/>D\u2019ailleurs, le Colonel Charles STANTON, Payeur des Arm\u00e9es U.S., lors d\u2019une c\u00e9r\u00e9monie d\u2019Hommage \u00e0 LAFAYETTE que conduisait le G\u00e9n\u00e9ral PERSHING Chef du Corps Exp\u00e9ditionnaire Am\u00e9ricain de la  Guerre 1914-1918, pronon\u00e7a d\u00e9j\u00e0 cette phrase, le 04 Juillet 1917 au Cimeti\u00e8re de Picpus et devant la Tombe de celui-ci\u00a0: \u00ab\u00a0LAFAYETTE,\u00a0 nous Voil\u00e0\u00a0!\u00a0\u00bb.<\/p>\n<p>&nbsp;<\/p>\n<p>Phrase partie du C\u0153ur Reconnaissant d\u2019une Grande D\u00e9mocratie Am\u00e9ricaine.<\/p>\n<p>&nbsp;<\/p>\n<p>Phrase reprise lors du D\u00e9barquement des Alli\u00e9s Canadiens-Am\u00e9ricains et Anglais sur les Plages de Normandie en 1944, au Jour Le Plus Long (le 06 Juin 1944), au cours de l\u2019op\u00e9ration OVERLORD, pour la Cause Fran\u00e7aise, pour la Cause de la Libert\u00e9.<\/p>\n<p>&nbsp;<\/p>\n<p>Retenons de cela que bien des Martiniquais ont pu \u00eatre \u00e9pargn\u00e9s du pire, comme l\u2019a fait comprendre ce Combattant revenu des CAMPS, il en savait quelque chose.<\/p>\n<p>&nbsp;<\/p>\n<p>C\u2019\u00e9tait Ernest SIVAGER dit l\u2019Athl\u00e8te,<\/p>\n<p>Sportif Em\u00e9rite de la  Soci\u00e9t\u00e9 Omnisports \u00ab\u00a0La GAULOISE\u00a0\u00bb<\/p>\n<p>Ville de la Trinit\u00e9 en Martinique.<\/p>\n<p>Il pratiquait avec brio le Disque, le Javelot, la Perche, le Saut, le Sprint et les Agr\u00e8s.<\/p>\n<p>&nbsp;<\/p>\n<p>Profitons-en, pour m\u00e9diter sur le fait de savoir si, \u00e9voquant l\u2019all\u00e9gation pr\u00eat\u00e9e \u00e0 Aim\u00e9 CESAIRE dont on sait qu\u2019il a reni\u00e9 la D\u00e9partementalisation, rejet\u00e9 toute vell\u00e9it\u00e9 d\u2019Assimilation ou d\u2019Int\u00e9gration \u00e0 la France.<\/p>\n<p>&nbsp;<\/p>\n<p>Profitons-en pour nous demander qui, de la  France ou de la  Martinique, a fait que le Martiniquais soit aujourd\u2019hui\u00a0:<\/p>\n<p>&nbsp;<\/p>\n<p>\u00ab\u00a0<em>Non pas un Fran\u00e7ais \u00e0 part enti\u00e8re, Mais un Fran\u00e7ais enti\u00e8rement \u00e0 part<\/em> \u00bb et, dirions-nous tout cour, un Enti\u00e8rement \u00e0 part.<\/p>\n<p>&nbsp;<\/p>\n<p>&nbsp;<\/p>\n<p><strong><span style=\"text-decoration: underline;\">Pi\u00e8ces Jointes\u00a0:<\/span><\/strong><\/p>\n<p>&nbsp;<\/p>\n<p>1)\u00a0\u00a0\u00a0\u00a0 Dollar de Propagande antisioniste diffus\u00e9 au cours de la Guerre.<\/p>\n<p><img loading=\"lazy\" decoding=\"async\" class=\"alignleft size-large wp-image-5486\" title=\"Scan_Pic0108\" src=\"http:\/\/www.lecarrefourdesopinions.ca\/wp-content\/uploads\/2011\/04\/Scan_Pic01082-1024x231.jpg\" alt=\"\" width=\"450\" height=\"101\" srcset=\"http:\/\/www.lecarrefourdesopinions.ca\/wp-content\/uploads\/2011\/04\/Scan_Pic01082-1024x231.jpg 1024w, http:\/\/www.lecarrefourdesopinions.ca\/wp-content\/uploads\/2011\/04\/Scan_Pic01082-300x67.jpg 300w, http:\/\/www.lecarrefourdesopinions.ca\/wp-content\/uploads\/2011\/04\/Scan_Pic01082-400x90.jpg 400w\" sizes=\"auto, (max-width: 450px) 100vw, 450px\" \/><\/p>\n<p>&nbsp;<\/p>\n<p>&nbsp;<\/p>\n<p><img loading=\"lazy\" decoding=\"async\" class=\"alignleft size-large wp-image-5480\" title=\"Scan_Pic0109\" src=\"http:\/\/www.lecarrefourdesopinions.ca\/wp-content\/uploads\/2011\/04\/Scan_Pic0109-1024x245.jpg\" alt=\"\" width=\"450\" height=\"107\" srcset=\"http:\/\/www.lecarrefourdesopinions.ca\/wp-content\/uploads\/2011\/04\/Scan_Pic0109-1024x245.jpg 1024w, http:\/\/www.lecarrefourdesopinions.ca\/wp-content\/uploads\/2011\/04\/Scan_Pic0109-300x71.jpg 300w, http:\/\/www.lecarrefourdesopinions.ca\/wp-content\/uploads\/2011\/04\/Scan_Pic0109-400x95.jpg 400w\" sizes=\"auto, (max-width: 450px) 100vw, 450px\" \/><\/p>\n<p>&nbsp;<\/p>\n<p>&nbsp;<\/p>\n<p>2)\u00a0\u00a0\u00a0\u00a0 OVERLORD Op\u00e9ration Participants.<\/p>\n<p><img loading=\"lazy\" decoding=\"async\" class=\"alignleft size-medium wp-image-5488\" title=\"Scan_Pic0110\" src=\"http:\/\/www.lecarrefourdesopinions.ca\/wp-content\/uploads\/2011\/04\/Scan_Pic01101-300x59.jpg\" alt=\"\" width=\"300\" height=\"59\" srcset=\"http:\/\/www.lecarrefourdesopinions.ca\/wp-content\/uploads\/2011\/04\/Scan_Pic01101-300x59.jpg 300w, http:\/\/www.lecarrefourdesopinions.ca\/wp-content\/uploads\/2011\/04\/Scan_Pic01101-400x79.jpg 400w, http:\/\/www.lecarrefourdesopinions.ca\/wp-content\/uploads\/2011\/04\/Scan_Pic01101.jpg 939w\" sizes=\"auto, (max-width: 300px) 100vw, 300px\" \/><\/p>\n<p>&nbsp;<\/p>\n<p><strong><span style=\"text-decoration: underline;\">Rappel\u00a0: <\/span><\/strong><\/p>\n<p>&nbsp;<\/p>\n<ul>\n<li>Le 4 Juillet est le Jour Anniversaire de l\u2019Ind\u00e9pendance Am\u00e9ricaine \u00ab\u00a0Ind\u00e9pendance Day\u00a0\u00bb &#8211; 04 Juillet 1776.<\/li>\n<\/ul>\n<p>&nbsp;<\/p>\n<ul>\n<li>De nombreux Polonais ont particip\u00e9 comme Formateurs ou comme Combattants dans les Rangs Alli\u00e9s.<\/li>\n<\/ul>\n<p>&nbsp;<\/p>\n<script type=\"text\/javascript\">\n\nvar addthis_config = {\"data_track_clickback\":false,\"data_track_addressbar\":false,\"data_track_textcopy\":false};\n<\/script><script type=\"text\/javascript\" src=\"\/\/s7.addthis.com\/js\/250\/addthis_widget.js#pubid=a457a6d63fb9e6ccabdde4110343bd85\"><\/script>","protected":false},"excerpt":{"rendered":"<p><span style=\"color: #3366ff;\">Quel Discours ou Quel Reportage.<\/span><\/p>\n<\/p>\n<p><span style=\"color: #800000;\">Par Eric E.G. NOGARD\u00a0\u00a0\u00a0\u00a0\u00a0 <\/span><\/p>\n<p>&nbsp;<\/p>\n<p><span style=\"color: #3366ff;\">L\u00e9o ELIZABETH, que nous ne connaissons pas, serait un Historien-Orateur Comp\u00e9tent et Talentueux, nous l\u2019admettons.<\/span><\/p>\n<p>&nbsp;<\/p>\n<p>Aussi, nous sommes-nous int\u00e9ress\u00e9s au Reportage France-Antilles-Martinique du 20 Avril 2011 &hellip;<\/p>\n","protected":false},"author":1,"featured_media":0,"comment_status":"open","ping_status":"open","sticky":false,"template":"","format":"standard","meta":{"footnotes":""},"categories":[1],"tags":[],"class_list":["post-5481","post","type-post","status-publish","format-standard","hentry","category-accueil"],"_links":{"self":[{"href":"http:\/\/www.lecarrefourdesopinions.ca\/index.php?rest_route=\/wp\/v2\/posts\/5481","targetHints":{"allow":["GET"]}}],"collection":[{"href":"http:\/\/www.lecarrefourdesopinions.ca\/index.php?rest_route=\/wp\/v2\/posts"}],"about":[{"href":"http:\/\/www.lecarrefourdesopinions.ca\/index.php?rest_route=\/wp\/v2\/types\/post"}],"author":[{"embeddable":true,"href":"http:\/\/www.lecarrefourdesopinions.ca\/index.php?rest_route=\/wp\/v2\/users\/1"}],"replies":[{"embeddable":true,"href":"http:\/\/www.lecarrefourdesopinions.ca\/index.php?rest_route=%2Fwp%2Fv2%2Fcomments&post=5481"}],"version-history":[{"count":5,"href":"http:\/\/www.lecarrefourdesopinions.ca\/index.php?rest_route=\/wp\/v2\/posts\/5481\/revisions"}],"predecessor-version":[{"id":5510,"href":"http:\/\/www.lecarrefourdesopinions.ca\/index.php?rest_route=\/wp\/v2\/posts\/5481\/revisions\/5510"}],"wp:attachment":[{"href":"http:\/\/www.lecarrefourdesopinions.ca\/index.php?rest_route=%2Fwp%2Fv2%2Fmedia&parent=5481"}],"wp:term":[{"taxonomy":"category","embeddable":true,"href":"http:\/\/www.lecarrefourdesopinions.ca\/index.php?rest_route=%2Fwp%2Fv2%2Fcategories&post=5481"},{"taxonomy":"post_tag","embeddable":true,"href":"http:\/\/www.lecarrefourdesopinions.ca\/index.php?rest_route=%2Fwp%2Fv2%2Ftags&post=5481"}],"curies":[{"name":"wp","href":"https:\/\/api.w.org\/{rel}","templated":true}]}}