{"id":5475,"date":"2011-04-27T09:28:54","date_gmt":"2011-04-27T13:28:54","guid":{"rendered":"http:\/\/www.lecarrefourdesopinions.ca\/?p=5475"},"modified":"2011-04-27T09:28:54","modified_gmt":"2011-04-27T13:28:54","slug":"violations-systematiques-des-droits-de-lhomme","status":"publish","type":"post","link":"http:\/\/www.lecarrefourdesopinions.ca\/?p=5475","title":{"rendered":"Violations Syst\u00e9matiques des Droits de L&rsquo;homme"},"content":{"rendered":"<p><img loading=\"lazy\" decoding=\"async\" class=\"alignleft size-full wp-image-5474\" title=\"en t\u00eate articles Vietnam\" src=\"http:\/\/www.lecarrefourdesopinions.ca\/wp-content\/uploads\/2011\/04\/en-t\u00eate-articles-Vietnam1.jpg\" alt=\"\" width=\"508\" height=\"475\" srcset=\"http:\/\/www.lecarrefourdesopinions.ca\/wp-content\/uploads\/2011\/04\/en-t\u00eate-articles-Vietnam1.jpg 508w, http:\/\/www.lecarrefourdesopinions.ca\/wp-content\/uploads\/2011\/04\/en-t\u00eate-articles-Vietnam1-300x280.jpg 300w, http:\/\/www.lecarrefourdesopinions.ca\/wp-content\/uploads\/2011\/04\/en-t\u00eate-articles-Vietnam1-400x374.jpg 400w\" sizes=\"auto, (max-width: 508px) 100vw, 508px\" \/><\/p>\n<p>&nbsp;<\/p>\n<p><strong>Neuvi\u00e8me cas : la situation de Kpa Kloh<\/strong><\/p>\n<p><strong> <\/strong><\/p>\n<p>Kpa Kloh, n\u00e9 le 12\/06\/1966, domicili\u00e9 au village de Ploi, commune Hbong, district de Cu Se, province de Gia Lai, a \u00e9t\u00e9 arr\u00eat\u00e9 par les forces de s\u00e9curit\u00e9 le 12\/10\/2004. Il a \u00e9t\u00e9 transf\u00e9r\u00e9 \u00e0 la prison provinciale de Phu Yen. Kpa Kloh a subi fr\u00e9quemment des tortures. Les forces de s\u00e9curit\u00e9 ont utilis\u00e9 des batons pour frapper Kpa Kloh et donn\u00e9 des coups de pieds avec des chaussures aux semelles en fer.<\/p>\n<p>&nbsp;<\/p>\n<p>Le 8\/7\/2007, les forces de s\u00e9curit\u00e9 ont utilis\u00e9 des batons pour frapper Kpa Kloh \u00e0 la t\u00eate provoquant son \u00e9vanouissement et le saignement aux oreilles, au nez et \u00e0 la bouche. Le 10\/12\/2007 et le 09\/02\/2008, les forces de s\u00e9curit\u00e9 ont continu\u00e9 \u00e0 torturer Kpa Kloh. Kpa Kloh est d\u00e9c\u00e9d\u00e9 le 10\/02\/2008 apr\u00e8s de multiples tortures de la part des forces de s\u00e9curit\u00e9 de la prison provinciale de Phu Yen, laissant sa femme R\u2019Mah H\u2019ne et ses six jeunes enfants.<\/p>\n<p>&nbsp;<\/p>\n<p><strong>Dixi\u00e8me cas : Minorit\u00e9 ethnique de Jarai<\/strong><\/p>\n<p>&nbsp;<\/p>\n<p>A)\u00a0\u00a0 Le 30\/07\/2008, les forces de s\u00e9curit\u00e9 communistes vietnamiennes du district Dak Doa, province de Gia Lai ont arr\u00eat\u00e9 4 membres de l\u2019Eglise de la Minorit\u00e9 ethnique Degar :<\/p>\n<p>1-Noh, n\u00e9 en 1957, domicili\u00e9 au village Loi Bel Dor 1, commune de Golar, Dak Doa, province Gia Lai<\/p>\n<p>2- Yu, n\u00e9 en 1937, domicili\u00e9 au village Ploi Brel Dor 2, commune de Golar, Dak Doa, province de Gia Lai<\/p>\n<p>3- Yuh, n\u00e9 en 1962, domicili\u00e9 au village Ploi Brel Dor 2, commune de Golar, Dak Doa, province de Gia Lai<\/p>\n<p>4-Amlinh, n\u00e9 en 1938, domicili\u00e9 au village Ploi Tuoh Ktu, commune de Golar, Dak Doa, province de Gia Lai<\/p>\n<p>&nbsp;<\/p>\n<p>Yu, Yuh et Amlinh ont \u00e9t\u00e9 lib\u00e9r\u00e9s le 17\/08\/2008. Noh a \u00e9t\u00e9 toujours emprisonn\u00e9, durant l\u2019interrogatoire du 20\/08\/2008, les forces de s\u00e9curit\u00e9 ont cherch\u00e9 \u00e0 savoir les raisons de l\u2019organisation d\u2019une r\u00e9union chez la domicile de Amlinh. Noh a d\u00e9clar\u00e9 aux forces de s\u00e9curit\u00e9 que les membres de l\u2019Eglise et lui m\u00eame ont pri\u00e9 pour M. Kok Ksor et pendant le rencontre avec les membres du Parlement Europ\u00e9en, M. Kor Ksor a pu convaincre le Parlement Europ\u00e9en d\u2019apporter le soutien \u00e0 leur lutte pour le droit de l\u2019homme. Les forces de s\u00e9curit\u00e9 n\u2019ont pas pu justifier les raisons de l\u2019arrestation de M. Noh.<\/p>\n<p>&nbsp;<\/p>\n<p>B)\u00a0\u00a0 Le 3\/08\/2008, les forces de s\u00e9curit\u00e9 communistes vietnamiennes ont interrog\u00e9 les 4 membres de l\u2019Eglise Protestante Degar, domicil\u00e9s au village Ploi Bang, commune Ia Chia, District Ia Grai, province de Gia Lai sur les activit\u00e9s de l\u2019Eglise. Les 4 personnes qui ont \u00e9t\u00e9 interrog\u00e9es sont :<\/p>\n<p>&nbsp;<\/p>\n<p>1)\u00a0\u00a0\u00a0 Puih Kui, n\u00e9 en 1989<\/p>\n<p>2)\u00a0\u00a0\u00a0 Rmah H\u2019Di, n\u00e9 en 1964<\/p>\n<p>3)\u00a0\u00a0\u00a0 Rmah H\u2019En, n\u00e9 en 1963<\/p>\n<p>4)\u00a0\u00a0\u00a0 Puih Henh, n\u00e9 en 1968<\/p>\n<p>&nbsp;<\/p>\n<p>C)\u00a0\u00a0 Le 30\/08\/2008, environ 30 \u00e9l\u00e9ments des forces de s\u00e9curit\u00e9 ont encercl\u00e9 le village de Cuor Knia, district Buon Don, province Dak Lak et ont arr\u00eat\u00e9 3 hommes de la minorit\u00e9 ethnique :<\/p>\n<p>&nbsp;<\/p>\n<p>1)\u00a0\u00a0\u00a0 Y-Ruk Buon Ya, 19 ans<\/p>\n<p>2)\u00a0\u00a0\u00a0 Y-Yong Hwing<\/p>\n<p>3)\u00a0\u00a0\u00a0 Y-Than Buon Ya, 20 ans<\/p>\n<p>Avec les raisons \u201cen possession de t\u00e9l\u00e9phone portables\u201d<\/p>\n<p><img loading=\"lazy\" decoding=\"async\" class=\"alignleft size-large wp-image-5477\" title=\"Accompagner un enfant\" src=\"http:\/\/www.lecarrefourdesopinions.ca\/wp-content\/uploads\/2011\/04\/Accompagner-un-enfant3-704x1023.jpg\" alt=\"\" width=\"450\" height=\"653\" srcset=\"http:\/\/www.lecarrefourdesopinions.ca\/wp-content\/uploads\/2011\/04\/Accompagner-un-enfant3-704x1023.jpg 704w, http:\/\/www.lecarrefourdesopinions.ca\/wp-content\/uploads\/2011\/04\/Accompagner-un-enfant3-206x300.jpg 206w, http:\/\/www.lecarrefourdesopinions.ca\/wp-content\/uploads\/2011\/04\/Accompagner-un-enfant3-400x581.jpg 400w, http:\/\/www.lecarrefourdesopinions.ca\/wp-content\/uploads\/2011\/04\/Accompagner-un-enfant3.jpg 1774w\" sizes=\"auto, (max-width: 450px) 100vw, 450px\" \/><\/p>\n<script type=\"text\/javascript\">\n\nvar addthis_config = {\"data_track_clickback\":false,\"data_track_addressbar\":false,\"data_track_textcopy\":false};\n<\/script><script type=\"text\/javascript\" src=\"\/\/s7.addthis.com\/js\/250\/addthis_widget.js#pubid=a457a6d63fb9e6ccabdde4110343bd85\"><\/script>","protected":false},"excerpt":{"rendered":"<\/p>\n<p>&nbsp;<\/p>\n<p>Neuvi\u00e8me cas : la situation de Kpa Kloh<\/p>\n<\/p>\n<p>Kpa Kloh, n\u00e9 le 12\/06\/1966, domicili\u00e9 au village de Ploi, commune Hbong, district de Cu Se, province de Gia Lai, a \u00e9t\u00e9 arr\u00eat\u00e9 par les forces de s\u00e9curit\u00e9 &hellip;<\/p>\n","protected":false},"author":1,"featured_media":0,"comment_status":"open","ping_status":"open","sticky":false,"template":"","format":"standard","meta":{"footnotes":""},"categories":[1],"tags":[],"class_list":["post-5475","post","type-post","status-publish","format-standard","hentry","category-accueil"],"_links":{"self":[{"href":"http:\/\/www.lecarrefourdesopinions.ca\/index.php?rest_route=\/wp\/v2\/posts\/5475","targetHints":{"allow":["GET"]}}],"collection":[{"href":"http:\/\/www.lecarrefourdesopinions.ca\/index.php?rest_route=\/wp\/v2\/posts"}],"about":[{"href":"http:\/\/www.lecarrefourdesopinions.ca\/index.php?rest_route=\/wp\/v2\/types\/post"}],"author":[{"embeddable":true,"href":"http:\/\/www.lecarrefourdesopinions.ca\/index.php?rest_route=\/wp\/v2\/users\/1"}],"replies":[{"embeddable":true,"href":"http:\/\/www.lecarrefourdesopinions.ca\/index.php?rest_route=%2Fwp%2Fv2%2Fcomments&post=5475"}],"version-history":[{"count":3,"href":"http:\/\/www.lecarrefourdesopinions.ca\/index.php?rest_route=\/wp\/v2\/posts\/5475\/revisions"}],"predecessor-version":[{"id":5508,"href":"http:\/\/www.lecarrefourdesopinions.ca\/index.php?rest_route=\/wp\/v2\/posts\/5475\/revisions\/5508"}],"wp:attachment":[{"href":"http:\/\/www.lecarrefourdesopinions.ca\/index.php?rest_route=%2Fwp%2Fv2%2Fmedia&parent=5475"}],"wp:term":[{"taxonomy":"category","embeddable":true,"href":"http:\/\/www.lecarrefourdesopinions.ca\/index.php?rest_route=%2Fwp%2Fv2%2Fcategories&post=5475"},{"taxonomy":"post_tag","embeddable":true,"href":"http:\/\/www.lecarrefourdesopinions.ca\/index.php?rest_route=%2Fwp%2Fv2%2Ftags&post=5475"}],"curies":[{"name":"wp","href":"https:\/\/api.w.org\/{rel}","templated":true}]}}