{"id":5468,"date":"2011-05-04T12:01:10","date_gmt":"2011-05-04T16:01:10","guid":{"rendered":"http:\/\/www.lecarrefourdesopinions.ca\/?p=5468"},"modified":"2011-05-04T12:01:10","modified_gmt":"2011-05-04T16:01:10","slug":"c%e2%80%99est-bien-de-dire-%e2%80%9cje-veux%e2%80%9d","status":"publish","type":"post","link":"http:\/\/www.lecarrefourdesopinions.ca\/?p=5468","title":{"rendered":"C\u2019est bien de dire \u201cJe Veux\u201d"},"content":{"rendered":"<p><span style=\"color: #3366ff;\"><em><strong>C\u2019est bien de dire \u201cJe Veux\u201d<\/strong><\/em><\/span><\/p>\n<p>&nbsp;<\/p>\n<p><img loading=\"lazy\" decoding=\"async\" class=\"alignleft size-thumbnail wp-image-5469\" title=\"photo \u00c9ric Nogard\" src=\"http:\/\/www.lecarrefourdesopinions.ca\/wp-content\/uploads\/2011\/04\/photo-\u00c9ric-Nogard6-134x107.jpg\" alt=\"\" width=\"134\" height=\"107\" \/> <span style=\"color: #800000;\"><em> Par Eric E.G. NOGARD <\/em><\/span><\/p>\n<p>&nbsp;<\/p>\n<p>A moins qu\u2019il nous d\u00e9mente, Marth\u00e9ly, Pr\u00e9sident de la R\u00e9publique de Ha\u00efti, dans son Discours d\u2019Ouverture, \u00e0 l\u2019Or\u00e9e de son Mandat, a dit\u00a0:<\/p>\n<p>&nbsp;<\/p>\n<p>\u00ab\u00a0<em><strong>Je veux scolariser tous les petits Ha\u00eftiens, reconstruire Ha\u00efti, renvoyer les Agriculteurs Ha\u00eftiens au Travail de la Terre<strong>.<\/strong><\/strong><\/em> \u00bb<\/p>\n<p>&nbsp;<\/p>\n<p>A moins d\u2019\u00eatre le Bon Dieu ou peut-\u00eatre le Diable,<\/p>\n<p>Quel Ha\u00eftien pourrait dire mieux\u2026 pas Un\u00a0!..<\/p>\n<p>Et quel Ha\u00eftien pourrait y parvenir\u2026 aucun.<\/p>\n<p>&nbsp;<\/p>\n<p><img loading=\"lazy\" decoding=\"async\" class=\"alignleft size-medium wp-image-5472\" title=\"Fleure 16\" src=\"http:\/\/www.lecarrefourdesopinions.ca\/wp-content\/uploads\/2011\/04\/Fleure-16-300x235.jpg\" alt=\"\" width=\"300\" height=\"235\" srcset=\"http:\/\/www.lecarrefourdesopinions.ca\/wp-content\/uploads\/2011\/04\/Fleure-16-300x235.jpg 300w, http:\/\/www.lecarrefourdesopinions.ca\/wp-content\/uploads\/2011\/04\/Fleure-16-400x313.jpg 400w, http:\/\/www.lecarrefourdesopinions.ca\/wp-content\/uploads\/2011\/04\/Fleure-16.jpg 624w\" sizes=\"auto, (max-width: 300px) 100vw, 300px\" \/>Car de la Coupe aux L\u00e8vres, il y a du Chemin, sous quelqu\u2019angle qu\u2019on s\u2019y prenne, Vouloir et Pouvoir ne d\u00e9pendant pas toujours tous les deux de soi, et, d\u2019ailleurs, sont-ils toujours conciliables.<\/p>\n<p>&nbsp;<\/p>\n<p>&nbsp;<\/p>\n<p>Voyons \u00e7a d\u2019aussi pr\u00e8s que possible\u00a0:<\/p>\n<p>&nbsp;<\/p>\n<ul>\n<li>Combien d\u2019Enfants sont \u00e0 Scolariser et qu\u2019est-ce que cela suppose en Etablissements, en Mobiliers, en Personnels\u2026 en \u00ab\u00a0\u00e0-c\u00f4t\u00e9 des baisers\u00a0\u00bb\u2026<\/li>\n<\/ul>\n<p><em>Ce qui se chiffrerait \u00e0 Combien, dans le meilleur des cas.<\/em><\/p>\n<p>&nbsp;<\/p>\n<ul>\n<li>Combien de Villes et Villages Ha\u00eftiens seraient \u00e0 Reconstruire, y compris le relogement provisoire, le d\u00e9blayement, les infrastructures, la viabilisation, les superstructures, l\u2019organisation des Services.<\/li>\n<\/ul>\n<p><em>Ce qui se chiffrerait \u00e0 combien, selon les pr\u00e9visions\u00a0 les plus optimistes.<\/em><\/p>\n<p>&nbsp;<\/p>\n<ul>\n<li>Combien d\u2019Espaces et pour quelles Superficies disposent encore de Terres Arables, de Paysans et de Moyens Propres, pour la Remise en Route d\u2019une Op\u00e9ration de telle Envergure, qui sera productive dans Combien de Temps encore\u2026 dans combien de Longues Ann\u00e9es sans Pain.<\/li>\n<\/ul>\n<p><em>Ce qui chiffrerait \u00e0 combien la Participation de l\u2019Etat Ha\u00eftien.<\/em><\/p>\n<p>&nbsp;<\/p>\n<ul>\n<li>Et \u00e0 Combien se monterait la r\u00e9alisation d\u2019un Projet aussi Colossal.<\/li>\n<\/ul>\n<p>&nbsp;<\/p>\n<ul>\n<li>De m\u00eame, de Combien disposerait Ha\u00efti pour y faire face.<\/li>\n<\/ul>\n<p>&nbsp;<\/p>\n<p>&nbsp;<\/p>\n<p>Emprunter est chose possible, dans la mesure o\u00f9 \u00ab\u00a0aux Yeux\u00a0\u00bb du Pr\u00eateur, l\u2019Emprunteur para\u00eet Solvable, et Vu que, selon l\u2019adage, Charit\u00e9 et Affaires ne sont pas mus par les m\u00eames P\u00e9dales\u2026<\/p>\n<p>&nbsp;<\/p>\n<p>Il est vrai que Ha\u00efti peut prendre exemple sur sa s\u0153ur de la Mer des Antilles.<\/p>\n<p>Que Ha\u00efti, comme la Martinique est bien une \u00ab\u00a0NASYON\u00a0\u00bb qui a son Peuple, son Drapeau.<\/p>\n<p>&nbsp;<\/p>\n<p>Et, comme cette \u00ab\u00a0Nasyon Matnik\u00a0\u00bb, Ha\u00efti peut se mettre sous Protectorat,<\/p>\n<p>Sauf \u00e0 devenir \u2013 si elle le peut \u2013 un Etat Associ\u00e9 comme Porto-Rico,<\/p>\n<p>Sauf \u00e0 redevenir \u2013 si elle le peut \u2013 une Province de sa Vielle M\u00e8re Patrie.<\/p>\n<p>&nbsp;<\/p>\n<p><em><strong>Quand on se pr\u00e9tend Souverain, on doit pouvoir G\u00e9rer.<\/strong><\/em><\/p>\n<p><em><strong>Quand on n\u2019est pas Souverain, on ne peut dire\u00a0: \u00ab\u00a0Je Veux\u00a0\u00bb.<\/strong><\/em><\/p>\n<p><em><strong><img loading=\"lazy\" decoding=\"async\" class=\"alignleft size-large wp-image-5471\" title=\"pub Jean Paul 3\" src=\"http:\/\/www.lecarrefourdesopinions.ca\/wp-content\/uploads\/2011\/04\/pub-Jean-Paul-33-1024x666.jpg\" alt=\"\" width=\"450\" height=\"292\" srcset=\"http:\/\/www.lecarrefourdesopinions.ca\/wp-content\/uploads\/2011\/04\/pub-Jean-Paul-33-1024x666.jpg 1024w, http:\/\/www.lecarrefourdesopinions.ca\/wp-content\/uploads\/2011\/04\/pub-Jean-Paul-33-300x195.jpg 300w, http:\/\/www.lecarrefourdesopinions.ca\/wp-content\/uploads\/2011\/04\/pub-Jean-Paul-33-400x260.jpg 400w, http:\/\/www.lecarrefourdesopinions.ca\/wp-content\/uploads\/2011\/04\/pub-Jean-Paul-33.jpg 1234w\" sizes=\"auto, (max-width: 450px) 100vw, 450px\" \/><br \/><\/strong><\/em><\/p>\n<p>&nbsp;<\/p>\n<p>&nbsp;<\/p>\n<script type=\"text\/javascript\">\n\nvar addthis_config = {\"data_track_clickback\":false,\"data_track_addressbar\":false,\"data_track_textcopy\":false};\n<\/script><script type=\"text\/javascript\" src=\"\/\/s7.addthis.com\/js\/250\/addthis_widget.js#pubid=a457a6d63fb9e6ccabdde4110343bd85\"><\/script>","protected":false},"excerpt":{"rendered":"<p><span style=\"color: #3366ff;\">C\u2019est bien de dire \u201cJe Veux\u201d<\/span><\/p>\n<p>&nbsp;<\/p>\n<p> <span style=\"color: #800000;\"> Par Eric E.G. NOGARD <\/span><\/p>\n<p>&nbsp;<\/p>\n<p>A moins qu\u2019il nous d\u00e9mente, Marth\u00e9ly, Pr\u00e9sident de la R\u00e9publique de Ha\u00efti, dans son Discours d\u2019Ouverture, \u00e0 l\u2019Or\u00e9e de son Mandat, a dit\u00a0:<\/p>\n<p>&nbsp;&hellip;<\/p>\n","protected":false},"author":1,"featured_media":0,"comment_status":"open","ping_status":"open","sticky":false,"template":"","format":"standard","meta":{"footnotes":""},"categories":[1],"tags":[],"class_list":["post-5468","post","type-post","status-publish","format-standard","hentry","category-accueil"],"_links":{"self":[{"href":"http:\/\/www.lecarrefourdesopinions.ca\/index.php?rest_route=\/wp\/v2\/posts\/5468","targetHints":{"allow":["GET"]}}],"collection":[{"href":"http:\/\/www.lecarrefourdesopinions.ca\/index.php?rest_route=\/wp\/v2\/posts"}],"about":[{"href":"http:\/\/www.lecarrefourdesopinions.ca\/index.php?rest_route=\/wp\/v2\/types\/post"}],"author":[{"embeddable":true,"href":"http:\/\/www.lecarrefourdesopinions.ca\/index.php?rest_route=\/wp\/v2\/users\/1"}],"replies":[{"embeddable":true,"href":"http:\/\/www.lecarrefourdesopinions.ca\/index.php?rest_route=%2Fwp%2Fv2%2Fcomments&post=5468"}],"version-history":[{"count":3,"href":"http:\/\/www.lecarrefourdesopinions.ca\/index.php?rest_route=\/wp\/v2\/posts\/5468\/revisions"}],"predecessor-version":[{"id":5620,"href":"http:\/\/www.lecarrefourdesopinions.ca\/index.php?rest_route=\/wp\/v2\/posts\/5468\/revisions\/5620"}],"wp:attachment":[{"href":"http:\/\/www.lecarrefourdesopinions.ca\/index.php?rest_route=%2Fwp%2Fv2%2Fmedia&parent=5468"}],"wp:term":[{"taxonomy":"category","embeddable":true,"href":"http:\/\/www.lecarrefourdesopinions.ca\/index.php?rest_route=%2Fwp%2Fv2%2Fcategories&post=5468"},{"taxonomy":"post_tag","embeddable":true,"href":"http:\/\/www.lecarrefourdesopinions.ca\/index.php?rest_route=%2Fwp%2Fv2%2Ftags&post=5468"}],"curies":[{"name":"wp","href":"https:\/\/api.w.org\/{rel}","templated":true}]}}