{"id":5465,"date":"2011-04-27T09:28:27","date_gmt":"2011-04-27T13:28:27","guid":{"rendered":"http:\/\/www.lecarrefourdesopinions.ca\/?p=5465"},"modified":"2011-04-27T09:28:27","modified_gmt":"2011-04-27T13:28:27","slug":"calendrier-culturel-par-yves-alavo-2-2","status":"publish","type":"post","link":"http:\/\/www.lecarrefourdesopinions.ca\/?p=5465","title":{"rendered":"CALENDRIER CULTUREL PAR YVES ALAVO (2)"},"content":{"rendered":"<p><span style=\"color: #3366ff;\"><strong><em>CALENDRIER CULTUREL PAR YVES ALAVO (2)<\/em><\/strong><\/span><\/p>\n<p><img loading=\"lazy\" decoding=\"async\" class=\"alignleft size-thumbnail wp-image-5466\" title=\"yves Alavo\" src=\"http:\/\/www.lecarrefourdesopinions.ca\/wp-content\/uploads\/2011\/04\/yves-Alavo4-112x107.jpg\" alt=\"\" width=\"112\" height=\"107\" \/><\/p>\n<p>Vues d\u2019Afrique\u00a0:<\/p>\n<p><a href=\"http:\/\/www.vuesdafrique.org\/\">http:\/\/www.vuesdafrique.org\/<\/a><\/p>\n<p>&nbsp;<\/p>\n<p><strong>Lundi 2 mai 18 h 30 au G\u00e9su.<\/strong><\/p>\n<p>Regards d&rsquo;ici Longs et moyens m\u00e9trages<\/p>\n<p>Un film de : Sylvain Braun<\/p>\n<p>Ann\u00e9e de production : 2010<\/p>\n<p>Dur\u00e9e : 52min<\/p>\n<p>Pays : France-Canada<\/p>\n<p>Langues : Fran\u00e7ais<\/p>\n<p><strong>COOP\u00c9RATION\u00a0: <\/strong><strong>8<sup>e<\/sup> souper-b\u00e9n\u00e9fice de Cuisiniers sans fronti\u00e8res<\/strong><\/p>\n<p>Sous la pr\u00e9sidence d\u2019honneur de Richard B\u00e9liveau.<\/p>\n<p>&nbsp;<\/p>\n<p>Le professeur Richard B\u00e9liveau, docteur en biochimie, titulaire de la  Chaire en pr\u00e9vention et traitement du cancer, auteur de livres et animateur bien connu a accept\u00e9 la pr\u00e9sidence d\u2019honneur afin d\u2019appuyer la cause humanitaire que d\u00e9fend Cuisiniers sans fronti\u00e8res (CSF) ainsi que ses valeurs.\u00a0\u00a0 Important, si vous ne pouvez y \u00eatre, envoyez un ch\u00e8que via l\u2019ITHQ.\u00a0 Un homme de c\u0153ur, celui qui a contribu\u00e9 depuis plus de vingt ans \u00e0 confectionner notre go\u00fbt, Jean Louis Th\u00e9mis, le Chef et professeur \u00e0 l\u2019Institut, m\u00e9rite notre admiration pour cette \u0153uvre d\u2019un grand secours et qui soutien directement les jeunes les plus d\u00e9munis.<\/p>\n<p>Ce souper-b\u00e9n\u00e9fice vise \u00e0 financer les projets de CSF au Qu\u00e9bec, \u00e0 Madagascar et au B\u00e9nin. Ce souper aura lieu :<\/p>\n<p><strong>Vendredi 13 mai 2011, \u00e0 18 h <\/strong>\u00e0 l\u2019 (<strong>ITHQ<\/strong>) Institut de tourisme et d\u2019h\u00f4tellerie du Qu\u00e9bec<\/p>\n<p>Salle Paul-\u00c9mile-L\u00e9vesque<\/p>\n<p>3535, rue Saint-Denis, Montr\u00e9al<\/p>\n<p>Au co\u00fbt de 150 $ par personne, un repas gastronomique de 5 services accompagn\u00e9s de vins et de plaisir garanti ! Cette soir\u00e9e sera anim\u00e9e et pleine de belles surprises.<\/p>\n<p>Co\u00fbt d\u2019une table de 8 personnes 1 100 $ (re\u00e7u d\u2019imp\u00f4t disponible)<\/p>\n<p><strong>Jean-Louis Th\u00e9mis, cofondateur de Cuisiniers sans fronti\u00e8res<\/strong><\/p>\n<p>RSVP<\/p>\n<p>cuisinierssansfrontieres@gmail.com<\/p>\n<p>Nathalie Boucher : 450 542 5022<\/p>\n<p><a href=\"http:\/\/www.cuisinierssansfrontieres.org\/\">www.cuisinierssansfrontieres.org<\/a><\/p>\n<p>&nbsp;<\/p>\n<p>&nbsp;<\/p>\n<p><strong>MUSIQUE\u00a0:<\/strong><\/p>\n<p><strong>La 21<sup>e<\/sup> \u00e9dition du Festival MMM <em>le Festival des musiques du monde de Montr\u00e9al<\/em><\/strong>.\u00a0 <strong>Du 27 avril au 7 mai 2011 \u00e0 Montr\u00e9al<\/strong>.<\/p>\n<p>&nbsp;<\/p>\n<p>La 21<sup>e<\/sup> \u00e9dition du Festival MMM\u00a0 (<strong><em>le Festival des musiques du monde de Montr\u00e9al<\/em><\/strong><em>)<\/em> met le chant au c\u0153ur de sa programmation et propose au public montr\u00e9alais de partir \u00e0 la d\u00e9couverte des voix et des chants du monde. Conceptualis\u00e9e par\u00a0 Jean-Marc Ravatel, directeur artistique de l\u2019\u00e9v\u00e9nement cette ann\u00e9e.\u00a0 Cette \u00e9dition r\u00e9unira sur sc\u00e8ne des artistes du Nord et du Sud, de l\u2019Est et de l\u2019Ouest, qui, tous ensemble, s\u2019uniront pour faire entendre leurs Voix\u00a0: voix d\u2019Arm\u00e9nie, d\u2019Ha\u00efti, d\u2019Alg\u00e9rie, du Mali, de Scandinavie, etc.\u00a0 La programmation comprend deux blocs\u00a0:<\/p>\n<p>&nbsp;<\/p>\n<ol>\n<li><strong><span style=\"text-decoration: underline;\">Les Grands Concerts &#8211; 20 h<\/span><\/strong><\/li>\n<\/ol>\n<p>&nbsp;<\/p>\n<p>Tous sont v\u00e9cus au Th\u00e9\u00e2tre Plaza \u2013 6505, rue St-Hubert<\/p>\n<p>Billets 20 $ (tx incl.) \u00e0 la porte et aussi via le R\u00e9seau Admission www.admission.com \/ 514 790-1245<\/p>\n<p>&nbsp;<\/p>\n<p><strong>Mercredi 27 avril<\/strong> \u2013 La <em>Soir\u00e9e<\/em><em> spaghatt<\/em>, tableaux italiens d\u2019Am\u00e9rique du Nord \u2013 avec Angelo Finaldi et le Wop Pow Wow, Betty Bonifassi, Benoit Charest et Dominic Mancuso.<\/p>\n<p><strong>Spectacle d\u2019ouverture<\/strong> en coproduction avec Espace musique et CBC Radio 2<\/p>\n<p>&nbsp;<\/p>\n<p>Jeudi 28 avril \u2013 <em>Noir comme l\u2019\u00c9b\u00e8ne<\/em>, chants d\u2019Afrique de l\u2019Ouest \u2013 avec Aboulaye Kon\u00e9 et Bolo Kan, Oumou Soumar\u00e9 et Idy Oulo<\/p>\n<p>&nbsp;<\/p>\n<p>Vendredi 29 avril \u2013 <em>Bouillon de culture<\/em>, la chanson m\u00e9tiss\u00e9e \u2013 avec Kebeko, Huu Bac Quach, Mathieu Deschenaux et Silk Road Duo<\/p>\n<p>&nbsp;<\/p>\n<p>Samedi 30 avril \u2013 <em>East marries west<\/em>, quand la cithare rencontre le violoncelle \u2013 avec Shubhendra Rao et Saskia Rao-de Hass (Inde).<\/p>\n<p>Spectacle en coproduction avec le Centre Culturel Kabir<\/p>\n<p>&nbsp;<\/p>\n<p>Jeudi 5 mai \u2013 <em>Sud \/ Nord<\/em>, voix de femmes \u2013 avec Catherine Lambert et Ath\u00e9sia<\/p>\n<p>&nbsp;<\/p>\n<p>Vendredi 6 mai \u2013 <em>L\u2019Art chansonnier<\/em> d\u2019Alg\u00e9rie et d\u2019Arm\u00e9nie, voix d\u2019exp\u00e9rience \u2013 avec Karim Saada et Serge B\u00e9drossian<\/p>\n<p>&nbsp;<\/p>\n<p>Samedi 7 mai \u2013 <em>Zing Exp\u00e9rience<\/em>, l\u2019exp\u00e9rience Paul Beaubrun (Ha\u00efti)<\/p>\n<p>&nbsp;<\/p>\n<p>&nbsp;<\/p>\n<ol>\n<li><strong><span style=\"text-decoration: underline;\">Les Nuits MMM \u2013\u00a0 22 h <\/span><\/strong><\/li>\n<\/ol>\n<p>&nbsp;<\/p>\n<p>Les nuits se vivent toutes au bar\/ bistro Les Bobards &#8211; 4328, boulevard St-Laurent<\/p>\n<p>7 $ \u00e0 la porte<\/p>\n<p>&nbsp;<\/p>\n<p>Jeudi 28 avril \u2013 Zekuhl<\/p>\n<p>Vendredi 29 avril \u2013 Obatala<\/p>\n<p>Samedi 30 avril \u2013 LaTourelle Orkestra<\/p>\n<p>Jeudi 5 mai \u2013 Banda Ayd\u00ea<\/p>\n<p>Vendredi 6 mai \u2013 Hombre<\/p>\n<p>Samedi 7 mai \u2013 Colectivo<\/p>\n<p>&nbsp;<\/p>\n<p>&nbsp;<\/p>\n<p><strong>L\u2019\u00c9QUIPE MMM\u00a0:<\/strong><\/p>\n<p>Louis Allard<\/p>\n<p>Directeur g\u00e9n\u00e9ral<\/p>\n<p>Jean-Marc Ravatel<\/p>\n<p>Directeur artistique<\/p>\n<p>Karine Leroux<\/p>\n<p>Directrice administrative<\/p>\n<p>Isabelle Clausse<\/p>\n<p>Stagiaire<\/p>\n<p>&nbsp;<\/p>\n<p>Contacts\u00a0: dans les bureaux<\/p>\n<p>1591, rue Fleury est, bureau 100<\/p>\n<p>Montr\u00e9al, QC H2C 1S7<\/p>\n<p><a href=\"mailto:info@musiqueMMM.com\">info@musiqueMMM.com<\/a><\/p>\n<p>&nbsp;<\/p>\n<p>T\u00e9l\u00e9phone\u00a0: 514 856-3787<\/p>\n<p>&nbsp;<\/p>\n<p>Visitez le site du Festival<\/p>\n<p><a href=\"http:\/\/musiquemmm.com\/mmm\/programmation.html\">http:\/\/musiquemmm.com\/mmm\/programmation.html<\/a><\/p>\n<p>&nbsp;<\/p>\n<p>&nbsp;<\/p>\n<p>&nbsp;<\/p>\n<p>&nbsp;<\/p>\n<script type=\"text\/javascript\">\n\nvar addthis_config = {\"data_track_clickback\":false,\"data_track_addressbar\":false,\"data_track_textcopy\":false};\n<\/script><script type=\"text\/javascript\" src=\"\/\/s7.addthis.com\/js\/250\/addthis_widget.js#pubid=a457a6d63fb9e6ccabdde4110343bd85\"><\/script>","protected":false},"excerpt":{"rendered":"<p><span style=\"color: #3366ff;\">CALENDRIER CULTUREL PAR YVES ALAVO (2)<\/span><\/p>\n<\/p>\n<p>Vues d\u2019Afrique\u00a0:<\/p>\n<p>http:\/\/www.vuesdafrique.org\/<\/p>\n<p>&nbsp;<\/p>\n<p>Lundi 2 mai 18 h 30 au G\u00e9su.<\/p>\n<p>Regards d&rsquo;ici Longs et moyens m\u00e9trages<\/p>\n<p>Un film de : Sylvain Braun<\/p>\n<p>Ann\u00e9e de production : 2010<\/p>\n<p>Dur\u00e9e &hellip;<\/p>\n","protected":false},"author":1,"featured_media":0,"comment_status":"open","ping_status":"open","sticky":false,"template":"","format":"standard","meta":{"footnotes":""},"categories":[1],"tags":[],"class_list":["post-5465","post","type-post","status-publish","format-standard","hentry","category-accueil"],"_links":{"self":[{"href":"http:\/\/www.lecarrefourdesopinions.ca\/index.php?rest_route=\/wp\/v2\/posts\/5465","targetHints":{"allow":["GET"]}}],"collection":[{"href":"http:\/\/www.lecarrefourdesopinions.ca\/index.php?rest_route=\/wp\/v2\/posts"}],"about":[{"href":"http:\/\/www.lecarrefourdesopinions.ca\/index.php?rest_route=\/wp\/v2\/types\/post"}],"author":[{"embeddable":true,"href":"http:\/\/www.lecarrefourdesopinions.ca\/index.php?rest_route=\/wp\/v2\/users\/1"}],"replies":[{"embeddable":true,"href":"http:\/\/www.lecarrefourdesopinions.ca\/index.php?rest_route=%2Fwp%2Fv2%2Fcomments&post=5465"}],"version-history":[{"count":2,"href":"http:\/\/www.lecarrefourdesopinions.ca\/index.php?rest_route=\/wp\/v2\/posts\/5465\/revisions"}],"predecessor-version":[{"id":5507,"href":"http:\/\/www.lecarrefourdesopinions.ca\/index.php?rest_route=\/wp\/v2\/posts\/5465\/revisions\/5507"}],"wp:attachment":[{"href":"http:\/\/www.lecarrefourdesopinions.ca\/index.php?rest_route=%2Fwp%2Fv2%2Fmedia&parent=5465"}],"wp:term":[{"taxonomy":"category","embeddable":true,"href":"http:\/\/www.lecarrefourdesopinions.ca\/index.php?rest_route=%2Fwp%2Fv2%2Fcategories&post=5465"},{"taxonomy":"post_tag","embeddable":true,"href":"http:\/\/www.lecarrefourdesopinions.ca\/index.php?rest_route=%2Fwp%2Fv2%2Ftags&post=5465"}],"curies":[{"name":"wp","href":"https:\/\/api.w.org\/{rel}","templated":true}]}}