{"id":5462,"date":"2011-04-22T09:01:25","date_gmt":"2011-04-22T13:01:25","guid":{"rendered":"http:\/\/www.lecarrefourdesopinions.ca\/?p=5462"},"modified":"2011-04-22T09:01:25","modified_gmt":"2011-04-22T13:01:25","slug":"calendrier-culturel-par-yves-alavo","status":"publish","type":"post","link":"http:\/\/www.lecarrefourdesopinions.ca\/?p=5462","title":{"rendered":"CALENDRIER CULTUREL PAR YVES ALAVO"},"content":{"rendered":"<p><span style=\"color: #3366ff;\"><strong><em>CALENDRIER CULTUREL PAR YVES ALAVO<\/em><\/strong><\/span><\/p>\n<p><img loading=\"lazy\" decoding=\"async\" class=\"alignleft size-thumbnail wp-image-5461\" title=\"yves Alavo\" src=\"http:\/\/www.lecarrefourdesopinions.ca\/wp-content\/uploads\/2011\/04\/yves-Alavo3-112x107.jpg\" alt=\"\" width=\"112\" height=\"107\" \/><\/p>\n<p><strong>ARTS VISUELS<\/strong><\/p>\n<p><strong> <\/strong><\/p>\n<p><strong>Temps &#8211; Dialogue sur l&rsquo;art contemporain du S\u00e9n\u00e9gal<\/strong><\/p>\n<p>&nbsp;<\/p>\n<p><strong>1.\u00a0 SBC, galerie d&rsquo;art contemporain<\/strong><\/p>\n<p>372, rue Sainte-Catherine Ouest, espace 507<\/p>\n<p>Du mercredi au samedi de 12 \u00e0 17 h 00<\/p>\n<p>Les \u0153uvres des trois autres artistes \u2014 A\u00efcha A\u00efdara, Samba Fall et Pape Seydi \u2014 sont pr\u00e9sent\u00e9es \u00e0 la SBC galerie d\u2019art contemporain.<\/p>\n<p><a href=\"http:\/\/www.sbcgallery.ca\/\">www.sbcgallery.ca<\/a><\/p>\n<p>&nbsp;<\/p>\n<p><strong>2. \u00e0 la galerie du MAI (Montr\u00e9al, arts interculturels), <\/strong><\/p>\n<p>3680, rue Jeanne-Mance, <strong>jusqu&rsquo;au 7 mai 2011.<\/strong><\/p>\n<p>Du mardi au samedi de 15h \u00e0 18h 00<\/p>\n<p><a href=\"http:\/\/www.m-a-i.qc.ca\/francais\/index.asp\">http:\/\/www.m-a-i.qc.ca\/francais\/index.asp<\/a><\/p>\n<p>Commissaire : Pierre Beaudoin<\/p>\n<p>Artistes : Serigne Mbaye Camara, Piniang, Fatou Kand\u00e9 Senghor<\/p>\n<p>Horaire de la galerie : du mardi au samedi, de 12h \u00e0 18h<\/p>\n<p>&nbsp;<\/p>\n<p>Articles de presse :<\/p>\n<p><a href=\"http:\/\/www.ledevoir.com\/culture\/arts-visuels\/320703\/expositions-le-temps-senegalais\">http:\/\/www.ledevoir.com\/culture\/arts-visuels\/320703\/expositions-le-temps-senegalais<\/a><\/p>\n<p>&nbsp;<\/p>\n<p><a href=\"http:\/\/www.montrealmirror.com\/wp\/2011\/04\/07\/artsweek-21\/\">http:\/\/www.montrealmirror.com\/wp\/2011\/04\/07\/artsweek-21\/<\/a><\/p>\n<p>&nbsp;<\/p>\n<p>&nbsp;<\/p>\n<p><strong>Exposition\u00a0: La for\u00eat bleue \u00a0de l\u2019artiste visuel Brad Todd <\/strong><\/p>\n<p>&nbsp;<\/p>\n<p>Derni\u00e8re de la saison, cette exposition regroupera des installations m\u00e9diatiques r\u00e9centes de Brad Todd, encore jamais montr\u00e9es \u00e0 Montr\u00e9al, ainsi que la monumentale \u0153uvre \u00e9ponyme projet\u00e9e \u00e0 travers les fen\u00eatres du 4001, Berri. Un rendez-vous \u00e0 ne pas manquer<\/p>\n<p>Du 30 avril au 4 juin 2011<\/p>\n<p>Vernissage : samedi 30 avril \u00e0 18 h<\/p>\n<p>&nbsp;<\/p>\n<p><strong>OBORO<\/strong>, un centre d\u00e9di\u00e9 \u00e0 la production et \u00e0 la pr\u00e9sentation de l\u2019art, des pratiques contemporaines et des nouveaux m\u00e9dias<\/p>\n<p>www.oboro.net <a href=\"mailto:oboro@oboro.net\">oboro@oboro.net<\/a><\/p>\n<p>&nbsp;<\/p>\n<p>4001, rue Berri, local 301,<\/p>\n<p>Montr\u00e9al (Qu\u00e9bec) H2L 4H2<\/p>\n<p>T\u00e9l. : 514 844-3250<\/p>\n<p>&nbsp;<\/p>\n<p><strong> <\/strong><\/p>\n<p><strong>CIN\u00c9MA\u00a0: ARTISANS DU CHANGEMENT : LE SALAIRE DE L\u2019ESPOIR <\/strong><\/p>\n<p>Dans le cadre du Festival du cin\u00e9ma Vues d\u2019Afrique<\/p>\n<p>&nbsp;<\/p>\n<p>Aujourd\u2019hui, le \u201csecteur informel\u201d,qui recouvre toutes les activit\u00e9s non d\u00e9clar\u00e9es, occupe une place importante dans l\u2019\u00e9conomie mondiale. C\u2019est un frein majeur au d\u00e9veloppement des pays pauvres, et pourtant, c\u2019est gr\u00e2ce \u00e0 celui-ci que survivent nombre de familles et de communaut\u00e9s \u00e0 travers le monde.<\/p>\n<p>&nbsp;<\/p>\n<p>Pour limiter ces emplois pr\u00e9caires, il est indispensable d\u2019accompagner les travailleurs vers la professionnalisation, de les aider \u00e0 s\u2019organiser et \u00e0 faire valoir leurs droits.<\/p>\n<p>Albina Ruiz, Bagor\u00e9 Bathily, Seri Youlou et Thomas Granier contribuent \u00e0 donner aux recycleurs du P\u00e9rou, aux bergers Peuls du S\u00e9n\u00e9gal et aux ma\u00e7ons du Burkina Faso, les moyens de vivre de leur travail.<\/p>\n<p>&nbsp;<\/p>\n<p>Coproduction franco-qu\u00e9b\u00e9coise pilot\u00e9e par RDI et Ushua\u00efa T\u00e9l\u00e9vision, Artisans du changement est une s\u00e9rie documentaire qui pr\u00e9sente les pionniers du d\u00e9veloppement aux quatre coins du monde.<\/p>\n<p>&nbsp;<\/p>\n<p>Sylvain Braun est auteur et r\u00e9alisateur de plusieurs documentaires sur les probl\u00e9matiques sociales et environnementales, tout autour de la plan\u00e8te. Ses derni\u00e8res r\u00e9alisations sont Equitour, Artisans du Changement et Better City, Better Life.<\/p>\n<p>&nbsp;<\/p>\n<p>27<sup>e<\/sup> journ\u00e9es du cin\u00e9ma africain Vues d\u2019Afrique du 29 avril au 8 mai 2011.\u00a0 Cette soir\u00e9e se fait en collaboration avec : Agir pour le d\u00e9veloppement Canada\u00a0:<\/p>\n<p><a href=\"http:\/\/formission2009.blogspot.com\/2010\/01\/agir-pour-le-developpement-canada-les.html\">http:\/\/formission2009.blogspot.com\/2010\/01\/agir-pour-le-developpement-canada-les.html<\/a><\/p>\n<p>&nbsp;<\/p>\n<script type=\"text\/javascript\">\n\nvar addthis_config = {\"data_track_clickback\":false,\"data_track_addressbar\":false,\"data_track_textcopy\":false};\n<\/script><script type=\"text\/javascript\" src=\"\/\/s7.addthis.com\/js\/250\/addthis_widget.js#pubid=a457a6d63fb9e6ccabdde4110343bd85\"><\/script>","protected":false},"excerpt":{"rendered":"<p><span style=\"color: #3366ff;\">CALENDRIER CULTUREL PAR YVES ALAVO<\/span><\/p>\n<\/p>\n<p>ARTS VISUELS<\/p>\n<\/p>\n<p>Temps &#8211; Dialogue sur l&rsquo;art contemporain du S\u00e9n\u00e9gal<\/p>\n<p>&nbsp;<\/p>\n<p>1.\u00a0 SBC, galerie d&rsquo;art contemporain<\/p>\n<p>372, rue Sainte-Catherine Ouest, espace 507<\/p>\n<p>Du mercredi au samedi de 12 \u00e0 17 h 00&hellip;<\/p>\n","protected":false},"author":1,"featured_media":0,"comment_status":"open","ping_status":"open","sticky":false,"template":"","format":"standard","meta":{"footnotes":""},"categories":[1],"tags":[],"class_list":["post-5462","post","type-post","status-publish","format-standard","hentry","category-accueil"],"_links":{"self":[{"href":"http:\/\/www.lecarrefourdesopinions.ca\/index.php?rest_route=\/wp\/v2\/posts\/5462","targetHints":{"allow":["GET"]}}],"collection":[{"href":"http:\/\/www.lecarrefourdesopinions.ca\/index.php?rest_route=\/wp\/v2\/posts"}],"about":[{"href":"http:\/\/www.lecarrefourdesopinions.ca\/index.php?rest_route=\/wp\/v2\/types\/post"}],"author":[{"embeddable":true,"href":"http:\/\/www.lecarrefourdesopinions.ca\/index.php?rest_route=\/wp\/v2\/users\/1"}],"replies":[{"embeddable":true,"href":"http:\/\/www.lecarrefourdesopinions.ca\/index.php?rest_route=%2Fwp%2Fv2%2Fcomments&post=5462"}],"version-history":[{"count":1,"href":"http:\/\/www.lecarrefourdesopinions.ca\/index.php?rest_route=\/wp\/v2\/posts\/5462\/revisions"}],"predecessor-version":[{"id":5464,"href":"http:\/\/www.lecarrefourdesopinions.ca\/index.php?rest_route=\/wp\/v2\/posts\/5462\/revisions\/5464"}],"wp:attachment":[{"href":"http:\/\/www.lecarrefourdesopinions.ca\/index.php?rest_route=%2Fwp%2Fv2%2Fmedia&parent=5462"}],"wp:term":[{"taxonomy":"category","embeddable":true,"href":"http:\/\/www.lecarrefourdesopinions.ca\/index.php?rest_route=%2Fwp%2Fv2%2Fcategories&post=5462"},{"taxonomy":"post_tag","embeddable":true,"href":"http:\/\/www.lecarrefourdesopinions.ca\/index.php?rest_route=%2Fwp%2Fv2%2Ftags&post=5462"}],"curies":[{"name":"wp","href":"https:\/\/api.w.org\/{rel}","templated":true}]}}