{"id":5457,"date":"2011-05-04T12:00:41","date_gmt":"2011-05-04T16:00:41","guid":{"rendered":"http:\/\/www.lecarrefourdesopinions.ca\/?p=5457"},"modified":"2011-05-04T12:00:41","modified_gmt":"2011-05-04T16:00:41","slug":"gloire-a-caesar","status":"publish","type":"post","link":"http:\/\/www.lecarrefourdesopinions.ca\/?p=5457","title":{"rendered":"Gloire \u00e0 CAESAR!"},"content":{"rendered":"<p><span style=\"color: #3366ff;\"><strong>Gloire \u00e0 CAESAR!<\/strong><\/span><\/p>\n<p><img loading=\"lazy\" decoding=\"async\" class=\"alignleft size-thumbnail wp-image-5458\" title=\"photo \u00c9ric Nogard\" src=\"http:\/\/www.lecarrefourdesopinions.ca\/wp-content\/uploads\/2011\/04\/photo-\u00c9ric-Nogard5-134x107.jpg\" alt=\"\" width=\"134\" height=\"107\" \/> <em><span style=\"color: #800000;\"> Par Eric E.G. NOGARD<\/span><\/em><\/p>\n<p>&nbsp;<\/p>\n<p>Un \u00ab\u00a0Gloire \u00e0 C\u00e9sar\u00a0\u00bb qui sonne comme un \u00ab\u00a0High Hitler\u00a0\u00bb.<\/p>\n<p>Un Gloire \u00e0 Caesar plein de conviction, de Foi et d\u2019Ostentation pour Cr\u00e9er le Climat.<\/p>\n<p>Un Gloire \u00e0 Caesar refus\u00e9 par les autres qui savent ce qu\u2019Aduler veut dire et ce qu\u2019il en Co\u00fbte.<\/p>\n<p>C\u2019est que, m\u00eame la r\u00e9alit\u00e9 du B\u00fbcher n\u2019a pas toujours su Convaincre ni Forcer.<\/p>\n<p>&nbsp;<\/p>\n<p>En fait, de quoi s\u2019agit-il, \u00e9tant bien pr\u00e9cis\u00e9 qu\u2019il ne s\u2019agit en rien d\u2019une Personne EN SOI, mais d\u2019un ph\u00e9nom\u00e8ne qui consiste au Culte de l\u2019Individu entrepris d\u00e8s l\u2019Enfance de la  Fa\u00e7on la plus Inconsid\u00e9r\u00e9e comme ce fut d\u00e9j\u00e0 le cas\u00a0: Hitler \u2013 Staline \u2013 Duvalier \u2013Castro\u2026 l\u2019Enfer au bout du Compte et puis CESAIRE\u2026 \u00c7a recommence\u00a0!<\/p>\n<p>&nbsp;<\/p>\n<p>\u00c7a recommence apr\u00e8s qu\u2019on ait si souvent dit \u00ab\u00a0Plus jamais \u00e7a\u00a0\u00bb.<\/p>\n<p>&nbsp;<\/p>\n<p>Que son nom figure au Panth\u00e9on Fran\u00e7ais pourquoi pas\u00a0: toutes les choses de la vie sont-elles \u00e0 port\u00e9e de toutes les compr\u00e9hensions.<\/p>\n<p>Sans compter qu\u2019ici-bas, quoi qu\u2019on puisse consid\u00e9rer, il y a ceux qui aiment \u2013 c\u2019est bien leur droit \u2013 et ceux qui n\u2019aiment pas, et cela pourquoi pas.<\/p>\n<p>&nbsp;<\/p>\n<p>N\u2019est-ce pas assez dire que nous n\u2019aimons pas, non pas Aim\u00e9 C\u00e9saire en soi, mais la C\u00e9sairite aigu\u00eb qui en est faite, quoi que peu nous importe qu\u2019on la fasse\u00a0: nous comptons pour si peu, mais, n\u2019en est-il pas autrement \u00ab\u00a0des Jeunes qui viennent\u00a0\u00bb.<\/p>\n<p>&nbsp;<\/p>\n<p>Que le Cul-Terreux aime la glaise, n\u2019est-ce pas son affaire\u2026 son Plein Droit.<\/p>\n<p>Mais qu\u2019on astreigne et condamne l\u2019autre, d\u00e8s son enfance, \u00e0 s\u2019y soumettre\u2026 Pouah.<\/p>\n<p>&nbsp;<\/p>\n<p>Nous n\u2019aimons pas l\u2019astreinte qui est faite, d\u00e8s les bancs de l\u2019Ecole, \u00e0 Idol\u00e2trer quoi que ce soit, ni qui que ce soit, c\u2019est une affaire d\u2019\u00e9thique.<\/p>\n<p>Certains Terrains devant demeurer, et Neutres et Vierges jusqu\u2019aux \u00e9tudes secondaires avanc\u00e9es, les exploiter avant nous semble pr\u00e9matur\u00e9, relever d\u2019un pernicieux conditionnement.<\/p>\n<p>&nbsp;<\/p>\n<p>Car quoi, en quoi CESAIRE s\u2019est-il jamais r\u00e9v\u00e9l\u00e9 Plus qu\u2019un autre.<\/p>\n<p>&nbsp;<\/p>\n<p>Certes, bon \u00e9l\u00e8ve il le fut, mais tant d\u2019autres le furent aussi, tant avant, tant apr\u00e8s\u00a0: notre grand\u2019 homme aurait-il \u00e9t\u00e9 un SURDOUE\u00a0?<\/p>\n<p>&nbsp;<\/p>\n<p>Il fut bon Etudiant, mais pas tellement que \u00e7a, il rata sa sortie d\u2019E.N. Sup.<\/p>\n<p>Il fut Grand Ecrivain, mais pour qui\u00a0? Prend-on tellement que \u00e7a plaisir \u00e0 le lire.<\/p>\n<p>&nbsp;<\/p>\n<p>Admettons qu\u2019il f\u00fbt un Patriote. Quel Ennemi vainquit-il et quels furent ses vaincus.<\/p>\n<p>Aurait-il \u00ab\u00a0bout\u00e9\u00a0\u00bb quiconque hors de Martinique ou vaincu une quelconque Armada.<\/p>\n<p>Fut-il notre Garibaldi, la  Martinique se serait-elle faite d\u2019elle-m\u00eame\u00a0?<\/p>\n<p>&nbsp;<\/p>\n<p>Sa Plume Fran\u00e7aise fit beaucoup pour lui, et que ne doit-il pas \u00e0 sa peau de Sang M\u00eal\u00e9\u00a0: s\u2019il donna (et il le fit certainement), que ne re\u00e7ut-il pas en Retour.<\/p>\n<p>&nbsp;<\/p>\n<p>Admettons qu\u2019il fut un bon Administrateur\u00a0: F\u00fbt-il Roi, qu\u2019e\u00fbt-il pu faire sans la D\u00e9partementalisation, ce Protectorat Fran\u00e7ais porteur d\u2019Emplois dans tous les domaines\u00a0: que soient prises \u00e0 t\u00e9moin les G\u00e9n\u00e9rations d\u2019avant 1945.<\/p>\n<p>&nbsp;<\/p>\n<p>Sans la  D\u00e9partementalisation, qui fit sur nous tomber des SOUS comme s\u2019il en Pleuvait, qui ouvrit des Emplois \u00ab\u00a0en veux-tu, en voil\u00e0\u00a0\u00bb.<\/p>\n<p>&nbsp;<\/p>\n<p>Qu\u2019aurait fait CESAIRE de mieux que LETCHIMY en cette P\u00e9riode de Crise et de D\u00e9linquance\u00a0: LETCHIMY fit de Fort-de-France une BELLE VILLE quand ceux qui pr\u00e9tendent aimer CESAIRE la salissent la vandalisent \u00ab\u00a0de leur mieux\u00a0\u00bb\u00a0!<\/p>\n<p>&nbsp;<\/p>\n<p>Admettons qu\u2019il sut Ecrire, car il faut l\u2019admettre, il ma\u00eetrisa l\u2019Ecriture Fran\u00e7aise\u2026<\/p>\n<p>Mais aima-t-il la Martinique plus que ne l\u2019a aim\u00e9e ou plus que ne l\u2019aime tout autre Martiniquais Authentique.<\/p>\n<p>&nbsp;<\/p>\n<p>Peut-\u00eatre Aim\u00e9 CESAIRE fut-il de l\u2019Ecole d\u2019Andr\u00e9 BRETON, un SURREALISTE.<\/p>\n<p>Or, de nos Performances Litt\u00e9raires au Surr\u00e9alisme, la Route est encore longue\u2026 R\u00e9barbative.<\/p>\n<p>&nbsp;<\/p>\n<p>S\u2019agissant de la Dignit\u00e9, que le Martiniquais qui doit la sienne \u00e0 C\u00e9saire \u00ab\u00a0l\u00e8ve le doigt\u00a0\u00bb et il lui sera dit \u00ab\u00a0c\u2019est fort bien, voire tant mieux\u00a0\u00bb.<\/p>\n<p>&nbsp;<\/p>\n<p>En revanche, nous ne pensons pas que la Martinique doive \u00e0 C\u00e9saire plus que C\u00e9saire ne lui doit.<\/p>\n<p>Dans quelque Domaine que ce soit, chacun faisant de son mieux pour son Pays.<\/p>\n<p>&nbsp;<\/p>\n<p>Admettons donc avant de Clore, qu\u2019il y a Grand Danger \u00e0 laver les Cerveaux, depuis les bancs de l\u2019Ecole, d\u2019une Idol\u00e2trie dont les arri\u00e8res pens\u00e9s semblent se lire en filigrane et autoriser \u00e0 redouter le Pire.<\/p>\n<p>&nbsp;<\/p>\n<p>Le propre de l\u2019Adulateur est de faire le lit de la Dictature\u2026 de l\u2019Enfer\u2026 donc en GARDE.<\/p>\n<p><img loading=\"lazy\" decoding=\"async\" class=\"alignleft size-large wp-image-5459\" title=\"Accompagner un enfant\" src=\"http:\/\/www.lecarrefourdesopinions.ca\/wp-content\/uploads\/2011\/04\/Accompagner-un-enfant2-704x1023.jpg\" alt=\"\" width=\"450\" height=\"653\" srcset=\"http:\/\/www.lecarrefourdesopinions.ca\/wp-content\/uploads\/2011\/04\/Accompagner-un-enfant2-704x1023.jpg 704w, http:\/\/www.lecarrefourdesopinions.ca\/wp-content\/uploads\/2011\/04\/Accompagner-un-enfant2-206x300.jpg 206w, http:\/\/www.lecarrefourdesopinions.ca\/wp-content\/uploads\/2011\/04\/Accompagner-un-enfant2-400x581.jpg 400w, http:\/\/www.lecarrefourdesopinions.ca\/wp-content\/uploads\/2011\/04\/Accompagner-un-enfant2.jpg 1774w\" sizes=\"auto, (max-width: 450px) 100vw, 450px\" \/><\/p>\n<p>&nbsp;<\/p>\n<p>&nbsp;<\/p>\n<p>&nbsp;<\/p>\n<script type=\"text\/javascript\">\n\nvar addthis_config = {\"data_track_clickback\":false,\"data_track_addressbar\":false,\"data_track_textcopy\":false};\n<\/script><script type=\"text\/javascript\" src=\"\/\/s7.addthis.com\/js\/250\/addthis_widget.js#pubid=a457a6d63fb9e6ccabdde4110343bd85\"><\/script>","protected":false},"excerpt":{"rendered":"<p><span style=\"color: #3366ff;\">Gloire \u00e0 CAESAR!<\/span><\/p>\n<p> <span style=\"color: #800000;\"> Par Eric E.G. NOGARD<\/span><\/p>\n<p>&nbsp;<\/p>\n<p>Un \u00ab\u00a0Gloire \u00e0 C\u00e9sar\u00a0\u00bb qui sonne comme un \u00ab\u00a0High Hitler\u00a0\u00bb.<\/p>\n<p>Un Gloire \u00e0 Caesar plein de conviction, de Foi et d\u2019Ostentation pour Cr\u00e9er le Climat.&hellip;<\/p>\n","protected":false},"author":1,"featured_media":0,"comment_status":"open","ping_status":"open","sticky":false,"template":"","format":"standard","meta":{"footnotes":""},"categories":[1],"tags":[],"class_list":["post-5457","post","type-post","status-publish","format-standard","hentry","category-accueil"],"_links":{"self":[{"href":"http:\/\/www.lecarrefourdesopinions.ca\/index.php?rest_route=\/wp\/v2\/posts\/5457","targetHints":{"allow":["GET"]}}],"collection":[{"href":"http:\/\/www.lecarrefourdesopinions.ca\/index.php?rest_route=\/wp\/v2\/posts"}],"about":[{"href":"http:\/\/www.lecarrefourdesopinions.ca\/index.php?rest_route=\/wp\/v2\/types\/post"}],"author":[{"embeddable":true,"href":"http:\/\/www.lecarrefourdesopinions.ca\/index.php?rest_route=\/wp\/v2\/users\/1"}],"replies":[{"embeddable":true,"href":"http:\/\/www.lecarrefourdesopinions.ca\/index.php?rest_route=%2Fwp%2Fv2%2Fcomments&post=5457"}],"version-history":[{"count":2,"href":"http:\/\/www.lecarrefourdesopinions.ca\/index.php?rest_route=\/wp\/v2\/posts\/5457\/revisions"}],"predecessor-version":[{"id":5619,"href":"http:\/\/www.lecarrefourdesopinions.ca\/index.php?rest_route=\/wp\/v2\/posts\/5457\/revisions\/5619"}],"wp:attachment":[{"href":"http:\/\/www.lecarrefourdesopinions.ca\/index.php?rest_route=%2Fwp%2Fv2%2Fmedia&parent=5457"}],"wp:term":[{"taxonomy":"category","embeddable":true,"href":"http:\/\/www.lecarrefourdesopinions.ca\/index.php?rest_route=%2Fwp%2Fv2%2Fcategories&post=5457"},{"taxonomy":"post_tag","embeddable":true,"href":"http:\/\/www.lecarrefourdesopinions.ca\/index.php?rest_route=%2Fwp%2Fv2%2Ftags&post=5457"}],"curies":[{"name":"wp","href":"https:\/\/api.w.org\/{rel}","templated":true}]}}